{"id":350,"date":"2021-01-30T02:37:27","date_gmt":"2021-01-30T02:37:27","guid":{"rendered":"http:\/\/nuevacordoba.net\/index.php\/2021\/01\/30\/formosa-diputados-de-juntos-por-el-cambio-confirmaron-que-visitaran-la-provincia\/"},"modified":"2021-01-30T02:37:27","modified_gmt":"2021-01-30T02:37:27","slug":"formosa-diputados-de-juntos-por-el-cambio-confirmaron-que-visitaran-la-provincia","status":"publish","type":"post","link":"http:\/\/nuevacordoba.net\/index.php\/2021\/01\/30\/formosa-diputados-de-juntos-por-el-cambio-confirmaron-que-visitaran-la-provincia\/","title":{"rendered":"Formosa: diputados de Juntos por el Cambio confirmaron que visitar\u00e1n la provincia"},"content":{"rendered":"<div><img src=\"http:\/\/nuevacordoba.net\/wp-content\/uploads\/2021\/01\/formosa-diputados-de-juntos-por-el-cambio-confirmaron-que-visitaran-la-provincia.jpg\" class=\"ff-og-image-inserted\"><\/div>\n<p>El interbloque de Diputados de <a href=\"https:\/\/www.lavoz.com.ar\/temas\/juntos-por-cambio\" target=\"_blank\" rel=\"noopener\">Juntos por el Cambio<\/a> anunci\u00f3 este viernes que un grupo de legisladores visitar\u00e1 la provincia de <a href=\"https:\/\/www.lavoz.com.ar\/lugares\/formosa\" target=\"_blank\" rel=\"noopener\">Formosa<\/a> la semana que viene \u00abpara constatar las violaciones a los derechos humanos que comete el gobierno provincial que lidera Gildo Insfr\u00e1n\u00bb.&nbsp;<\/p>\n<p>Seg\u00fan detallaron en un comunicado, buscar\u00e1n \u00abrecibir testimonios de primera mano de personas que estuvieron aisladas en los centros de aislamiento de la provincia, as\u00ed como de otros referentes sociales y periodistas\u00bb que denunciaron graves fallas en la gesti\u00f3n sanitaria del gobierno provincial.&nbsp;<\/p>\n<p>\u201cVarios ministros y otros funcionarios nacionales viajaron a Formosa en las \u00faltimas semanas. Los diputados nacionales, que adem\u00e1s tenemos fueros, ejerceremos nuestro derecho de circular por el pa\u00eds exhibiendo los hisopados negativos y manteniendo los cuidados necesarios tanto para nosotros como para las personas que visitemos\u201d, aclararon.<\/p>\n<p>Por otra parte, sostuvieron que \u201cprevio a la visita a Formosa del Secretario de Derechos Humanos, Horacio Pietragalla, muchas personas fueron dadas de alta y se reacondicionaron los centros de aislamiento, se prepar\u00f3 un escenario. Adem\u00e1s, ning\u00fan funcionario nacional se entrevist\u00f3 con las personas que se animaron a denunciar las violaciones a los derechos humanos acaecidas en los centros de aislamientos y cuyos testimonios ya fueron presentados por Juntos por el Cambio a distintos organismos internacionales de Derechos Humanos\u201d.<\/p>\n<p>De acuerdo con los diputados, el hacer p\u00fablica la situaci\u00f3n de Formosa a nivel nacional \u00abcontribuy\u00f3 a mejorar la situaci\u00f3n de decenas de formose\u00f1os, as\u00ed como hace unos meses las intervenciones de los legisladores permitieron que muchos formose\u00f1os varados en la ruta pudieran entrar a su provincia\u00bb.<\/p>\n<p>Por \u00faltimo, afirmaron que seguir\u00e1n \u00abdenunciando y trabajando para que la Constituci\u00f3n Nacional sea respetada en todo el pa\u00eds. Nadie tiene coronita para violar nuestra Carta Magna\u201d.<\/p>\n<div class=\"ctaNewsNotaContainer\" readability=\"6.5\">\n<div class=\"newsletterTextContainer\" readability=\"33\">\n<p> S\u00cdNTESIS POL\u00cdTICA<\/p>\n<p> Informaci\u00f3n exclusiva y el mejor an\u00e1lisis, los lunes en tu correo.<\/p>\n<form method=\"post\" action-xhr=\"https:\/\/www.lavoz.com.ar\/newsletters\/sintesis-politica\/signup\" id=\"newsletter-signup\" class=\"newsletterForm\" target=\"_blank\" custom-validation-reporting=\"as-you-go\" on=\"submit:AMP.setState({formLoading:true});submit-success:AMP.setState({formSuccess:true})\">\n<div submit-success class=\"is-paddingless-l\" readability=\"6\"> <template type=\"amp-mustache\" readability=\"2\"><\/p>\n<p> <strong>\u00a1Gracias por suscribirte!<\/strong><\/p>\n<p> <\/template><\/div>\n<div submit-error class=\"is-paddingless-l\" readability=\"6.5\"> <template type=\"amp-mustache\" readability=\"3\"><\/p>\n<p> <strong>Ha ocurrido un error, por favor intente nuevamente m\u00e1s tarde.<\/strong><\/p>\n<p> <\/template><\/div>\n<\/form>\n<\/div>\n<\/div>\n<div>\n<p> <span>Publicidad<\/span> <\/p>\n<\/div>\n","protected":false},"excerpt":{"rendered":"<p>El interbloque de Diputados de Juntos por el Cambio anunci\u00f3 este viernes que un grupo de legisladores visitar\u00e1 la provincia de Formosa la semana que viene \u00abpara constatar las violaciones a los derechos humanos que comete el gobierno provincial que lidera Gildo Insfr\u00e1n\u00bb.&nbsp; Seg\u00fan detallaron en un comunicado, buscar\u00e1n \u00abrecibir testimonios de primera mano de [&hellip;]<\/p>\n","protected":false},"author":1,"featured_media":351,"comment_status":"closed","ping_status":"closed","sticky":false,"template":"","format":"standard","meta":[],"categories":[12],"tags":[],"_links":{"self":[{"href":"http:\/\/nuevacordoba.net\/index.php\/wp-json\/wp\/v2\/posts\/350"}],"collection":[{"href":"http:\/\/nuevacordoba.net\/index.php\/wp-json\/wp\/v2\/posts"}],"about":[{"href":"http:\/\/nuevacordoba.net\/index.php\/wp-json\/wp\/v2\/types\/post"}],"author":[{"embeddable":true,"href":"http:\/\/nuevacordoba.net\/index.php\/wp-json\/wp\/v2\/users\/1"}],"replies":[{"embeddable":true,"href":"http:\/\/nuevacordoba.net\/index.php\/wp-json\/wp\/v2\/comments?post=350"}],"version-history":[{"count":0,"href":"http:\/\/nuevacordoba.net\/index.php\/wp-json\/wp\/v2\/posts\/350\/revisions"}],"wp:featuredmedia":[{"embeddable":true,"href":"http:\/\/nuevacordoba.net\/index.php\/wp-json\/wp\/v2\/media\/351"}],"wp:attachment":[{"href":"http:\/\/nuevacordoba.net\/index.php\/wp-json\/wp\/v2\/media?parent=350"}],"wp:term":[{"taxonomy":"category","embeddable":true,"href":"http:\/\/nuevacordoba.net\/index.php\/wp-json\/wp\/v2\/categories?post=350"},{"taxonomy":"post_tag","embeddable":true,"href":"http:\/\/nuevacordoba.net\/index.php\/wp-json\/wp\/v2\/tags?post=350"}],"curies":[{"name":"wp","href":"https:\/\/api.w.org\/{rel}","templated":true}]}}