{"id":35000,"date":"2023-08-01T18:40:56","date_gmt":"2023-08-01T18:40:56","guid":{"rendered":"http:\/\/nuevacordoba.net\/index.php\/2023\/08\/01\/con-rumores-de-una-visita-a-sudamerica-paul-mccartney-retoma-su-gira-por-australia\/"},"modified":"2023-08-01T18:40:56","modified_gmt":"2023-08-01T18:40:56","slug":"con-rumores-de-una-visita-a-sudamerica-paul-mccartney-retoma-su-gira-por-australia","status":"publish","type":"post","link":"http:\/\/nuevacordoba.net\/index.php\/2023\/08\/01\/con-rumores-de-una-visita-a-sudamerica-paul-mccartney-retoma-su-gira-por-australia\/","title":{"rendered":"Con rumores de una visita a Sudam\u00e9rica, Paul McCartney retoma su gira por Australia"},"content":{"rendered":"<figure class=\"mb-3\"><img loading=\"lazy\" data-src=\"http:\/\/nuevacordoba.net\/wp-content\/uploads\/2023\/08\/con-rumores-de-una-visita-a-sudamerica-paul-mccartney-retoma-su-gira-por-australia.jpg\" src=\"https:\/\/www.telam.com.ar\/assets\/img\/not_image.png\" class=\" lazy \" width=\"100%\" height=\"100%\" alt=\"McCartney contina su gira en Australia Foto archivo\"><figcaption> McCartney contin\u00faa su gira en Australia. \/ Foto: archivo. <\/figcaption><\/figure>\n<p>La leyenda de la m\u00fasica contempor\u00e1nea <strong>Paul McCartney anunci\u00f3 la reanudaci\u00f3n de su gira \u00abGot Back\u00bb<\/strong> con seis fechas en Australia previstas entre octubre y noviembre pr\u00f3ximos, lo cual aliment\u00f3 los fuertes rumores de una nueva visita a Sudam\u00e9rica, que eventualmente lo traer\u00eda por quinta vez a Buenos Aires.<\/p>\n<p>El eterno exbeatle actuar\u00e1 el 18 de octubre en Adelaide, el 21 en Melbourne, el 24 en Newcastle, el 27 en Sydney, el 1 de noviembre en Brisbane y el 4 en Gold Coast.<\/p>\n<p><strong>Se trata de la continuidad del tour <\/strong>que entre mayo y junio de este a\u00f1o acumul\u00f3 16 shows en Estados Unidos y dos en el Reino Unido.<\/p>\n<p>De esta manera, McCartney regres\u00f3 a los escenarios tras el parate obligado por la pandemia de coronavirus, en momentos en que ten\u00eda agendadas varias presentaciones. En ese lapso, aprovech\u00f3 para lanzar \u00abMcCartney III\u00bb, una producci\u00f3n en la que una vez m\u00e1s se hizo cargo de todos los instrumentos.<\/p>\n<blockquote class=\"instagram-media\" data-instgrm-permalink=\"https:\/\/www.instagram.com\/reel\/CvX9_NRomcm\/?utm_source=ig_embed&amp;utm_campaign=loading\" data-instgrm-version=\"14\" readability=\"-0.21649484536082\"><\/blockquote>\n<p>Al igual que como <strong>viene ocurriendo desde hace alrededor de 20 a\u00f1os,<\/strong> el m\u00fasico est\u00e1 acompa\u00f1ado en estos conciertos por los guitarristas Brian Ray y Rusty Anderson, el tecladista Paul \u00abWix\u00bb Wickens y el baterista Abe Laboriel Jr.<\/p>\n<p>Lo cierto es que esta etapa del tour anunciada en las redes sociales del artista alimentan con fuerza los rumores de una nueva visita del exbeatle a Am\u00e9rica del Sur, lo que lo depositar\u00eda por quinta vez en la Argentina.<\/p>\n<p>Su <strong>\u00faltimo concierto en nuestro pa\u00eds lo realiz\u00f3 el 23 de marzo de 2019<\/strong> en el Campo Argentino de Polo. Anteriormente se hab\u00eda presentado en 1993 y 2011 en River, y en 2016 en el Estadio de La Plata.<\/p>\n","protected":false},"excerpt":{"rendered":"<p>McCartney contin\u00faa su gira en Australia. \/ Foto: archivo. La leyenda de la m\u00fasica contempor\u00e1nea Paul McCartney anunci\u00f3 la reanudaci\u00f3n de su gira \u00abGot Back\u00bb con seis fechas en Australia previstas entre octubre y noviembre pr\u00f3ximos, lo cual aliment\u00f3 los fuertes rumores de una nueva visita a Sudam\u00e9rica, que eventualmente lo traer\u00eda por quinta vez [&hellip;]<\/p>\n","protected":false},"author":1,"featured_media":35001,"comment_status":"closed","ping_status":"closed","sticky":false,"template":"","format":"standard","meta":[],"categories":[9],"tags":[],"_links":{"self":[{"href":"http:\/\/nuevacordoba.net\/index.php\/wp-json\/wp\/v2\/posts\/35000"}],"collection":[{"href":"http:\/\/nuevacordoba.net\/index.php\/wp-json\/wp\/v2\/posts"}],"about":[{"href":"http:\/\/nuevacordoba.net\/index.php\/wp-json\/wp\/v2\/types\/post"}],"author":[{"embeddable":true,"href":"http:\/\/nuevacordoba.net\/index.php\/wp-json\/wp\/v2\/users\/1"}],"replies":[{"embeddable":true,"href":"http:\/\/nuevacordoba.net\/index.php\/wp-json\/wp\/v2\/comments?post=35000"}],"version-history":[{"count":0,"href":"http:\/\/nuevacordoba.net\/index.php\/wp-json\/wp\/v2\/posts\/35000\/revisions"}],"wp:featuredmedia":[{"embeddable":true,"href":"http:\/\/nuevacordoba.net\/index.php\/wp-json\/wp\/v2\/media\/35001"}],"wp:attachment":[{"href":"http:\/\/nuevacordoba.net\/index.php\/wp-json\/wp\/v2\/media?parent=35000"}],"wp:term":[{"taxonomy":"category","embeddable":true,"href":"http:\/\/nuevacordoba.net\/index.php\/wp-json\/wp\/v2\/categories?post=35000"},{"taxonomy":"post_tag","embeddable":true,"href":"http:\/\/nuevacordoba.net\/index.php\/wp-json\/wp\/v2\/tags?post=35000"}],"curies":[{"name":"wp","href":"https:\/\/api.w.org\/{rel}","templated":true}]}}