{"id":35006,"date":"2023-08-01T23:32:17","date_gmt":"2023-08-01T23:32:17","guid":{"rendered":"http:\/\/nuevacordoba.net\/index.php\/2023\/08\/01\/argentinos-le-gana-a-fluminense-en-la-ida-por-los-octavos-de-final\/"},"modified":"2023-08-01T23:32:17","modified_gmt":"2023-08-01T23:32:17","slug":"argentinos-le-gana-a-fluminense-en-la-ida-por-los-octavos-de-final","status":"publish","type":"post","link":"http:\/\/nuevacordoba.net\/index.php\/2023\/08\/01\/argentinos-le-gana-a-fluminense-en-la-ida-por-los-octavos-de-final\/","title":{"rendered":"Argentinos le gana a Fluminense en la ida por los octavos de final"},"content":{"rendered":"<p><head> <meta charset=\"UTF-8\"> <meta http-equiv=\"X-UA-Compatible\" content=\"IE=edge\"> <meta name=\"viewport\" content=\"width=device-width, initial-scale=1.0\"> <link rel=\"preconnect\" href=\"https:\/\/fonts.gstatic.com\"> <link href=\"https:\/\/fonts.googleapis.com\/css2?family=Montserrat:ital,wght@0,100;0,400;0,500;0,600;0,700;0,800;0,900;1,400&amp;display=swap\" rel=\"stylesheet\"> <title>Argentinos le gana a Fluminense en la ida por los octavos de final<\/title> <link rel=\"canonical\" href=\"https:\/\/www.telam.com.ar\/notas\/202308\/635667-futbol-copa-libertadores-argentinos-juniors-fluminense-brasil-milito-silva.html\"> <meta http-equiv=\"Content-Type\" content=\"text\/html; charset=UTF-8\"> <meta http-equiv=\"Content-Language\" content=\"es\"> <meta http-equiv=\"Cache-Control\" content=\"no-cache, no-store, must-revalidate\"> <meta http-equiv=\"Pragma\" content=\"no-cache\"> <meta http-equiv=\"Expires\" content=\"0\"> <meta name=\"LANGUAGE\" content=\"es\"> <meta name=\"robots\" content=\"all\"> <meta name=\"application-name\" content=\"Telam SE\"> <meta name=\"description\" content=\"El Bicho vence 1-0 al equipo de Brasil en el estadio Diego Armando Maradona, en uno de los choques de la segunda fase del torneo continental de clubes m\u00e1s importantes, Gabriel Avalos anot\u00f3 el tanto local.\"> <meta name=\"author\" content=\"T\u00c9LAM\"> <meta name=\"copyright\" content=\"T\u00c9LAM SE\"> <meta property=\"og:url\" content=\"https:\/\/www.telam.com.ar\/notas\/202308\/635667-futbol-copa-libertadores-argentinos-juniors-fluminense-brasil-milito-silva.html\"> <meta property=\"og:type\" content=\"website\"> <meta property=\"og:title\" content=\"Argentinos le gana a Fluminense en la ida por los octavos de final\"> <meta property=\"og:description\" content=\"El Bicho vence 1-0 al equipo de Brasil en el estadio Diego Armando Maradona, en uno de los choques de la segunda fase del torneo continental de clubes m\u00e1s importantes, Gabriel Avalos anot\u00f3 el tanto local.\"> <meta property=\"og:image\" content=\"https:\/\/www.telam.com.ar\/thumbs\/bluesteel\/advf\/imagenes\/2023\/08\/64c98779e1d25_450.jpg\"> <meta property=\"fb:app_id\" content=\"140586622674265\"> <meta property=\"fb:admins\" content> <meta property=\"fb:page_id\" content> <meta property=\"fb:pages\" content=\"161243707242002\"> <meta name=\"twitter:card\" content=\"summary_large_image\"> <meta name=\"twitter:site\" content=\"@agenciatelam\"> <meta name=\"twitter:creator\" content=\"@agenciatelam\"> <meta name=\"twitter:image\" content=\"https:\/\/www.telam.com.ar\/thumbs\/bluesteel\/advf\/imagenes\/2023\/08\/64c98779e1d25_450.jpg\"> <meta http-equiv=\"X-UA-Compatible\" content=\"IE=edge\"> <meta name=\"viewport\" content=\"width=device-width, initial-scale=1\"> <meta name=\"theme-color\" content=\"#03469d\"> <meta name=\"msapplication-navbutton-color\" content=\"#03469d\"> <meta name=\"apple-mobile-web-app-status-bar-style\" content=\"black-translucent\"> <meta name=\"apple-mobile-web-app-capable\" content=\"yes\"> <link rel=\"icon\" href=\"https:\/\/www.telam.com.ar\/assets\/skins\/bluesteel\/img\/favicon.ico\" type=\"image\/x-icon\"> <meta name=\"MobileOptimized\" content=\"width\"> <meta name=\"HandheldFriendly\" content=\"true\"> <meta name=\"X-TRACKING-TOKEN\" content=\"14e932b3f7d1acdad7a6f9296ea019ed6a999386\"> <meta name=\"facebook-domain-verification\" content=\"i5urmb48utwl55zru2obz048cgjo9r\"> <meta name=\"X-CSRF-TOKEN\" content=\"ff3a36b165ef3e940336a8013ce597f7\"> <link href=\"https:\/\/www.telam.com.ar\/ccss\/6f483083e246a1e34234640b8c488fde.css?r=1690929848\" rel=\"stylesheet\" type=\"text\/css\"> <\/head><body class=\"body_note\" id=\"readabilityBody\"> <\/p>\n<div class=\"wrapper-sections\">\n<section id=\"_c4kw0vqy6\" c telam_original=\"_c4kw0vqy6\" telam_content=\"true\" class=\"sec_c4kw0vqy6_ext\">\n<div class=\"container-xl sec_c4kw0vqy6_int\">\n<div class=\"t-blk fix-row-overlay row\">\n<div class=\"col-md-8\">\n<div class=\"row \">\n<div class=\"content_section wrapper-sections py-3\">\n<article class=\"note-content\">\n<div class=\"wrapper-editable-content\">\n<div class=\"wrapper-info-note\">\n<div class=\"col-md-12\">\n<div class=\"wrapper-author-social\">\n<div class=\"author-box mb-4\">\n<div class=\"image\"> <img loading=\"lazy\" src=\"http:\/\/nuevacordoba.net\/wp-content\/uploads\/2023\/08\/argentinos-le-gana-a-fluminense-en-la-ida-por-los-octavos-de-final.png\" width=\"450\" height=\"100%\" alt=\"Telam SE\"> <\/div>\n<div class=\"info\">\n<p>01-08-2023 | 19:43<\/p>\n<\/p><\/div><\/div><\/div><\/div><\/div>\n<div>\n<div class=\"wrapper-editable-content\">\n<div>\n<div class=\"container-md\">\n<div class=\"row\">\n<div class=\"col-md-12 speak\">\n<div class=\"paragraph\">\n<figure class=\"mb-3\"><img loading=\"lazy\" data-src=\"http:\/\/nuevacordoba.net\/wp-content\/uploads\/2023\/08\/argentinos-le-gana-a-fluminense-en-la-ida-por-los-octavos-de-final.jpg\" src=\"http:\/\/nuevacordoba.net\/wp-content\/uploads\/2023\/08\/argentinos-le-gana-a-fluminense-en-la-ida-por-los-octavos-de-final.png\" class=\" lazy \" width=\"100%\" height=\"100%\" alt=\"Foto Maximiliano Luna \"><figcaption> Foto: Maximiliano Luna <\/figcaption><\/figure>\n<figure class=\"mb-3\"><img loading=\"lazy\" data-src=\"http:\/\/nuevacordoba.net\/wp-content\/uploads\/2023\/08\/argentinos-le-gana-a-fluminense-en-la-ida-por-los-octavos-de-final-1.jpg\" src=\"http:\/\/nuevacordoba.net\/wp-content\/uploads\/2023\/08\/argentinos-le-gana-a-fluminense-en-la-ida-por-los-octavos-de-final.png\" class=\" lazy \" width=\"100%\" height=\"100%\" alt=\"Foto Maximiliano Luna\"><figcaption> Foto: Maximiliano Luna <\/figcaption><\/figure>\n<\/div><\/div><\/div><\/div><\/div><\/div><\/div>\n<\/div>\n<\/article><\/div><\/div><\/div>\n<div class=\"col-md-4\">\n<div class=\"row\">\n<div class=\"col-md-12 my-4\">\n<div>\n<h4 class=\"module-title pt-2\">Relacionadas<\/h4>\n<\/p><\/div><\/div>\n<div class=\"t-blk mostread col-md-12 pl-3 pr-3\">\n<h3 class=\"module-title\"><span>M\u00e1s le\u00eddas<\/span><\/h3>\n<\/p><\/div>\n<div class=\"t-blk html col-md-12 pl-3 pr-3\">\n<h3 class=\"module-title\"><span>Newsletter<\/span><\/h3>\n<div class=\"content\">\n<div class=\"d-flex justify-content-center\"><a href=\"https:\/\/www.telam.com.ar\/newsletter\"><img class=\"img-fluid\" src=\"http:\/\/nuevacordoba.net\/wp-content\/uploads\/2023\/08\/argentinos-le-gana-a-fluminense-en-la-ida-por-los-octavos-de-final-2.jpg\"><\/a><\/div>\n<\/div><\/div><\/div><\/div><\/div><\/div>\n<\/section>\n<section id=\"_p56ukt1hk\" c telam_original=\"_p56ukt1hk\" class=\"sec_p56ukt1hk_ext light\">\n<div class=\"container-xl sec_p56ukt1hk_int\">\n<div class=\"fix-row-overlay col-lg-12 p-0\">\n<div class=\"row\">\n<div class=\"t-blk infinite col-md-12 pl-3 pr-3\">\n<h3 class=\"module-title\"><span>Tambi\u00e9n te puede interesar<\/span><\/h3>\n<\/p><\/div><\/div><\/div><\/div>\n<\/section><\/div>\n<p> <a href=\"javascript:void();\" class=\"sto_page stp\"><i class=\"fas fa-chevron-up\"><\/i><\/a> <\/p>\n<footer> <\/footer>\n<p> <\/body> <static><\/static><\/p>\n","protected":false},"excerpt":{"rendered":"<p>Argentinos le gana a Fluminense en la ida por los octavos de final 01-08-2023 | 19:43 Foto: Maximiliano Luna Foto: Maximiliano Luna Relacionadas M\u00e1s le\u00eddas Newsletter Tambi\u00e9n te puede interesar<\/p>\n","protected":false},"author":1,"featured_media":35007,"comment_status":"closed","ping_status":"closed","sticky":false,"template":"","format":"standard","meta":[],"categories":[10],"tags":[],"_links":{"self":[{"href":"http:\/\/nuevacordoba.net\/index.php\/wp-json\/wp\/v2\/posts\/35006"}],"collection":[{"href":"http:\/\/nuevacordoba.net\/index.php\/wp-json\/wp\/v2\/posts"}],"about":[{"href":"http:\/\/nuevacordoba.net\/index.php\/wp-json\/wp\/v2\/types\/post"}],"author":[{"embeddable":true,"href":"http:\/\/nuevacordoba.net\/index.php\/wp-json\/wp\/v2\/users\/1"}],"replies":[{"embeddable":true,"href":"http:\/\/nuevacordoba.net\/index.php\/wp-json\/wp\/v2\/comments?post=35006"}],"version-history":[{"count":0,"href":"http:\/\/nuevacordoba.net\/index.php\/wp-json\/wp\/v2\/posts\/35006\/revisions"}],"wp:featuredmedia":[{"embeddable":true,"href":"http:\/\/nuevacordoba.net\/index.php\/wp-json\/wp\/v2\/media\/35007"}],"wp:attachment":[{"href":"http:\/\/nuevacordoba.net\/index.php\/wp-json\/wp\/v2\/media?parent=35006"}],"wp:term":[{"taxonomy":"category","embeddable":true,"href":"http:\/\/nuevacordoba.net\/index.php\/wp-json\/wp\/v2\/categories?post=35006"},{"taxonomy":"post_tag","embeddable":true,"href":"http:\/\/nuevacordoba.net\/index.php\/wp-json\/wp\/v2\/tags?post=35006"}],"curies":[{"name":"wp","href":"https:\/\/api.w.org\/{rel}","templated":true}]}}