{"id":35010,"date":"2023-08-01T15:17:23","date_gmt":"2023-08-01T15:17:23","guid":{"rendered":"https:\/\/www.ole.com.ar\/autos\/kevin-benavides_0_Alh1uSfXXZ.html"},"modified":"2023-08-01T15:17:23","modified_gmt":"2023-08-01T15:17:23","slug":"kevin-benavides-se-lesiono-y-se-perdera-el-desafio-de-la-ruta-40","status":"publish","type":"post","link":"http:\/\/nuevacordoba.net\/index.php\/2023\/08\/01\/kevin-benavides-se-lesiono-y-se-perdera-el-desafio-de-la-ruta-40\/","title":{"rendered":"Kevin Benavides se lesion\u00f3 y se perder\u00e1 el Desaf\u00edo de la Ruta 40"},"content":{"rendered":"<div><img src=\"http:\/\/nuevacordoba.net\/wp-content\/uploads\/2023\/08\/kevin-benavides-se-lesiono-y-se-perdera-el-desafio-de-la-ruta-40.jpg\" class=\"ff-og-image-inserted\"><\/div>\n<div readability=\"38\">\n<p><strong>Kevin Benavides<\/strong>, de Red Bull KTM Factory Racing, se est\u00e1 recuperando despu\u00e9s de someterse a una cirug\u00eda tras una lesi\u00f3n que sufri\u00f3 en la mu\u00f1eca derecha mientras se entrenaba en los Estados Unidos. El actual campe\u00f3n de Dakar estaba haciendo un circuito de prueba con el equipo el domingo 30 de julio, cuando desafortunadamente se sali\u00f3 de su KTM 450 RALLY.<\/p>\n<\/div>\n<div readability=\"37\">\n<p><strong>Benavides <\/strong>fue llevado al hospital donde se someti\u00f3 a una cirug\u00eda para reparar el hueso semilunar roto y el da\u00f1o del ligamento en la mu\u00f1eca. Si bien la cirug\u00eda sali\u00f3 bien, a\u00fan no est\u00e1 claro cu\u00e1nto tiempo estar\u00e1 fuera de acci\u00f3n el argentino. Sin embargo, Kevin se perder\u00e1 la pr\u00f3xima cuarta ronda del Campeonato Mundial FIM de Rally-Raid: el <strong>Desaf\u00edo Ruta 40<\/strong> en Argentina.<\/p>\n<\/div>\n<div readability=\"33\">\n<p>Todos en Red Bull KTM Factory Racing le deseamos a Kevin todo lo mejor para una recuperaci\u00f3n completa y r\u00e1pida.<\/p>\n<\/div>\n<div readability=\"43\">\n<p>Norbert Stadlbauer, director del equipo de rally: \u201cEste es un rev\u00e9s terrible tanto para Kevin como para todo el equipo, especialmente tan pronto despu\u00e9s de que trabaj\u00f3 incre\u00edblemente duro para volver a estar en plena forma despu\u00e9s de romperse el f\u00e9mur en febrero. Afortunadamente, parece que la cirug\u00eda de su mu\u00f1eca sali\u00f3 bien y Kevin ya est\u00e1 en camino a la recuperaci\u00f3n. Aunque, como con cualquier lesi\u00f3n, es dif\u00edcil predecir cu\u00e1ndo volveremos a ver a Kevin a bordo de su KTM 450 RALLY, el equipo, por supuesto, lo apoya al 100 por ciento y le desea una recuperaci\u00f3n r\u00e1pida y completa\u201d.<\/p>\n<\/div>\n","protected":false},"excerpt":{"rendered":"<p>Kevin Benavides, de Red Bull KTM Factory Racing, se est\u00e1 recuperando despu\u00e9s de someterse a una cirug\u00eda tras una lesi\u00f3n que sufri\u00f3 en la mu\u00f1eca derecha mientras se entrenaba en los Estados Unidos. El actual campe\u00f3n de Dakar estaba haciendo un circuito de prueba con el equipo el domingo 30 de julio, cuando desafortunadamente se [&hellip;]<\/p>\n","protected":false},"author":1,"featured_media":35011,"comment_status":"closed","ping_status":"closed","sticky":false,"template":"","format":"standard","meta":[],"categories":[10],"tags":[],"_links":{"self":[{"href":"http:\/\/nuevacordoba.net\/index.php\/wp-json\/wp\/v2\/posts\/35010"}],"collection":[{"href":"http:\/\/nuevacordoba.net\/index.php\/wp-json\/wp\/v2\/posts"}],"about":[{"href":"http:\/\/nuevacordoba.net\/index.php\/wp-json\/wp\/v2\/types\/post"}],"author":[{"embeddable":true,"href":"http:\/\/nuevacordoba.net\/index.php\/wp-json\/wp\/v2\/users\/1"}],"replies":[{"embeddable":true,"href":"http:\/\/nuevacordoba.net\/index.php\/wp-json\/wp\/v2\/comments?post=35010"}],"version-history":[{"count":0,"href":"http:\/\/nuevacordoba.net\/index.php\/wp-json\/wp\/v2\/posts\/35010\/revisions"}],"wp:featuredmedia":[{"embeddable":true,"href":"http:\/\/nuevacordoba.net\/index.php\/wp-json\/wp\/v2\/media\/35011"}],"wp:attachment":[{"href":"http:\/\/nuevacordoba.net\/index.php\/wp-json\/wp\/v2\/media?parent=35010"}],"wp:term":[{"taxonomy":"category","embeddable":true,"href":"http:\/\/nuevacordoba.net\/index.php\/wp-json\/wp\/v2\/categories?post=35010"},{"taxonomy":"post_tag","embeddable":true,"href":"http:\/\/nuevacordoba.net\/index.php\/wp-json\/wp\/v2\/tags?post=35010"}],"curies":[{"name":"wp","href":"https:\/\/api.w.org\/{rel}","templated":true}]}}