{"id":35032,"date":"2023-08-02T15:01:31","date_gmt":"2023-08-02T15:01:31","guid":{"rendered":"http:\/\/cordobanewsnet.wordpress.com\/2023\/08\/02\/la-seleccion-femenina-quedo-afuera-del-mundial\/"},"modified":"2023-08-02T15:01:31","modified_gmt":"2023-08-02T15:01:31","slug":"la-seleccion-femenina-quedo-afuera-del-mundial","status":"publish","type":"post","link":"http:\/\/nuevacordoba.net\/index.php\/2023\/08\/02\/la-seleccion-femenina-quedo-afuera-del-mundial\/","title":{"rendered":"La Selecci\u00f3n Femenina qued\u00f3 afuera del Mundial"},"content":{"rendered":"<p><!-- \/featured-media --> <\/p>\n<div class=\"post-content clear\" readability=\"32.375796178344\">\n<p>La Selecci\u00f3n Argentina femenina qued\u00f3 eliminada del Mundial de F\u00fatbol Femenino 2023 en un duro 2 a 0 contra Suecia. Pero lo m\u00e1s doloroso para el plantel fue la lesi\u00f3n que sufri\u00f3 Florencia Bonsgundo durante el primer tiempo del partido.<\/p>\n<figure class=\"wp-block-image size-large\"><img data-attachment-id=\"8103\" data-permalink=\"https:\/\/cordobanewsnet.wordpress.com\/2023\/08\/02\/la-seleccion-femenina-quedo-afuera-del-mundial\/img_8653\/\" data-orig-file=\"http:\/\/nuevacordoba.net\/wp-content\/uploads\/2023\/08\/la-seleccion-femenina-quedo-afuera-del-mundial.jpg\" data-orig-size=\"791,445\" data-comments-opened=\"1\" data-image-meta=\"{&quot;aperture&quot;:&quot;0&quot;,&quot;credit&quot;:&quot;&quot;,&quot;camera&quot;:&quot;&quot;,&quot;caption&quot;:&quot;&quot;,&quot;created_timestamp&quot;:&quot;0&quot;,&quot;copyright&quot;:&quot;&quot;,&quot;focal_length&quot;:&quot;0&quot;,&quot;iso&quot;:&quot;0&quot;,&quot;shutter_speed&quot;:&quot;0&quot;,&quot;title&quot;:&quot;&quot;,&quot;orientation&quot;:&quot;1&quot;}\" data-image-title=\"img_8653\" data-image-description data-image-caption data-medium-file=\"http:\/\/nuevacordoba.net\/wp-content\/uploads\/2023\/08\/la-seleccion-femenina-quedo-afuera-del-mundial.jpg?w=300\" data-large-file=\"http:\/\/nuevacordoba.net\/wp-content\/uploads\/2023\/08\/la-seleccion-femenina-quedo-afuera-del-mundial.jpg?w=736\" src=\"http:\/\/nuevacordoba.net\/wp-content\/uploads\/2023\/08\/la-seleccion-femenina-quedo-afuera-del-mundial.jpg\" class=\"wp-image-8103\" srcset=\"http:\/\/nuevacordoba.net\/wp-content\/uploads\/2023\/08\/la-seleccion-femenina-quedo-afuera-del-mundial.jpg 791w, http:\/\/nuevacordoba.net\/wp-content\/uploads\/2023\/08\/la-seleccion-femenina-quedo-afuera-del-mundial.jpg?w=150 150w, http:\/\/nuevacordoba.net\/wp-content\/uploads\/2023\/08\/la-seleccion-femenina-quedo-afuera-del-mundial.jpg?w=300 300w, http:\/\/nuevacordoba.net\/wp-content\/uploads\/2023\/08\/la-seleccion-femenina-quedo-afuera-del-mundial.jpg?w=768 768w\" sizes=\"(max-width: 791px) 100vw, 791px\"><\/figure>\n<p><span id=\"wordads-inline-marker\"><\/span> <\/p>\n<div id=\"jp-post-flair\" class=\"sharedaddy sd-like-enabled sd-sharing-enabled\">\n<div class=\"sharedaddy sd-sharing-enabled\">\n<div class=\"robots-nocontent sd-block sd-social sd-social-icon-text sd-sharing\">\n<h3 class=\"sd-title\">Share this:<\/h3>\n<\/div>\n<\/div>\n<div class=\"sharedaddy sd-block sd-like jetpack-likes-widget-wrapper jetpack-likes-widget-unloaded\" id=\"like-post-wrapper-143108178-8104-64ca7f34839b6\" data-src=\"\/\/widgets.wp.com\/likes\/index.html?ver=20230309#blog_id=143108178&amp;post_id=8104&amp;origin=cordobanewsnet.wordpress.com&amp;obj_id=143108178-8104-64ca7f34839b6\" data-name=\"like-post-frame-143108178-8104-64ca7f34839b6\" data-title=\"Me gusta o Compartir\">\n<h3 class=\"sd-title\">Me gusta esto:<\/h3>\n<p><span class=\"button\"><span>Me gusta<\/span><\/span> <span class=\"loading\">Cargando&#8230;<\/span><\/p>\n<p><span class=\"sd-text-color\"><\/span><\/div>\n<p><h3 class=\"jp-relatedposts-headline\"><em>Relacionado<\/em><\/h3>\n<\/p>\n<\/div><\/div>\n<p><!--\/.post-content--> <\/p>\n<footer class=\"post-meta-container clear\" readability=\"0.67676767676768\">\n<div class=\"entry-author author-avatar-show\" readability=\"14.031746031746\">\n<div class=\"author-avatar\"> <img alt src=\"http:\/\/nuevacordoba.net\/wp-content\/uploads\/2023\/08\/la-seleccion-femenina-quedo-afuera-del-mundial-1.jpg\" srcset=\"http:\/\/nuevacordoba.net\/wp-content\/uploads\/2023\/08\/la-seleccion-femenina-quedo-afuera-del-mundial-1.jpg 1x, http:\/\/nuevacordoba.net\/wp-content\/uploads\/2023\/08\/la-seleccion-femenina-quedo-afuera-del-mundial-5.jpg 1.5x, http:\/\/nuevacordoba.net\/wp-content\/uploads\/2023\/08\/la-seleccion-femenina-quedo-afuera-del-mundial-6.jpg 2x, http:\/\/nuevacordoba.net\/wp-content\/uploads\/2023\/08\/la-seleccion-femenina-quedo-afuera-del-mundial-7.jpg 3x, http:\/\/nuevacordoba.net\/wp-content\/uploads\/2023\/08\/la-seleccion-femenina-quedo-afuera-del-mundial-8.jpg 4x\" class=\"avatar avatar-90\" height=\"90\" width=\"90\" loading=\"lazy\" decoding=\"async\"> <\/div>\n<p><!-- .author-avatar --> <\/p>\n<p><h2 class=\"author-title\">Publicado por <span class=\"author-name\">angelaponso<\/span><\/h2>\n<\/p>\n<p><!-- .author-heading --> <\/p>\n<p class=\"author-bio\"> <a class=\"author-link\" href=\"https:\/\/cordobanewsnet.wordpress.com\/author\/angelaponso\/\" rel=\"author\"> Ver todas las entradas de angelaponso <\/a> <\/p>\n<p><!-- .author-bio --> <\/div>\n<p><!-- .entry-auhtor --> <\/footer>\n<p> <!-- \/post-meta-container --> <!-- #respond --> <\/p>\n","protected":false},"excerpt":{"rendered":"<p>La Selecci\u00f3n Argentina femenina qued\u00f3 eliminada del Mundial de F\u00fatbol Femenino 2023 en un duro 2 a 0 contra Suecia. Pero lo m\u00e1s doloroso para el plantel fue la lesi\u00f3n que sufri\u00f3 Florencia Bonsgundo durante el primer tiempo del partido. Share this: Me gusta esto: Me gusta Cargando&#8230; Relacionado Publicado por angelaponso Ver todas las [&hellip;]<\/p>\n","protected":false},"author":1,"featured_media":35033,"comment_status":"closed","ping_status":"closed","sticky":false,"template":"","format":"standard","meta":[],"categories":[14],"tags":[],"_links":{"self":[{"href":"http:\/\/nuevacordoba.net\/index.php\/wp-json\/wp\/v2\/posts\/35032"}],"collection":[{"href":"http:\/\/nuevacordoba.net\/index.php\/wp-json\/wp\/v2\/posts"}],"about":[{"href":"http:\/\/nuevacordoba.net\/index.php\/wp-json\/wp\/v2\/types\/post"}],"author":[{"embeddable":true,"href":"http:\/\/nuevacordoba.net\/index.php\/wp-json\/wp\/v2\/users\/1"}],"replies":[{"embeddable":true,"href":"http:\/\/nuevacordoba.net\/index.php\/wp-json\/wp\/v2\/comments?post=35032"}],"version-history":[{"count":0,"href":"http:\/\/nuevacordoba.net\/index.php\/wp-json\/wp\/v2\/posts\/35032\/revisions"}],"wp:featuredmedia":[{"embeddable":true,"href":"http:\/\/nuevacordoba.net\/index.php\/wp-json\/wp\/v2\/media\/35033"}],"wp:attachment":[{"href":"http:\/\/nuevacordoba.net\/index.php\/wp-json\/wp\/v2\/media?parent=35032"}],"wp:term":[{"taxonomy":"category","embeddable":true,"href":"http:\/\/nuevacordoba.net\/index.php\/wp-json\/wp\/v2\/categories?post=35032"},{"taxonomy":"post_tag","embeddable":true,"href":"http:\/\/nuevacordoba.net\/index.php\/wp-json\/wp\/v2\/tags?post=35032"}],"curies":[{"name":"wp","href":"https:\/\/api.w.org\/{rel}","templated":true}]}}