{"id":35060,"date":"2023-08-02T05:41:01","date_gmt":"2023-08-02T05:41:01","guid":{"rendered":"http:\/\/cordobanewsnet.wordpress.com\/2023\/08\/02\/luis-miguel-llego-a-argentina-para-su-gira-mundial-cuando-vendria-a-cordoba\/"},"modified":"2023-08-02T05:41:01","modified_gmt":"2023-08-02T05:41:01","slug":"luis-miguel-llego-a-argentina-para-su-gira-mundial-cuando-vendria-a-cordoba","status":"publish","type":"post","link":"http:\/\/nuevacordoba.net\/index.php\/2023\/08\/02\/luis-miguel-llego-a-argentina-para-su-gira-mundial-cuando-vendria-a-cordoba\/","title":{"rendered":"Luis Miguel lleg\u00f3 a Argentina para su gira mundial: cu\u00e1ndo vendr\u00eda a C\u00f3rdoba"},"content":{"rendered":"<p>\ud83d\udd7aEl artista de 53 a\u00f1os lleg\u00f3 a Argentina en un vuelo privado procedente de Cabo San Lucas, M\u00e9xico. Aterriz\u00f3 en Ezeiza acompa\u00f1ado de su novia Paloma Cuevas. Se mostr\u00f3 con un look total black y una sonrisa radiante. Seg\u00fan inform\u00f3 Ciudad Magazine, fue escoltado por polic\u00edas hasta el hotel Faena, donde se alojar\u00e1 estas semanas. \ud83d\udc48\ud83c\udffb<\/p>\n<figure class=\"wp-block-image size-large\"><img data-attachment-id=\"8101\" data-permalink=\"https:\/\/cordobanewsnet.wordpress.com\/2023\/08\/02\/luis-miguel-llego-a-argentina-para-su-gira-mundial-cuando-vendria-a-cordoba\/img_8652\/\" data-orig-file=\"http:\/\/nuevacordoba.net\/wp-content\/uploads\/2023\/08\/luis-miguel-llego-a-argentina-para-su-gira-mundial-cuando-vendria-a-cordoba.jpg\" data-orig-size=\"987,555\" data-comments-opened=\"1\" data-image-meta=\"{&quot;aperture&quot;:&quot;0&quot;,&quot;credit&quot;:&quot;&quot;,&quot;camera&quot;:&quot;&quot;,&quot;caption&quot;:&quot;&quot;,&quot;created_timestamp&quot;:&quot;0&quot;,&quot;copyright&quot;:&quot;&quot;,&quot;focal_length&quot;:&quot;0&quot;,&quot;iso&quot;:&quot;0&quot;,&quot;shutter_speed&quot;:&quot;0&quot;,&quot;title&quot;:&quot;&quot;,&quot;orientation&quot;:&quot;1&quot;}\" data-image-title=\"img_8652\" data-image-description data-image-caption data-medium-file=\"http:\/\/nuevacordoba.net\/wp-content\/uploads\/2023\/08\/luis-miguel-llego-a-argentina-para-su-gira-mundial-cuando-vendria-a-cordoba.jpg?w=300\" data-large-file=\"http:\/\/nuevacordoba.net\/wp-content\/uploads\/2023\/08\/luis-miguel-llego-a-argentina-para-su-gira-mundial-cuando-vendria-a-cordoba.jpg?w=736\" src=\"http:\/\/nuevacordoba.net\/wp-content\/uploads\/2023\/08\/luis-miguel-llego-a-argentina-para-su-gira-mundial-cuando-vendria-a-cordoba.jpg\" class=\"wp-image-8101\" srcset=\"http:\/\/nuevacordoba.net\/wp-content\/uploads\/2023\/08\/luis-miguel-llego-a-argentina-para-su-gira-mundial-cuando-vendria-a-cordoba.jpg 987w, http:\/\/nuevacordoba.net\/wp-content\/uploads\/2023\/08\/luis-miguel-llego-a-argentina-para-su-gira-mundial-cuando-vendria-a-cordoba.jpg?w=150 150w, http:\/\/nuevacordoba.net\/wp-content\/uploads\/2023\/08\/luis-miguel-llego-a-argentina-para-su-gira-mundial-cuando-vendria-a-cordoba.jpg?w=300 300w, http:\/\/nuevacordoba.net\/wp-content\/uploads\/2023\/08\/luis-miguel-llego-a-argentina-para-su-gira-mundial-cuando-vendria-a-cordoba.jpg?w=768 768w\" sizes=\"(max-width: 987px) 100vw, 987px\"><\/figure>\n<p>\ud83e\udd29\u00a1Atentos en C\u00f3rdoba!\ud83e\udd29<\/p>\n<p>Se sabe que \u00abLuismi\u00bb no incluy\u00f3 a C\u00f3rdoba dentro de esta gira mundial que finalizar\u00e1 el pr\u00f3ximo 18 de diciembre. De todas maneras, el artista ya tiene confirmado brindar nuevas funciones el a\u00f1o que viene, y C\u00f3rdoba ser\u00e1 parte.<\/p>\n<p>\u00abTodos los conciertos se han agotado en menos de 24 horas. Seguramente, Argentina formar\u00e1 parte de la posici\u00f3n del tour 2024, las diez funciones en el Movistar Arena no alcanzaron. Dentro de unos d\u00edas se sabr\u00e1n m\u00e1s noticias\u00bb, afirm\u00f3 su representante, Marcelo Figoli. <\/p>\n<p><span id=\"wordads-inline-marker\"><\/span> <\/p>\n<div id=\"jp-post-flair\" class=\"sharedaddy sd-like-enabled sd-sharing-enabled\">\n<div class=\"sharedaddy sd-sharing-enabled\">\n<div class=\"robots-nocontent sd-block sd-social sd-social-icon-text sd-sharing\">\n<h3 class=\"sd-title\">Share this:<\/h3>\n<\/div>\n<\/div>\n<div class=\"sharedaddy sd-block sd-like jetpack-likes-widget-wrapper jetpack-likes-widget-unloaded\" id=\"like-post-wrapper-143108178-8102-64cb66b7623f4\" data-src=\"\/\/widgets.wp.com\/likes\/index.html?ver=20230309#blog_id=143108178&amp;post_id=8102&amp;origin=cordobanewsnet.wordpress.com&amp;obj_id=143108178-8102-64cb66b7623f4\" data-name=\"like-post-frame-143108178-8102-64cb66b7623f4\" data-title=\"Me gusta o Compartir\">\n<h3 class=\"sd-title\">Me gusta esto:<\/h3>\n<p><span class=\"button\"><span>Me gusta<\/span><\/span> <span class=\"loading\">Cargando&#8230;<\/span><\/p>\n<p><span class=\"sd-text-color\"><\/span><\/div>\n<p><h3 class=\"jp-relatedposts-headline\"><em>Relacionado<\/em><\/h3>\n<\/p>\n<\/div>\n","protected":false},"excerpt":{"rendered":"<p>\ud83d\udd7aEl artista de 53 a\u00f1os lleg\u00f3 a Argentina en un vuelo privado procedente de Cabo San Lucas, M\u00e9xico. Aterriz\u00f3 en Ezeiza acompa\u00f1ado de su novia Paloma Cuevas. Se mostr\u00f3 con un look total black y una sonrisa radiante. Seg\u00fan inform\u00f3 Ciudad Magazine, fue escoltado por polic\u00edas hasta el hotel Faena, donde se alojar\u00e1 estas semanas. [&hellip;]<\/p>\n","protected":false},"author":1,"featured_media":35061,"comment_status":"closed","ping_status":"closed","sticky":false,"template":"","format":"standard","meta":[],"categories":[14],"tags":[],"_links":{"self":[{"href":"http:\/\/nuevacordoba.net\/index.php\/wp-json\/wp\/v2\/posts\/35060"}],"collection":[{"href":"http:\/\/nuevacordoba.net\/index.php\/wp-json\/wp\/v2\/posts"}],"about":[{"href":"http:\/\/nuevacordoba.net\/index.php\/wp-json\/wp\/v2\/types\/post"}],"author":[{"embeddable":true,"href":"http:\/\/nuevacordoba.net\/index.php\/wp-json\/wp\/v2\/users\/1"}],"replies":[{"embeddable":true,"href":"http:\/\/nuevacordoba.net\/index.php\/wp-json\/wp\/v2\/comments?post=35060"}],"version-history":[{"count":0,"href":"http:\/\/nuevacordoba.net\/index.php\/wp-json\/wp\/v2\/posts\/35060\/revisions"}],"wp:featuredmedia":[{"embeddable":true,"href":"http:\/\/nuevacordoba.net\/index.php\/wp-json\/wp\/v2\/media\/35061"}],"wp:attachment":[{"href":"http:\/\/nuevacordoba.net\/index.php\/wp-json\/wp\/v2\/media?parent=35060"}],"wp:term":[{"taxonomy":"category","embeddable":true,"href":"http:\/\/nuevacordoba.net\/index.php\/wp-json\/wp\/v2\/categories?post=35060"},{"taxonomy":"post_tag","embeddable":true,"href":"http:\/\/nuevacordoba.net\/index.php\/wp-json\/wp\/v2\/tags?post=35060"}],"curies":[{"name":"wp","href":"https:\/\/api.w.org\/{rel}","templated":true}]}}