{"id":35082,"date":"2023-08-03T23:45:12","date_gmt":"2023-08-03T23:45:12","guid":{"rendered":"http:\/\/nuevacordoba.net\/index.php\/2023\/08\/03\/toto-aviles-la-joven-promesa-argentina-que-sera-companero-de-messi\/"},"modified":"2023-08-03T23:45:12","modified_gmt":"2023-08-03T23:45:12","slug":"toto-aviles-la-joven-promesa-argentina-que-sera-companero-de-messi","status":"publish","type":"post","link":"http:\/\/nuevacordoba.net\/index.php\/2023\/08\/03\/toto-aviles-la-joven-promesa-argentina-que-sera-companero-de-messi\/","title":{"rendered":"Toto Avil\u00e9s, la joven promesa argentina que ser\u00e1 compa\u00f1ero de Messi"},"content":{"rendered":"<figure class=\"mb-3\"><img loading=\"lazy\" data-src=\"http:\/\/nuevacordoba.net\/wp-content\/uploads\/2023\/08\/toto-aviles-la-joven-promesa-argentina-que-sera-companero-de-messi.jpg\" src=\"https:\/\/www.telam.com.ar\/assets\/img\/not_image.png\" class=\" lazy \" width=\"100%\" height=\"100%\" alt=\"Foto Eva Cabrera\"><figcaption> Foto: Eva Cabrera <\/figcaption><\/figure>\n<p>Tom\u00e1s \u00abToto\u00bb Avil\u00e9s (19) es defensor y naci\u00f3 en Rio Gallegos; debut\u00f3 en Primera Divisi\u00f3n a los 15 a\u00f1os en un Regional con Boxing Club de Santa Cruz y tras jugar su primer campeonato con Racing, r\u00e1pidamente parti\u00f3 a Estados Unidos para ser compa\u00f1ero de Lionel Messi en el Inter Miami. Adem\u00e1s, jug\u00f3 para la Selecci\u00f3n Sub 20 de Chile y disput\u00f3 el Mundial de la categor\u00eda en Argentina, esta vez, con la albiceleste.&nbsp;<\/p>\n<p>\u201cToto\u201d comenz\u00f3 su carrera en <strong>Boxing de R\u00edo Gallegos<\/strong>, tuvo un paso por la<strong> Comisi\u00f3n de Actividades Infantiles<\/strong> en Comodoro Rivadavia, y de ah\u00ed su trayectoria profesional en <strong>Racing Club<\/strong>, donde debut\u00f3 en Primera Divisi\u00f3n con 19 a\u00f1os reci\u00e9n cumplidos. \u00bfLa frutilla del postre? Ser compa\u00f1ero del mejor jugador del mundo en la Major League Soccer (MLS) norteamericana. Ser\u00e1 el quinto argentino en Inter Miami, adem\u00e1s de <strong>Nicol\u00e1s Stefanelli, Franco Negri, Facundo Far\u00edas&nbsp; y, obviamente, Leo Messi. Podr\u00edamos sumar tambi\u00e9n a&nbsp;Benjam\u00edn Cremaschi <\/strong>(naci\u00f3 en Estados Unidos, de padres argentinos).<\/p>\n<figure class=\"mb-3\"><img loading=\"lazy\" data-src=\"http:\/\/nuevacordoba.net\/wp-content\/uploads\/2023\/08\/toto-aviles-la-joven-promesa-argentina-que-sera-companero-de-messi-1.jpg\" src=\"https:\/\/www.telam.com.ar\/assets\/img\/not_image.png\" class=\" lazy \" width=\"100%\" height=\"100%\" alt=\"Avils en sus inicios en Boxing de Ro Gallegos Foto La Opinin Austral\"><figcaption> Avil\u00e9s en sus inicios en Boxing de R\u00edo Gallegos | Foto La Opini\u00f3n Austral <\/figcaption><\/figure>\n<h2 class>Carrera mete\u00f3rica<\/h2>\n<p> La abuela del zaguero naci\u00f3 en Chile, por lo que \u00abToto\u00bb goza de doble ciudadan\u00eda; esa condici\u00f3n le permiti\u00f3 ser citado para integrar el seleccionado Sub 20 chileno en el Torneo Sudamericano de la categor\u00eda que se disput\u00f3 en Colombia en enero y febrero. En dicho torneo se aplom\u00f3 y fue uno de los grandes puntales del conjunto trasandino.&nbsp;<\/p>\n<figure class=\"mb-3\"><img loading=\"lazy\" data-src=\"http:\/\/nuevacordoba.net\/wp-content\/uploads\/2023\/08\/toto-aviles-la-joven-promesa-argentina-que-sera-companero-de-messi-2.jpg\" src=\"https:\/\/www.telam.com.ar\/assets\/img\/not_image.png\" class=\" lazy \" width=\"100%\" height=\"100%\" alt=\"Avils con la casaca de la Rojita Foto ANFP\"><figcaption> Avil\u00e9s, con la casaca de la \u00abRojita\u00bb | Foto: ANFP <\/figcaption><\/figure>\n<p>Un mes despu\u00e9s, Avil\u00e9s debutar\u00eda en Primera Divisi\u00f3n el 12 de marzo de 2023, por la fecha 7 de la Liga Profesional ante Sarmiento de Jun\u00edn en el Cilindro de Avellaneda.&nbsp;As\u00ed \u00abToto\u00bb se convirti\u00f3 en el jugador n\u00famero 102 en debutar desde las inferiores de Racing, tras ingresar en el complemento por Johan Carbonero en el triunfo de la Academia por 2-1.<\/p>\n<blockquote class=\"instagram-media\" data-instgrm-captioned data-instgrm-permalink=\"https:\/\/www.instagram.com\/p\/CpQlYoEJZUB\/?utm_source=ig_embed&amp;utm_campaign=loading\" data-instgrm-version=\"14\" readability=\"-0.2258064516129\"><\/blockquote>\n<p>Luego, un llamado de<strong> Javier Mascherano<\/strong> y el cuerpo t\u00e9cnico juvenil de Argentina ser\u00eda clave. Fue parte de la selecci\u00f3n argentina sub 20, fue titular y pieza clave hasta la eliminaci\u00f3n ante Nigeria.<\/p>\n<h2 class>Aquella \u00abprimera\u00bb vez, con 15 a\u00f1os<\/h2>\n<p> Avil\u00e9s debut\u00f3 en la primera de Boxing Club de R\u00edo Gallegos, de la mano de Carlos Pad\u00edn, entrenador del conjunto santacruce\u00f1o que ser\u00e1 compa\u00f1ero de Messi.&nbsp;El equipo de R\u00edo Gallegos jugaba ante Camioneros de R\u00edo Grande en la definici\u00f3n del Clasificatorio Patag\u00f3nico de 2019.<\/p>\n<p>En el 2019 Boxing hab\u00eda perdido la final para ascender con C\u00edrculo Deportivo Otamendi (al Federal A) y el entrenador de ese entonces, Carlos Pad\u00edn afront\u00f3 el torneo Patag\u00f3nico para su regreos al Regional con un plantel corto.<\/p>\n<figure class=\"mb-3\"><img loading=\"lazy\" data-src=\"http:\/\/nuevacordoba.net\/wp-content\/uploads\/2023\/08\/toto-aviles-la-joven-promesa-argentina-que-sera-companero-de-messi-3.jpg\" src=\"https:\/\/www.telam.com.ar\/assets\/img\/not_image.png\" class=\" lazy \" width=\"100%\" height=\"100%\" alt=\"Padn y Avils el DT que lo tuvo como jugador en Boxing lo hizo debutar en primera Foto Boxing Club\"><figcaption> Pad\u00edn y Avil\u00e9s, el DT que lo tuvo como jugador en Boxing lo hizo debutar en primera | Foto: Boxing Club <\/figcaption><\/figure>\n<p>Avil\u00e9s estaba en el banco de suplentes, de ese plantel, y tras las lesiones de&nbsp;Marcelo Russo y Facundo Gonz\u00e1lez, el cuerpo t\u00e9cnico del conjunto santacruce\u00f1o defini\u00f3 que \u00abToto\u00bb juegue, ya que le ve\u00edan potencial para encarar tal desaf\u00edo.<\/p>\n<p>Al final, con 15 a\u00f1os y en dos grandes actuaciones, el hoy jugador del Inter Miami mostr\u00f3 un gran trabajo y dej\u00f3 en claro que era seria su labor como defensor, la misma que lo llevar\u00edan a las inferiores de la Academia, a Primera Divisi\u00f3n y hoy a Las Garzas, como se conoce a la franquicia del sur del estado de Florida, por las pr\u00f3ximas tres temporadas.<br \/>&nbsp;<\/p>\n<h2 class>De Santa Cruz a Florida<\/h2>\n<p> Inter Miami CF anunci\u00f3 que Avil\u00e9s tendr\u00e1 contrato hasta la temporada 2026 de la MLS con opciones para 2027 y 2028. Para ponerse a las \u00f3rdenes del Tata Martino aguarda el&nbsp;Certificado de Transferencia Internacional (ITC) y Visa P-1.<\/p>\n<p><strong>La despedida de Toto de Racing<\/strong><\/p>\n<blockquote class=\"twitter-tweet\" readability=\"12.422535211268\">\n<p lang=\"es\" dir=\"ltr\">Me toca escribir estas palabras que, la verdad, ni me las imaginaba. El f\u00fatbol, el deporte, tiene estos cambios de rumbo y esta vez aparecen en mi camino.<br \/>Hoy debo despedirme de Racing, el club de toda mi vida, donde crec\u00ed y me form\u00e9 como persona y futbolista.<br \/>Le quiero agradecer\u2026 <a href=\"https:\/\/t.co\/iWLVKuypya\">pic.twitter.com\/iWLVKuypya<\/a><\/p>\n<p>\u2014 Racing Club (@RacingClub) <a href=\"https:\/\/twitter.com\/RacingClub\/status\/1686492849225797633?ref_src=twsrc%5Etfw\">August 1, 2023<\/a><\/p><\/blockquote>\n<p>\u201cEsta es una oportunidad emocionante para m\u00ed y no veo la hora de representar a Inter Miami -dijo Avil\u00e9s-. Lo dar\u00e9 todo por este club\u201d, agreg\u00f3 en declaraciones que Las Garzas publican en sus redes sociales.<\/p>\n<blockquote class=\"twitter-tweet\" readability=\"8.1739130434783\">\n<p lang=\"en\" dir=\"ltr\">Oficial\u270d\ud83c\udde6\ud83c\uddf7 Bienvenido, Toto!<\/p>\n<p>We have signed defender Tom\u00e1s Avil\u00e9s to a contract running through the 2026 season. The center back joins the Club from Argentine side Racing Club as part of MLS\u2019 U-22 initiative. Find out all the details: <a href=\"https:\/\/t.co\/WremuEwCWX\">https:\/\/t.co\/WremuEwCWX<\/a> <a href=\"https:\/\/t.co\/6zX4f46mk9\">pic.twitter.com\/6zX4f46mk9<\/a><\/p>\n<p>\u2014 Inter Miami CF (@InterMiamiCF) <a href=\"https:\/\/twitter.com\/InterMiamiCF\/status\/1686498924939329536?ref_src=twsrc%5Etfw\">August 1, 2023<\/a><\/p><\/blockquote>\n<p>Avil\u00e9s, el pibe que de la Patagonia vuela a Miami, tras su paso por Avellaneda. Y seguramente no ser\u00e1 su \u00faltima escala ya que la carrera de Toto, a sus 19 a\u00f1os, parece no tener techo.<\/p>\n<div class=\"card col-md-10 offset-md-1 mb-4\">\n<h3 class=\"pt-2\">Relacionadas<\/h3>\n<\/p><\/div>\n<p><\/p>\n","protected":false},"excerpt":{"rendered":"<p>Foto: Eva Cabrera Tom\u00e1s \u00abToto\u00bb Avil\u00e9s (19) es defensor y naci\u00f3 en Rio Gallegos; debut\u00f3 en Primera Divisi\u00f3n a los 15 a\u00f1os en un Regional con Boxing Club de Santa Cruz y tras jugar su primer campeonato con Racing, r\u00e1pidamente parti\u00f3 a Estados Unidos para ser compa\u00f1ero de Lionel Messi en el Inter Miami. Adem\u00e1s, [&hellip;]<\/p>\n","protected":false},"author":1,"featured_media":35083,"comment_status":"closed","ping_status":"closed","sticky":false,"template":"","format":"standard","meta":[],"categories":[10],"tags":[],"_links":{"self":[{"href":"http:\/\/nuevacordoba.net\/index.php\/wp-json\/wp\/v2\/posts\/35082"}],"collection":[{"href":"http:\/\/nuevacordoba.net\/index.php\/wp-json\/wp\/v2\/posts"}],"about":[{"href":"http:\/\/nuevacordoba.net\/index.php\/wp-json\/wp\/v2\/types\/post"}],"author":[{"embeddable":true,"href":"http:\/\/nuevacordoba.net\/index.php\/wp-json\/wp\/v2\/users\/1"}],"replies":[{"embeddable":true,"href":"http:\/\/nuevacordoba.net\/index.php\/wp-json\/wp\/v2\/comments?post=35082"}],"version-history":[{"count":0,"href":"http:\/\/nuevacordoba.net\/index.php\/wp-json\/wp\/v2\/posts\/35082\/revisions"}],"wp:featuredmedia":[{"embeddable":true,"href":"http:\/\/nuevacordoba.net\/index.php\/wp-json\/wp\/v2\/media\/35083"}],"wp:attachment":[{"href":"http:\/\/nuevacordoba.net\/index.php\/wp-json\/wp\/v2\/media?parent=35082"}],"wp:term":[{"taxonomy":"category","embeddable":true,"href":"http:\/\/nuevacordoba.net\/index.php\/wp-json\/wp\/v2\/categories?post=35082"},{"taxonomy":"post_tag","embeddable":true,"href":"http:\/\/nuevacordoba.net\/index.php\/wp-json\/wp\/v2\/tags?post=35082"}],"curies":[{"name":"wp","href":"https:\/\/api.w.org\/{rel}","templated":true}]}}