{"id":3530,"date":"2021-04-21T12:08:56","date_gmt":"2021-04-21T12:08:56","guid":{"rendered":"http:\/\/nuevacordoba.net\/index.php\/2021\/04\/21\/la-policia-de-ohio-mato-a-una-adolescente-afroestadounidense-y-hubo-protestas\/"},"modified":"2021-04-21T12:08:56","modified_gmt":"2021-04-21T12:08:56","slug":"la-policia-de-ohio-mato-a-una-adolescente-afroestadounidense-y-hubo-protestas","status":"publish","type":"post","link":"http:\/\/nuevacordoba.net\/index.php\/2021\/04\/21\/la-policia-de-ohio-mato-a-una-adolescente-afroestadounidense-y-hubo-protestas\/","title":{"rendered":"La polic\u00eda de Ohio mat\u00f3 a una adolescente afroestadounidense y hubo protestas"},"content":{"rendered":"<div class=\"image\" id=\"image\" readability=\"7\"> <img src=\"http:\/\/nuevacordoba.net\/wp-content\/uploads\/2021\/04\/la-policia-de-ohio-mato-a-una-adolescente-afroestadounidense-y-hubo-protestas.jpg\" alt=\"Hubo manifestaciones en Ohio contra la violencia policial y el racismo.\" title=\"Hubo manifestaciones en Ohio contra la violencia policial y el racismo.\"><\/p>\n<p>Hubo manifestaciones en Ohio contra la violencia policial y el racismo.<\/p>\n<\/div>\n<p><strong>La polic\u00eda de la ciudad estadounidense de Columbus mat\u00f3 a tiros a una adolescente afroestadounidense<\/strong> que aparentemente atacaba con un cuchillo a otra persona. <strong>El hecho se produjo minutos antes de que el expolic\u00eda Derek Chauvin fuera declarado culpable del asesinato de George Floyd.<\/strong><\/p>\n<p>La ciudad del <strong>estado de Ohio fue escenario de manifestaciones<\/strong> tras esta muerte ocurrida en un contexto de protestas e indignaci\u00f3n contra el racismo y la violencia policial en Estados Unidos.<\/p>\n<p>Seg\u00fan el jefe policial de la ciudad, Michael Woods, la polic\u00eda recibi\u00f3 una llamada de emergencia el martes por la tarde de una persona que tem\u00eda ser atacada con un arma blanca.<\/p>\n<p>La polic\u00eda public\u00f3 adem\u00e1s una parte de la grabaci\u00f3n de la c\u00e1mara que llevaba el polic\u00eda que mat\u00f3 a la adolescente, identificada como Ma&#8217;Khia Bryant, de 16 a\u00f1os, por los servicios de infancia del condado de Franklin, cuya cuidad m\u00e1s grande es Columbus.<\/p>\n<p>\u00abHemos pensado que era importante compartir con la comunidad, de ser transparentes sobre este incidente\u00bb declar\u00f3 Woods, inform\u00f3 la agencia de noticias AFP.<\/p>\n<p>Las im\u00e1genes muestran a los polic\u00edas llegando a un lugar donde se produce una pelea, en medio de un peque\u00f1o grupo de espectadores.<\/p>\n<p><strong>Una adolescente ataca a otra con lo que parece ser un cuchillo, se escuchan disparos y la joven se desploma.<\/strong><\/p>\n<p>Uh hombre grita de inmediato al polic\u00eda: \u00ab\u00a1No ten\u00edas por qu\u00e9 disparar! \u00a1Es solo una ni\u00f1a!\u00bb.<\/p>\n<p>El oficial le responde: \u00abTen\u00eda un cuchillo. Se abalanz\u00f3 sobre ella\u00bb.<\/p>\n<p>La chica fue trasladada a un hospital donde los m\u00e9dicos la declararon muerta, dijo la polic\u00eda.<\/p>\n<p>El alcalde Andrew Ginther calific\u00f3 de \u00absituaci\u00f3n horrible y de conmoci\u00f3n\u00bb la muerte de la joven, y habl\u00f3 de \u00abun d\u00eda tr\u00e1gico para la ciudad de Columbus\u00bb.<\/p>\n<p>Seg\u00fan el alcalde, el polic\u00eda -cuyo nombre no fue divulgado- \u00abactu\u00f3 para proteger a otra joven de nuestra comunidad\u00bb. <\/p>\n","protected":false},"excerpt":{"rendered":"<p>Hubo manifestaciones en Ohio contra la violencia policial y el racismo. La polic\u00eda de la ciudad estadounidense de Columbus mat\u00f3 a tiros a una adolescente afroestadounidense que aparentemente atacaba con un cuchillo a otra persona. El hecho se produjo minutos antes de que el expolic\u00eda Derek Chauvin fuera declarado culpable del asesinato de George Floyd. [&hellip;]<\/p>\n","protected":false},"author":1,"featured_media":3531,"comment_status":"closed","ping_status":"closed","sticky":false,"template":"","format":"standard","meta":[],"categories":[13],"tags":[],"_links":{"self":[{"href":"http:\/\/nuevacordoba.net\/index.php\/wp-json\/wp\/v2\/posts\/3530"}],"collection":[{"href":"http:\/\/nuevacordoba.net\/index.php\/wp-json\/wp\/v2\/posts"}],"about":[{"href":"http:\/\/nuevacordoba.net\/index.php\/wp-json\/wp\/v2\/types\/post"}],"author":[{"embeddable":true,"href":"http:\/\/nuevacordoba.net\/index.php\/wp-json\/wp\/v2\/users\/1"}],"replies":[{"embeddable":true,"href":"http:\/\/nuevacordoba.net\/index.php\/wp-json\/wp\/v2\/comments?post=3530"}],"version-history":[{"count":0,"href":"http:\/\/nuevacordoba.net\/index.php\/wp-json\/wp\/v2\/posts\/3530\/revisions"}],"wp:featuredmedia":[{"embeddable":true,"href":"http:\/\/nuevacordoba.net\/index.php\/wp-json\/wp\/v2\/media\/3531"}],"wp:attachment":[{"href":"http:\/\/nuevacordoba.net\/index.php\/wp-json\/wp\/v2\/media?parent=3530"}],"wp:term":[{"taxonomy":"category","embeddable":true,"href":"http:\/\/nuevacordoba.net\/index.php\/wp-json\/wp\/v2\/categories?post=3530"},{"taxonomy":"post_tag","embeddable":true,"href":"http:\/\/nuevacordoba.net\/index.php\/wp-json\/wp\/v2\/tags?post=3530"}],"curies":[{"name":"wp","href":"https:\/\/api.w.org\/{rel}","templated":true}]}}