{"id":3534,"date":"2021-04-21T14:14:37","date_gmt":"2021-04-21T14:14:37","guid":{"rendered":"http:\/\/cordobanewsnet.wordpress.com\/?p=5359"},"modified":"2021-04-21T14:14:37","modified_gmt":"2021-04-21T14:14:37","slug":"alerta-por-tormentas-fuertes-para-el-interior-provincial","status":"publish","type":"post","link":"http:\/\/nuevacordoba.net\/index.php\/2021\/04\/21\/alerta-por-tormentas-fuertes-para-el-interior-provincial\/","title":{"rendered":"Alerta por tormentas fuertes para el interior Provincial"},"content":{"rendered":"<p><!-- \/featured-media --> <\/p>\n<div class=\"post-content clear\" readability=\"38.922297297297\">\n<p>La advertencia a corto plazo es por tormentas fuertes con lluvias intensas y r\u00e1fagas.<\/p>\n<p>Alcanza a los departamentos&nbsp;<strong>Col\u00f3n, Ischil\u00edn, R\u00edo Primero, Totoral, Tulumba y General Roca<\/strong>, adem\u00e1s de Gobernador Dupuy, en San Luis.<\/p>\n<div id=\"jp-post-flair\" class=\"sharedaddy sd-like-enabled sd-sharing-enabled\">\n<div class=\"sharedaddy sd-sharing-enabled\">\n<div class=\"robots-nocontent sd-block sd-social sd-social-icon-text sd-sharing\">\n<h3 class=\"sd-title\">Share this:<\/h3>\n<\/div>\n<\/div>\n<div class=\"sharedaddy sd-block sd-like jetpack-likes-widget-wrapper jetpack-likes-widget-unloaded\" id=\"like-post-wrapper-143108178-5359-60804f805db71\" data-src=\"\/\/widgets.wp.com\/likes\/index.html?ver=20210413#blog_id=143108178&amp;post_id=5359&amp;origin=cordobanewsnet.wordpress.com&amp;obj_id=143108178-5359-60804f805db71\" data-name=\"like-post-frame-143108178-5359-60804f805db71\">\n<h3 class=\"sd-title\">Me gusta esto:<\/h3>\n<p><span class=\"button\"><span>Me gusta<\/span><\/span> <span class=\"loading\">Cargando&#8230;<\/span><\/p>\n<p><span class=\"sd-text-color\"><\/span><\/div>\n<p><h3 class=\"jp-relatedposts-headline\"><em>Relacionado<\/em><\/h3>\n<\/p>\n<\/div><\/div>\n<p><!--\/.post-content--> <\/p>\n<footer class=\"post-meta-container clear\" readability=\"0.39520958083832\">\n<div class=\"entry-author author-avatar-show\" readability=\"13.114754098361\">\n<div class=\"author-avatar\"> <img loading=\"lazy\" alt src=\"http:\/\/nuevacordoba.net\/wp-content\/uploads\/2021\/04\/alerta-por-tormentas-fuertes-para-el-interior-provincial.png\" class=\"avatar avatar-90\" height=\"90\" width=\"90\"> <\/div>\n<p><!-- .author-avatar --> <\/p>\n<p><h2 class=\"author-title\">Publicado por <span class=\"author-name\">Redacci\u00f3n<\/span><\/h2>\n<\/p>\n<p><!-- .author-heading --> <\/p>\n<p class=\"author-bio\"> <a class=\"author-link\" href=\"https:\/\/cordobanewsnet.wordpress.com\/author\/prettomatias\/\" rel=\"author\"> Ver todas las entradas de Redacci\u00f3n <\/a> <\/p>\n<p><!-- .author-bio --> <\/div>\n<p><!-- .entry-auhtor --> <\/footer>\n<p> <!-- \/post-meta-container --> <!-- #respond --> <\/p>\n","protected":false},"excerpt":{"rendered":"<p>La advertencia a corto plazo es por tormentas fuertes con lluvias intensas y r\u00e1fagas. Alcanza a los departamentos&nbsp;Col\u00f3n, Ischil\u00edn, R\u00edo Primero, Totoral, Tulumba y General Roca, adem\u00e1s de Gobernador Dupuy, en San Luis. Share this: Me gusta esto: Me gusta Cargando&#8230; Relacionado Publicado por Redacci\u00f3n Ver todas las entradas de Redacci\u00f3n<\/p>\n","protected":false},"author":1,"featured_media":3535,"comment_status":"closed","ping_status":"closed","sticky":false,"template":"","format":"standard","meta":[],"categories":[14],"tags":[],"_links":{"self":[{"href":"http:\/\/nuevacordoba.net\/index.php\/wp-json\/wp\/v2\/posts\/3534"}],"collection":[{"href":"http:\/\/nuevacordoba.net\/index.php\/wp-json\/wp\/v2\/posts"}],"about":[{"href":"http:\/\/nuevacordoba.net\/index.php\/wp-json\/wp\/v2\/types\/post"}],"author":[{"embeddable":true,"href":"http:\/\/nuevacordoba.net\/index.php\/wp-json\/wp\/v2\/users\/1"}],"replies":[{"embeddable":true,"href":"http:\/\/nuevacordoba.net\/index.php\/wp-json\/wp\/v2\/comments?post=3534"}],"version-history":[{"count":0,"href":"http:\/\/nuevacordoba.net\/index.php\/wp-json\/wp\/v2\/posts\/3534\/revisions"}],"wp:featuredmedia":[{"embeddable":true,"href":"http:\/\/nuevacordoba.net\/index.php\/wp-json\/wp\/v2\/media\/3535"}],"wp:attachment":[{"href":"http:\/\/nuevacordoba.net\/index.php\/wp-json\/wp\/v2\/media?parent=3534"}],"wp:term":[{"taxonomy":"category","embeddable":true,"href":"http:\/\/nuevacordoba.net\/index.php\/wp-json\/wp\/v2\/categories?post=3534"},{"taxonomy":"post_tag","embeddable":true,"href":"http:\/\/nuevacordoba.net\/index.php\/wp-json\/wp\/v2\/tags?post=3534"}],"curies":[{"name":"wp","href":"https:\/\/api.w.org\/{rel}","templated":true}]}}