{"id":3542,"date":"2021-04-18T23:53:09","date_gmt":"2021-04-18T23:53:09","guid":{"rendered":"http:\/\/cordobanewsnet.wordpress.com\/?p=5340"},"modified":"2021-04-18T23:53:09","modified_gmt":"2021-04-18T23:53:09","slug":"caba-la-justicia-ordeno-que-haya-clases-presenciales-y-el-sindicato-anuncio-un-paro","status":"publish","type":"post","link":"http:\/\/nuevacordoba.net\/index.php\/2021\/04\/18\/caba-la-justicia-ordeno-que-haya-clases-presenciales-y-el-sindicato-anuncio-un-paro\/","title":{"rendered":"CABA: La justicia orden\u00f3 que haya clases presenciales y el sindicato anunci\u00f3 un paro"},"content":{"rendered":"<p>La Sala IV, integrada por los magistrados Marcelo L\u00f3pez Alfons\u00edn, Laura Perugini y Nieves Machiavelli, orden\u00f3 el domingo a la noche que&nbsp;este lunes se dicten clases presenciales en la Ciudad Aut\u00f3noma de Buenos Aires.&nbsp;<\/p>\n<p>Esta decisi\u00f3n judicial va en contra del Decreto de Necesidad y Urgencia (DNU) que public\u00f3 el Gobierno nacional el viernes pasado.<\/p>\n<p>La votaci\u00f3n del tribunal fue un\u00e1nime y la medida se har\u00e1 efectiva este lunes, ya que el Gobierno nacional no puede recusar por no formar parte del caso.<\/p>\n<figure class=\"wp-block-image size-large\"><img data-attachment-id=\"3849\" data-permalink=\"https:\/\/cordobanewsnet.wordpress.com\/2020\/06\/23\/el-receso-escolar-de-invierno-sera-del-13-al-24-de-julio-en-cordoba\/9e882283-c8fb-4f2f-a22f-379592ecabf1\/\" data-orig-file=\"https:\/\/cordobanewsnet.files.wordpress.com\/2020\/06\/9e882283-c8fb-4f2f-a22f-379592ecabf1.jpeg\" data-orig-size=\"1920,1080\" data-comments-opened=\"1\" data-image-meta=\"{&quot;aperture&quot;:&quot;0&quot;,&quot;credit&quot;:&quot;&quot;,&quot;camera&quot;:&quot;&quot;,&quot;caption&quot;:&quot;&quot;,&quot;created_timestamp&quot;:&quot;0&quot;,&quot;copyright&quot;:&quot;&quot;,&quot;focal_length&quot;:&quot;0&quot;,&quot;iso&quot;:&quot;0&quot;,&quot;shutter_speed&quot;:&quot;0&quot;,&quot;title&quot;:&quot;&quot;,&quot;orientation&quot;:&quot;1&quot;}\" data-image-title=\"9E882283-C8FB-4F2F-A22F-379592ECABF1\" data-image-description data-medium-file=\"http:\/\/nuevacordoba.net\/wp-content\/uploads\/2021\/04\/caba-la-justicia-ordeno-que-haya-clases-presenciales-y-el-sindicato-anuncio-un-paro-3.jpg\" data-large-file=\"http:\/\/nuevacordoba.net\/wp-content\/uploads\/2021\/04\/caba-la-justicia-ordeno-que-haya-clases-presenciales-y-el-sindicato-anuncio-un-paro.jpg\" src=\"http:\/\/nuevacordoba.net\/wp-content\/uploads\/2021\/04\/caba-la-justicia-ordeno-que-haya-clases-presenciales-y-el-sindicato-anuncio-un-paro.jpg\" alt class=\"wp-image-3849\" srcset=\"http:\/\/nuevacordoba.net\/wp-content\/uploads\/2021\/04\/caba-la-justicia-ordeno-que-haya-clases-presenciales-y-el-sindicato-anuncio-un-paro.jpg 736w, http:\/\/nuevacordoba.net\/wp-content\/uploads\/2021\/04\/caba-la-justicia-ordeno-que-haya-clases-presenciales-y-el-sindicato-anuncio-un-paro-1.jpg 1472w, http:\/\/nuevacordoba.net\/wp-content\/uploads\/2021\/04\/caba-la-justicia-ordeno-que-haya-clases-presenciales-y-el-sindicato-anuncio-un-paro-2.jpg 150w, http:\/\/nuevacordoba.net\/wp-content\/uploads\/2021\/04\/caba-la-justicia-ordeno-que-haya-clases-presenciales-y-el-sindicato-anuncio-un-paro-3.jpg 300w, http:\/\/nuevacordoba.net\/wp-content\/uploads\/2021\/04\/caba-la-justicia-ordeno-que-haya-clases-presenciales-y-el-sindicato-anuncio-un-paro-4.jpg 768w, http:\/\/nuevacordoba.net\/wp-content\/uploads\/2021\/04\/caba-la-justicia-ordeno-que-haya-clases-presenciales-y-el-sindicato-anuncio-un-paro-5.jpg 1024w\" sizes=\"(max-width: 736px) 100vw, 736px\"><\/figure>\n<p>La resoluci\u00f3n atiende la acci\u00f3n de amparo presentada por un grupo de padres patrocinados por la Defensor\u00eda Oficial porte\u00f1a, que hab\u00eda sido rechazada \u201cin limine\u201d por la jueza en lo contencioso administrativo, Romina Tesone.<\/p>\n<p>Ante el nuevo fallo de la C\u00e1mara de Apelaciones en lo Contencioso Administrativo y Tributario de la ciudad de Buenos Aires, este domingo a la noche se concretar\u00eda una reuni\u00f3n de emergencia del gabinete porte\u00f1o para que las aulas abran con normalidad en la ciudad de Buenos Aires.<\/p>\n<p>Luego de esta decisi\u00f3n y con la premisa de cuidar la salud los sindicatos Ctera, UTE, CTA de los trabajadores y ATE. Acusaron al Poder Judicial porte\u00f1o de no cumplir con la Constituci\u00f3n Nacional y de la Ciudad.&nbsp;&nbsp;<\/p>\n<p>Fuente: Cadena 3<\/p>\n<div id=\"jp-post-flair\" class=\"sharedaddy sd-like-enabled sd-sharing-enabled\">\n<div class=\"sharedaddy sd-sharing-enabled\">\n<div class=\"robots-nocontent sd-block sd-social sd-social-icon-text sd-sharing\">\n<h3 class=\"sd-title\">Share this:<\/h3>\n<\/div>\n<\/div>\n<div class=\"sharedaddy sd-block sd-like jetpack-likes-widget-wrapper jetpack-likes-widget-unloaded\" id=\"like-post-wrapper-143108178-5340-60813574db592\" data-src=\"\/\/widgets.wp.com\/likes\/index.html?ver=20210413#blog_id=143108178&amp;post_id=5340&amp;origin=cordobanewsnet.wordpress.com&amp;obj_id=143108178-5340-60813574db592\" data-name=\"like-post-frame-143108178-5340-60813574db592\">\n<h3 class=\"sd-title\">Me gusta esto:<\/h3>\n<p><span class=\"button\"><span>Me gusta<\/span><\/span> <span class=\"loading\">Cargando&#8230;<\/span><\/p>\n<p><span class=\"sd-text-color\"><\/span><\/div>\n<p><h3 class=\"jp-relatedposts-headline\"><em>Relacionado<\/em><\/h3>\n<\/p>\n<\/div>\n","protected":false},"excerpt":{"rendered":"<p>La Sala IV, integrada por los magistrados Marcelo L\u00f3pez Alfons\u00edn, Laura Perugini y Nieves Machiavelli, orden\u00f3 el domingo a la noche que&nbsp;este lunes se dicten clases presenciales en la Ciudad Aut\u00f3noma de Buenos Aires.&nbsp; Esta decisi\u00f3n judicial va en contra del Decreto de Necesidad y Urgencia (DNU) que public\u00f3 el Gobierno nacional el viernes pasado. [&hellip;]<\/p>\n","protected":false},"author":1,"featured_media":3543,"comment_status":"closed","ping_status":"closed","sticky":false,"template":"","format":"standard","meta":[],"categories":[14],"tags":[],"_links":{"self":[{"href":"http:\/\/nuevacordoba.net\/index.php\/wp-json\/wp\/v2\/posts\/3542"}],"collection":[{"href":"http:\/\/nuevacordoba.net\/index.php\/wp-json\/wp\/v2\/posts"}],"about":[{"href":"http:\/\/nuevacordoba.net\/index.php\/wp-json\/wp\/v2\/types\/post"}],"author":[{"embeddable":true,"href":"http:\/\/nuevacordoba.net\/index.php\/wp-json\/wp\/v2\/users\/1"}],"replies":[{"embeddable":true,"href":"http:\/\/nuevacordoba.net\/index.php\/wp-json\/wp\/v2\/comments?post=3542"}],"version-history":[{"count":0,"href":"http:\/\/nuevacordoba.net\/index.php\/wp-json\/wp\/v2\/posts\/3542\/revisions"}],"wp:featuredmedia":[{"embeddable":true,"href":"http:\/\/nuevacordoba.net\/index.php\/wp-json\/wp\/v2\/media\/3543"}],"wp:attachment":[{"href":"http:\/\/nuevacordoba.net\/index.php\/wp-json\/wp\/v2\/media?parent=3542"}],"wp:term":[{"taxonomy":"category","embeddable":true,"href":"http:\/\/nuevacordoba.net\/index.php\/wp-json\/wp\/v2\/categories?post=3542"},{"taxonomy":"post_tag","embeddable":true,"href":"http:\/\/nuevacordoba.net\/index.php\/wp-json\/wp\/v2\/tags?post=3542"}],"curies":[{"name":"wp","href":"https:\/\/api.w.org\/{rel}","templated":true}]}}