{"id":3544,"date":"2021-04-22T09:59:50","date_gmt":"2021-04-22T09:59:50","guid":{"rendered":"http:\/\/nuevacordoba.net\/index.php\/2021\/04\/22\/defensa-y-justicia-igualo-con-independiente-del-valle-en-quito\/"},"modified":"2021-04-22T09:59:50","modified_gmt":"2021-04-22T09:59:50","slug":"defensa-y-justicia-igualo-con-independiente-del-valle-en-quito","status":"publish","type":"post","link":"http:\/\/nuevacordoba.net\/index.php\/2021\/04\/22\/defensa-y-justicia-igualo-con-independiente-del-valle-en-quito\/","title":{"rendered":"Defensa y Justicia igual\u00f3 con Independiente del Valle en Quito"},"content":{"rendered":"<div class=\"image\" id=\"image\" readability=\"7\"> <img src=\"http:\/\/nuevacordoba.net\/wp-content\/uploads\/2021\/04\/defensa-y-justicia-igualo-con-independiente-del-valle-en-quito.png\" alt=\"Empate importante para Defensa y Justicia en Quito. (imagen: Conmebol)\" title=\"Empate importante para Defensa y Justicia en Quito. (imagen: Conmebol)\"><\/p>\n<p>Empate importante para Defensa y Justicia en Quito. (imagen: Conmebol)<\/p>\n<\/div>\n<p>Defensa y Justicia, flamante campe\u00f3n de la Recopa Sudamericana, igual\u00f3 esta noche 1-1 como visitante de Independiente del Valle, en Ecuador, en partido v\u00e1lido por la primera fecha del grupo A de la edici\u00f3n 2021 de la Copa Libertadores.<\/p>\n<p>En el estadio de la Liga Deportiva Universitaria, en Quito, el conjunto del DT Sebasti\u00e1n Beccacece sostuvo el empate, apoyado en algunas intervenciones de su arquero, Ezequiel Unsain.<\/p>\n<p>El elenco de Florencio Varela se puso en ventaja a los 7 minutos del primer per\u00edodo, por intermedio del riocuartense Carlos Rotondi, quien rob\u00f3 una pelota en la mitad de la cancha, ensay\u00f3 una corrida y defini\u00f3 con un remate de zurda ante la salida de Mois\u00e9s Ram\u00edrez.<\/p>\n<p>Independiente del Valle, ganador de la Copa Sudamericana en la temporada 2019, estableci\u00f3 la igualdad, a trav\u00e9s de un cabezazo del argentino Cristian Ortiz (Pt. 28m.).<\/p>\n<p>El equipo ecuatoriano, que tuvo en sus filas a los argentinos Richard Schunke (ex Almagro), Cristian Pellerano (ex Nueva Chicago), Lorenzo Faravelli (ex Gimnasia La Plata) y al citado Ortiz, ejerci\u00f3 un n\u00edtido dominio de las acciones, sobre todo en la primera etapa, cuando gener\u00f3 situaciones de riesgo que bien le pudieron haber dado la ventaja.<\/p>\n<p>En el segundo per\u00edodo, el desarrollo se volvi\u00f3 menos intenso, aunque Independiente del Valle siempre se sinti\u00f3 protagonista y tuvo las chances para desnivelar.<\/p>\n<p>As\u00ed, Unsain se qued\u00f3 con un cabezazo del ingresado Pedro Vite, mientras que sobre los 34m., un remate de Pellerano se estrell\u00f3 en el horizontal.<\/p>\n<p>Defensa y Justicia, que no modific\u00f3 el esquema t\u00e1ctico 5-4-1 en ning\u00fan momento del partido, ya hab\u00eda resignado la posibilidad de la contra y prefer\u00eda acomodarse en el fondo para intentar conservar el punto. Finalmente, el \u2018Halc\u00f3n\u2019 cumpli\u00f3 su objetivo.<\/p>\n<p>En el otro encuentro del grupo, Palmeiras, de Brasil, el campe\u00f3n vigente de la Copa, dobleg\u00f3 como visitante a Universitario de Per\u00fa, por 3-2, en el estadio Monumental de Lima.<\/p>\n<p>El conjunto paulista marc\u00f3 por intermedio de Danilo (Pt. 20m.), Raphael Veiga (St. 7m.) y Ren\u00e1n (St. 51m.). El elenco \u2018verde\u2019 termin\u00f3 con diez hombres por la expulsi\u00f3n de Alan Empereur (St. 19m.), seg\u00fan consign\u00f3 \u2018Soccerway\u2019.<\/p>\n<p>En el elenco peruano, que dirige el DT santafesino Angel Comizzo, anot\u00f3 por duplicado el atacante argentino Enzo Guti\u00e9rrez (exinferiores de Boca Juniors), a los 21m. y 23m. de la segunda parte, el \u00faltimo mediante un penal.<\/p>\n","protected":false},"excerpt":{"rendered":"<p>Empate importante para Defensa y Justicia en Quito. (imagen: Conmebol) Defensa y Justicia, flamante campe\u00f3n de la Recopa Sudamericana, igual\u00f3 esta noche 1-1 como visitante de Independiente del Valle, en Ecuador, en partido v\u00e1lido por la primera fecha del grupo A de la edici\u00f3n 2021 de la Copa Libertadores. En el estadio de la Liga [&hellip;]<\/p>\n","protected":false},"author":1,"featured_media":3545,"comment_status":"closed","ping_status":"closed","sticky":false,"template":"","format":"standard","meta":[],"categories":[10],"tags":[],"_links":{"self":[{"href":"http:\/\/nuevacordoba.net\/index.php\/wp-json\/wp\/v2\/posts\/3544"}],"collection":[{"href":"http:\/\/nuevacordoba.net\/index.php\/wp-json\/wp\/v2\/posts"}],"about":[{"href":"http:\/\/nuevacordoba.net\/index.php\/wp-json\/wp\/v2\/types\/post"}],"author":[{"embeddable":true,"href":"http:\/\/nuevacordoba.net\/index.php\/wp-json\/wp\/v2\/users\/1"}],"replies":[{"embeddable":true,"href":"http:\/\/nuevacordoba.net\/index.php\/wp-json\/wp\/v2\/comments?post=3544"}],"version-history":[{"count":0,"href":"http:\/\/nuevacordoba.net\/index.php\/wp-json\/wp\/v2\/posts\/3544\/revisions"}],"wp:featuredmedia":[{"embeddable":true,"href":"http:\/\/nuevacordoba.net\/index.php\/wp-json\/wp\/v2\/media\/3545"}],"wp:attachment":[{"href":"http:\/\/nuevacordoba.net\/index.php\/wp-json\/wp\/v2\/media?parent=3544"}],"wp:term":[{"taxonomy":"category","embeddable":true,"href":"http:\/\/nuevacordoba.net\/index.php\/wp-json\/wp\/v2\/categories?post=3544"},{"taxonomy":"post_tag","embeddable":true,"href":"http:\/\/nuevacordoba.net\/index.php\/wp-json\/wp\/v2\/tags?post=3544"}],"curies":[{"name":"wp","href":"https:\/\/api.w.org\/{rel}","templated":true}]}}