{"id":3550,"date":"2021-04-22T10:00:31","date_gmt":"2021-04-22T10:00:31","guid":{"rendered":"https:\/\/www.espinof.com\/en-rodaje\/limites-rodrigo-santoro-alvaro-morte-seran-magallanes-elcano-ambiciosa-serie-historica-rtve-amazon"},"modified":"2021-04-22T10:00:31","modified_gmt":"2021-04-22T10:00:31","slug":"sin-limites-rodrigo-santoro-y-alvaro-morte-seran-magallanes-y-elcano-en-la-ambiciosa-serie-historica-de-rtve-y-amazon","status":"publish","type":"post","link":"http:\/\/nuevacordoba.net\/index.php\/2021\/04\/22\/sin-limites-rodrigo-santoro-y-alvaro-morte-seran-magallanes-y-elcano-en-la-ambiciosa-serie-historica-de-rtve-y-amazon\/","title":{"rendered":"&#8216;Sin l\u00edmites&#8217;: Rodrigo Santoro y \u00c1lvaro Morte ser\u00e1n Magallanes y Elcano en la ambiciosa serie hist\u00f3rica de RTVE y Amazon"},"content":{"rendered":"<p><a href=\"http:\/\/primevideo.com\">Amazon Prime Video<\/a> y RTVE han anunciado este jueves <strong>el reparto principal de una de las producciones m\u00e1s ambiciosas<\/strong> que tienen entre manos: &#8216;<a href=\"https:\/\/www.espinof.com\/proyectos\/amazon-rtve-buscan-nueva-master-commander-limites-ambiciosa-serie-viaje-magallanes-elcano\">Sin l\u00edmites<\/a>&#8216; ha encontrado a los actores que dar\u00e1n vida a los responsables de la gran expedici\u00f3n que dio por primera vez la vuelta al mundo en una serie que conmemora el V centenario de la haza\u00f1a.<\/p>\n<p><!-- BREAK 1 --><\/p>\n<p><strong>Rodrigo Santoro<\/strong> (&#8216;<a href=\"https:\/\/www.espinof.com\/fecha-de-estreno\/westworld-todo-que-sabemos-temporada-4-serie-hbo\">Westworld<\/a>&#8216;) y <strong>\u00c1lvaro Morte<\/strong> (&#8216;<a href=\"https:\/\/www.espinof.com\/series-de-ficcion\/que-acabar-casa-papel-temporada-5-mejor-decision-para-bombazo-netflix\">La casa de papel<\/a>&#8216;) ser\u00e1n los encargados de encarnar a <strong>Fernando de Magallanes y Juan Sebasti\u00e1n Elcano<\/strong> en esta miniserie de cuatro episodios que contar\u00e1 con el guion de Patxi Amezcua (&#8216;<a href=\"https:\/\/www.espinof.com\/criticas\/desaparecidos-amazon-estrena-serie-policiaca-que-antepone-emocion-a-accion\">Desaparecidos<\/a>&#8216;) y la direcci\u00f3n de Simon West (&#8216;<a href=\"https:\/\/www.espinof.com\/proyectos\/con-air-las-razones-por-las-que-esta-obra-maestra-intemporal-sigue-volando-muy-alto\">Con Air<\/a>&#8216;).<\/p>\n<p><!-- BREAK 2 --> <\/p>\n<div class=\"article-asset article-asset-normal article-asset-center\">\n<div class=\"desvio-container\">\n<div class=\"desvio\">\n<div class=\"desvio-figure js-desvio-figure\"> <a href=\"https:\/\/www.espinof.com\/listas\/mejores-series-epoca-netflix-hbo-amazon-movistar\"> <img alt=\"Las 23 mejores series de \u00e9poca en Netflix, HBO, Amazon y Movistar+\" src=\"http:\/\/nuevacordoba.net\/wp-content\/uploads\/2021\/04\/sin-limites-rodrigo-santoro-y-alvaro-morte-seran-magallanes-y-elcano-en-la-ambiciosa-serie-historica-de-rtve-y-amazon.jpg\"> <\/a> <\/div><\/div><\/div>\n<\/div>\n<p>No son los \u00fanicos miembros del reparto en ser anunciados, ya que el elenco principal estar\u00e1 completado por <strong>Sergio Peris-Mencheta, Adri\u00e1n Lastra , Carlos Cuevas, Pep\u00f3n Nieto<\/strong>, Ra\u00fal Tej\u00f3n, Gon\u00e7alo Diniz, Manuel Mor\u00f3n y B\u00e1rbara Goenaga.<\/p>\n<p><!-- BREAK 3 --><\/p>\n<h2>500 a\u00f1os de la expedici\u00f3n<\/h2>\n<p>Si bien no se ha anunciado fecha de estreno, el rodaje de &#8216;Sin l\u00edmites&#8217; <strong>se iniciar\u00e1 el pr\u00f3ximo lunes 26 de abril en distintas localizaciones de Pa\u00eds Vasco y Navarra<\/strong> para luego pasar a rodar las secuencias mar\u00edtimas en Rep\u00fablica Dominicana. Para la producci\u00f3n se reconstruir\u00e1n las naves Victoria y Trinidad y se utilizar\u00e1 la r\u00e9plica de la Nao Victoria, el \u00fanico barco en regresar a puerto.<\/p>\n<p><!-- BREAK 4 --><\/p>\n<p>Con &#8216;Sin l\u00edmites&#8217; se nos promete un drama lleno de aventuras con esta misi\u00f3n casi imposible en la que se embarcaron 239 marineros. No es la primera colaboraci\u00f3n entre RTVE y Amazon, ni siquiera en el g\u00e9nero hist\u00f3rico, ya el a\u00f1o pasado pudimos ver la notable &#8216;<a href=\"https:\/\/www.espinof.com\/criticas\/ines-alma-mia-apasionante-serie-historica-amazon-brillante-duo-protagonista\">In\u00e9s del Alma M\u00eda<\/a>&#8216;, <strong>protagonizada por Elena Rivera<\/strong>.<\/p>\n<p><!-- BREAK 5 --> <\/p>\n","protected":false},"excerpt":{"rendered":"<p>Amazon Prime Video y RTVE han anunciado este jueves el reparto principal de una de las producciones m\u00e1s ambiciosas que tienen entre manos: &#8216;Sin l\u00edmites&#8216; ha encontrado a los actores que dar\u00e1n vida a los responsables de la gran expedici\u00f3n que dio por primera vez la vuelta al mundo en una serie que conmemora el [&hellip;]<\/p>\n","protected":false},"author":1,"featured_media":3551,"comment_status":"closed","ping_status":"closed","sticky":false,"template":"","format":"standard","meta":[],"categories":[6],"tags":[],"_links":{"self":[{"href":"http:\/\/nuevacordoba.net\/index.php\/wp-json\/wp\/v2\/posts\/3550"}],"collection":[{"href":"http:\/\/nuevacordoba.net\/index.php\/wp-json\/wp\/v2\/posts"}],"about":[{"href":"http:\/\/nuevacordoba.net\/index.php\/wp-json\/wp\/v2\/types\/post"}],"author":[{"embeddable":true,"href":"http:\/\/nuevacordoba.net\/index.php\/wp-json\/wp\/v2\/users\/1"}],"replies":[{"embeddable":true,"href":"http:\/\/nuevacordoba.net\/index.php\/wp-json\/wp\/v2\/comments?post=3550"}],"version-history":[{"count":0,"href":"http:\/\/nuevacordoba.net\/index.php\/wp-json\/wp\/v2\/posts\/3550\/revisions"}],"wp:featuredmedia":[{"embeddable":true,"href":"http:\/\/nuevacordoba.net\/index.php\/wp-json\/wp\/v2\/media\/3551"}],"wp:attachment":[{"href":"http:\/\/nuevacordoba.net\/index.php\/wp-json\/wp\/v2\/media?parent=3550"}],"wp:term":[{"taxonomy":"category","embeddable":true,"href":"http:\/\/nuevacordoba.net\/index.php\/wp-json\/wp\/v2\/categories?post=3550"},{"taxonomy":"post_tag","embeddable":true,"href":"http:\/\/nuevacordoba.net\/index.php\/wp-json\/wp\/v2\/tags?post=3550"}],"curies":[{"name":"wp","href":"https:\/\/api.w.org\/{rel}","templated":true}]}}