{"id":3563,"date":"2021-04-22T10:00:55","date_gmt":"2021-04-22T10:00:55","guid":{"rendered":"http:\/\/nuevacordoba.net\/index.php\/2021\/04\/22\/el-peso-del-estado-la-presion-tributaria-se-encamina-a-record-331\/"},"modified":"2021-04-22T10:00:55","modified_gmt":"2021-04-22T10:00:55","slug":"el-peso-del-estado-la-presion-tributaria-se-encamina-a-record-331","status":"publish","type":"post","link":"http:\/\/nuevacordoba.net\/index.php\/2021\/04\/22\/el-peso-del-estado-la-presion-tributaria-se-encamina-a-record-331\/","title":{"rendered":"El peso del Estado: la presi\u00f3n tributaria se encamina a r\u00e9cord: 33,1%"},"content":{"rendered":"<ul>\n<li><span>La carga impositiva vuelve a tener un recorrido ascendente.<\/span><\/li>\n<li><span>Aument\u00f3 15 puntos desde 2002.<\/span><\/li>\n<li><span>Para los empresarios, es \u00abbrutal\u00bb.<\/span><\/li>\n<\/ul>\n<p>\u00abEl Estado resulta un peso que los contribuyentes ya no pueden sostener\u00bb. As\u00ed se titula un estudio difundido por el Ieral, el instituto de investigaci\u00f3n econ\u00f3mica de la <a href=\"https:\/\/www.lavoz.com.ar\/temas\/fundacion-mediterranea-1\" target=\"_blank\" rel=\"noopener\">Fundaci\u00f3n Mediterr\u00e1nea<\/a>, que alerta sobre el fin del ciclo donde el sector p\u00fablico le transfiere toda la carga al privado, en medio de los efectos nocivos de la pandemia de <a href=\"https:\/\/www.lavoz.com.ar\/temas\/coronavirus\" target=\"_blank\" rel=\"noopener\">Covid-19<\/a>.<\/p>\n<p>El an\u00e1lisis fue rubricado por empresarios que no dudaron en calificar como \u201cbrutal\u201d e \u201cinsostenible\u201d el peso de los tributos, en particular aquellos que provienen de la \u00f3rbita nacional. Sin embargo, sumados a los que aplican las provincias y los municipios, el paquete impositivo constituye una mara\u00f1a que se extiende a todos los rincones de la vida de las personas y las empresas.<\/p>\n<p>\u201cLuego de bajar del 33,8 al 30,9% del PIB entre 2015 y 2019, la presi\u00f3n tributaria en Argentina subi\u00f3 a 32,4% en 2020 y apunta a 33,1% en 2021, retomando una tendencia alcista que hab\u00eda exhibido entre 2002 y 2015, cuando pas\u00f3 del 19,3 al 33,8% del PIB; cerca de 15 puntos porcentuales de suba en 13 a\u00f1os\u201d, indica el trabajo encabezado por el economista Marcelo Capello, titular del Ieral.<\/p>\n<p>Argentina y Brasil encabezan el ranking de presi\u00f3n tributaria en Am\u00e9rica latina, ubic\u00e1ndose ambos tambi\u00e9n por encima de Estados Unidos, Australia y Corea del Sur. S\u00f3lo en Europa se observan porcentuales mayores con algunas naciones que ya superan el 45% del PIB, aunque prestan con eficiencia y calidad una mayor cantidad de servicios.<\/p>\n<p>Datos duros del estudio:<\/p>\n<p><strong>Primero.<\/strong> La presi\u00f3n tributaria subi\u00f3 11 puntos del PIB en dos d\u00e9cadas en Argentina, para financiar un gasto p\u00fablico que tambi\u00e9n aument\u00f3 con desmesura en dicho per\u00edodo, cuando pas\u00f3 de 30% al 47% del PIB.<\/p>\n<p><strong>Segundo.<\/strong> Dado que la fuerte suba de impuestos \u00abno result\u00f3 suficiente para financiar tal incremento en el gasto p\u00fablico, se gener\u00f3 adem\u00e1s un elevado d\u00e9ficit primario, que en 2020 result\u00f3 6,5% del PIB (para este a\u00f1o el presupuesto prev\u00e9 4,2%), con sus conocidas consecuencias en t\u00e9rminos de inflaci\u00f3n y endeudamiento\u00bb, se\u00f1al\u00f3.<\/p>\n<figure><img alt class=\"lazyload block \" data-sizes=\"auto\" data-src=\"http:\/\/nuevacordoba.net\/wp-content\/uploads\/2021\/04\/el-peso-del-estado-la-presion-tributaria-se-encamina-a-record-331.jpg\" width=\"555px\" height=\"413px\"><\/figure>\n<p>Ayer tambi\u00e9n, el ministro de Econom\u00eda, Mart\u00edn Guzm\u00e1n, abri\u00f3 el paraguas sobre la inflaci\u00f3n de marzo. Ser\u00e1 la m\u00e1s alta de lo que va de 2021, despu\u00e9s comenzar\u00e1 a bajar, asegur\u00f3.<\/p>\n<p>El Ieral se\u00f1ala que en la medici\u00f3n del peso de los impuestos sobre las utilidades brutas de una empresa mediana, los resultados colocan a la Argentina en el segundo lugar, detr\u00e1s de las casi desconocidas islas Comoras, frente a \u00c1frica.<\/p>\n<p>A partir de 2019 la Argentina retom\u00f3 la senda de suba de la presi\u00f3n tributaria. Aumentaron, por ejemplo, los derechos de exportaci\u00f3n (Macri), Bienes Personales, se cre\u00f3 el impuesto Pa\u00eds (Alberto Fern\u00e1ndez), se introdujo un anticipo de 35% en Ganancias para comprar al exterior, se modific\u00f3 este tributo tambi\u00e9n en otras \u00e1reas donde recae. Como si fuera poco, tambi\u00e9n se mand\u00f3 al freezer la reducci\u00f3n gradual de impuestos aprobada en 2017, y algunas provincias subieron Ingresos Brutos al tope de las escalas.<\/p>\n<p>Este a\u00f1o se agreg\u00f3 el \u201cimpuesto a la riqueza\u201d que se superpone con Bienes Personales y casi todas las jurisdicciones subieron las al\u00edcuotas sobre inmuebles, autos, embarcaciones y un largo etc\u00e9tera.<\/p>\n<p>\u201cEn la jurisdicci\u00f3n nacional la presi\u00f3n tributaria es brutal y eso hace pr\u00e1cticamente inviable la inversi\u00f3n. El cambio de reglas en el Impuesto a las Ganancias, tal como se est\u00e1 hablando, tambi\u00e9n es terrible. S\u00f3lo puede invertir alguien que tenga mucho amor a la patria o condiciones excepcionales\u201d, se\u00f1al\u00f3 Luis Arga\u00f1aras, empresario del sector qu\u00edmico y presidente de Caisal, la c\u00e1mara de la industria de la salud. Si bien el peso del Estado llega a todos los sectores productivos, una lista corta de los m\u00e1s afectados son las actividades agropecuarias, fabricaci\u00f3n de alimentos, telecomunicaciones, producci\u00f3n y comercializaci\u00f3n de autom\u00f3viles, energ\u00eda, hoteler\u00eda y los clientes de la actividad financiera.<\/p>\n<p>\u00abSe generan pol\u00edticas que son una m\u00e1quina de entorpecer la capacidad de generaci\u00f3n de riqueza que tiene el campo\u00bb, sostiene ante<strong> La Voz<\/strong> Gabriel De Raedemaker, vicepresidente de Confederaciones Rurales (CRA). Tras evaluar que existe \u00abuna red insostenible de tributos\u00bb, ejemplific\u00f3 que el Gobierno habl\u00f3 de cerrar las exportaciones c\u00e1rnicas para bajar los precios en el mercado interno.<\/p>\n<p>\u201cLa mitad del precio de la carne es la componente impositiva. Eso se repite en cada uno de los alimentos. Es m\u00e1s, la mitad del monto de la tarjeta Alimentar vuelve al Estado en concepto de impuestos. Es necesaria una reforma muy fuerte\u201d, apunt\u00f3.<\/p>\n<p>Eduardo Accastello remarc\u00f3 que la alta carga tributaria \u201cimpacta en la competitividad y lo que tenemos que hacer es trabajar para que haya menos presi\u00f3n\u201d, indic\u00f3. El ministro de Industria, Comercio y Miner\u00eda dijo que C\u00f3rdoba pone el foco en liberar de carga impositiva a la industria a trav\u00e9s del esquema de desgravaci\u00f3n por inversiones o nuevo empleo.<\/p>\n<p>\u201cDesde la producci\u00f3n hasta la llegada al cliente, el 54% de un autom\u00f3vil son impuestos. Es un problema hist\u00f3rico y traba el acceso a este bien. Como sector le estamos planteando a los gobiernos revisar al\u00edcuotas que nos impactan en la comercializaci\u00f3n porque inciden en las comisiones de ventas; necesitamos resolver la rentabilidad\u201d, dice Sebasti\u00e1n Parra, titular de Acara regional C\u00f3rdoba.<\/p>\n","protected":false},"excerpt":{"rendered":"<p>La carga impositiva vuelve a tener un recorrido ascendente. Aument\u00f3 15 puntos desde 2002. Para los empresarios, es \u00abbrutal\u00bb. \u00abEl Estado resulta un peso que los contribuyentes ya no pueden sostener\u00bb. As\u00ed se titula un estudio difundido por el Ieral, el instituto de investigaci\u00f3n econ\u00f3mica de la Fundaci\u00f3n Mediterr\u00e1nea, que alerta sobre el fin del [&hellip;]<\/p>\n","protected":false},"author":1,"featured_media":3564,"comment_status":"closed","ping_status":"closed","sticky":false,"template":"","format":"standard","meta":[],"categories":[12],"tags":[],"_links":{"self":[{"href":"http:\/\/nuevacordoba.net\/index.php\/wp-json\/wp\/v2\/posts\/3563"}],"collection":[{"href":"http:\/\/nuevacordoba.net\/index.php\/wp-json\/wp\/v2\/posts"}],"about":[{"href":"http:\/\/nuevacordoba.net\/index.php\/wp-json\/wp\/v2\/types\/post"}],"author":[{"embeddable":true,"href":"http:\/\/nuevacordoba.net\/index.php\/wp-json\/wp\/v2\/users\/1"}],"replies":[{"embeddable":true,"href":"http:\/\/nuevacordoba.net\/index.php\/wp-json\/wp\/v2\/comments?post=3563"}],"version-history":[{"count":0,"href":"http:\/\/nuevacordoba.net\/index.php\/wp-json\/wp\/v2\/posts\/3563\/revisions"}],"wp:featuredmedia":[{"embeddable":true,"href":"http:\/\/nuevacordoba.net\/index.php\/wp-json\/wp\/v2\/media\/3564"}],"wp:attachment":[{"href":"http:\/\/nuevacordoba.net\/index.php\/wp-json\/wp\/v2\/media?parent=3563"}],"wp:term":[{"taxonomy":"category","embeddable":true,"href":"http:\/\/nuevacordoba.net\/index.php\/wp-json\/wp\/v2\/categories?post=3563"},{"taxonomy":"post_tag","embeddable":true,"href":"http:\/\/nuevacordoba.net\/index.php\/wp-json\/wp\/v2\/tags?post=3563"}],"curies":[{"name":"wp","href":"https:\/\/api.w.org\/{rel}","templated":true}]}}