{"id":35745,"date":"2023-08-22T19:52:12","date_gmt":"2023-08-22T19:52:12","guid":{"rendered":"https:\/\/puntoapunto.com.ar\/?p=349822"},"modified":"2023-08-22T19:52:12","modified_gmt":"2023-08-22T19:52:12","slug":"massa-anuncio-financiamiento-por-us-1-300-millones","status":"publish","type":"post","link":"http:\/\/nuevacordoba.net\/index.php\/2023\/08\/22\/massa-anuncio-financiamiento-por-us-1-300-millones\/","title":{"rendered":"Massa anunci\u00f3 financiamiento por US$ 1.300 millones"},"content":{"rendered":"<div class=\"g g-36\">\n<div class=\"g-dyn a-29 c-1\"><a class=\"gofollow\" data-track=\"MjksMzYsMSw2MA==\" href=\"https:\/\/www.harmoniechateau.com.ar\/\" target=\"_blank\" rel=\"noopener\"><img class=\"lazyload\" src=\"http:\/\/nuevacordoba.net\/wp-content\/uploads\/2023\/08\/massa-anuncio-financiamiento-por-us-1-300-millones.jpg\"><\/a><\/div>\n<\/div>\n<p>El ministro de Econom\u00eda,&nbsp;<strong>Sergio Massa<\/strong>, anunci\u00f3 este martes en Washington que el Banco Mundial y el Banco Interamericano de Desarrollo (BID) otorgar\u00e1n un&nbsp;<strong>financiamiento adicional al pa\u00eds por un total de US$1.300 millones<\/strong>.\n<\/p>\n<p>En una rueda de prensa, el ministro explic\u00f3 que el Banco Mundial financiar\u00e1 un programa de seguridad alimentaria por US$ 450 millones y otro de financiamiento de comercio exterior para pymes por US$ 200 millones; en tanto el BID aportar\u00e1 US$ 650 millones para la modernizaci\u00f3n de la represa de Salto Grande.\n<\/p>\n<p>\u00abE<strong>l proceso de acumulaci\u00f3n de reservas va a seguir pero sin frenar la actividad\u00bb<\/strong>, afirm\u00f3 el ministro de Econom\u00eda durante el encuentro con la prensa realizado desde&nbsp;el Banco Interamericano de Desarrollo (BID) en Washington.\n<\/p>\n<p><iframe id=\"_ytid_41139\" width=\"480\" height=\"270\" data-origwidth=\"480\" data-origheight=\"270\" src=\"https:\/\/www.youtube.com\/embed\/5my21rlEWBE?enablejsapi=1&amp;autoplay=0&amp;cc_load_policy=0&amp;cc_lang_pref=&amp;iv_load_policy=1&amp;loop=0&amp;modestbranding=0&amp;rel=0&amp;fs=1&amp;playsinline=0&amp;autohide=2&amp;theme=dark&amp;color=red&amp;controls=1&amp;\" class=\"__youtube_prefs__ epyt-is-override no-lazyload\" title=\"YouTube player\" allow=\"accelerometer; autoplay; clipboard-write; encrypted-media; gyroscope; picture-in-picture\" allowfullscreen data-no-lazy=\"1\" data-skipgform_ajax_framebjll>[embedded content]<\/iframe>\n<\/p>\n<p>Tras recordar que en los \u00faltimos 21 d\u00edas se han sumado US$ 1.700 millones, Massa explic\u00f3 que<strong>&nbsp;\u00abel objetivo es seguir acumulando reservas en el a\u00f1o m\u00e1s tr\u00e1gico para la econom\u00eda argentina por el impacto de sequ\u00eda\u00bb.<\/strong><\/p>\n<p>En tanto, fuentes del entorno del ministro adelantaron que para su regreso a Buenos Aires,&nbsp;<strong>se prev\u00e9 el anuncio de las medidas econ\u00f3micas en las cuales estuvo trabajando Massa y su equipo econ\u00f3mico.<\/strong>\n<\/p>\n<p>Seg\u00fan indicaron las fuentes, las medidas \u00abcomenzar\u00e1n a anunciarse a partir de este jueves\u00bb y apuntar\u00e1n a<strong>&nbsp;la \u00abrecomposici\u00f3n de ingresos&nbsp;<\/strong>-salariales, jubilaciones y asignaci\u00f3n universal por hijo( AUH)-\u00bb y a \u00abpymes y econom\u00edas regionales\u00bb, como retenciones cero a sectores que exporten valor agregado y \u00abque apunten a traer d\u00f3lares al pa\u00eds y ayuden a contrarrestar el impacto que provoc\u00f3 el resultado de las PASO en el mercado de bonos y en las reservas\u00bb.\n<\/p>\n<div class=\"g g-38\">\n<div class=\"g-dyn a-12 c-1\"><a class=\"gofollow\" data-track=\"MTIsMzgsMSw2MA==\" href=\"https:\/\/hospitalprivado.com.ar\/landing-trasplante.html\" target=\"_blank\" rel=\"noopener\"><img class=\"lazyload\" src=\"http:\/\/nuevacordoba.net\/wp-content\/uploads\/2023\/08\/massa-anuncio-financiamiento-por-us-1-300-millones.png\"><\/a><\/div>\n<\/div>\n","protected":false},"excerpt":{"rendered":"<p>El ministro de Econom\u00eda,&nbsp;Sergio Massa, anunci\u00f3 este martes en Washington que el Banco Mundial y el Banco Interamericano de Desarrollo (BID) otorgar\u00e1n un&nbsp;financiamiento adicional al pa\u00eds por un total de US$1.300 millones. En una rueda de prensa, el ministro explic\u00f3 que el Banco Mundial financiar\u00e1 un programa de seguridad alimentaria por US$ 450 millones y [&hellip;]<\/p>\n","protected":false},"author":1,"featured_media":35746,"comment_status":"open","ping_status":"closed","sticky":false,"template":"","format":"standard","meta":[],"categories":[12,14],"tags":[],"_links":{"self":[{"href":"http:\/\/nuevacordoba.net\/index.php\/wp-json\/wp\/v2\/posts\/35745"}],"collection":[{"href":"http:\/\/nuevacordoba.net\/index.php\/wp-json\/wp\/v2\/posts"}],"about":[{"href":"http:\/\/nuevacordoba.net\/index.php\/wp-json\/wp\/v2\/types\/post"}],"author":[{"embeddable":true,"href":"http:\/\/nuevacordoba.net\/index.php\/wp-json\/wp\/v2\/users\/1"}],"replies":[{"embeddable":true,"href":"http:\/\/nuevacordoba.net\/index.php\/wp-json\/wp\/v2\/comments?post=35745"}],"version-history":[{"count":0,"href":"http:\/\/nuevacordoba.net\/index.php\/wp-json\/wp\/v2\/posts\/35745\/revisions"}],"wp:featuredmedia":[{"embeddable":true,"href":"http:\/\/nuevacordoba.net\/index.php\/wp-json\/wp\/v2\/media\/35746"}],"wp:attachment":[{"href":"http:\/\/nuevacordoba.net\/index.php\/wp-json\/wp\/v2\/media?parent=35745"}],"wp:term":[{"taxonomy":"category","embeddable":true,"href":"http:\/\/nuevacordoba.net\/index.php\/wp-json\/wp\/v2\/categories?post=35745"},{"taxonomy":"post_tag","embeddable":true,"href":"http:\/\/nuevacordoba.net\/index.php\/wp-json\/wp\/v2\/tags?post=35745"}],"curies":[{"name":"wp","href":"https:\/\/api.w.org\/{rel}","templated":true}]}}