{"id":3587,"date":"2021-04-23T09:41:57","date_gmt":"2021-04-23T09:41:57","guid":{"rendered":"http:\/\/nuevacordoba.net\/index.php\/2021\/04\/23\/rusia-anuncia-un-repliegue-en-la-frontera-con-ucrania-tras-escalada-con-eeuu-y-ue\/"},"modified":"2021-04-23T09:41:57","modified_gmt":"2021-04-23T09:41:57","slug":"rusia-anuncia-un-repliegue-en-la-frontera-con-ucrania-tras-escalada-con-eeuu-y-ue","status":"publish","type":"post","link":"http:\/\/nuevacordoba.net\/index.php\/2021\/04\/23\/rusia-anuncia-un-repliegue-en-la-frontera-con-ucrania-tras-escalada-con-eeuu-y-ue\/","title":{"rendered":"Rusia anuncia un repliegue en la frontera con Ucrania tras escalada con EEUU y UE"},"content":{"rendered":"<div class=\"image\" id=\"image\" readability=\"10\"> <img src=\"http:\/\/nuevacordoba.net\/wp-content\/uploads\/2021\/04\/rusia-anuncia-un-repliegue-en-la-frontera-con-ucrania-tras-escalada-con-eeuu-y-ue.jpg\" alt=\"&quot;Tom\u00e9 la decisi\u00f3n de concluir las actividades&quot;, inform\u00f3 el ministro de Defensa ruso, Serguei Shoigu.\" title=\"&quot;Tom\u00e9 la decisi\u00f3n de concluir las actividades&quot;, inform\u00f3 el ministro de Defensa ruso, Serguei Shoigu.\"><\/p>\n<p>\u00abTom\u00e9 la decisi\u00f3n de concluir las actividades\u00bb, inform\u00f3 el ministro de Defensa ruso, Serguei Shoigu.<\/p>\n<\/div>\n<p>Despu\u00e9s de meses de escalada diplom\u00e1tica y cruce de advertencias con las potencias occidentales, Rusia anunci\u00f3 que comenzar\u00e1 a replegar las fuerzas militares movilizadas a la frontera con Ucrania, escenario hace cinco a\u00f1os de una guerra separatista del lado vecino que sigue siendo uno de los temas m\u00e1s espinosos en la relaci\u00f3n entre Mosc\u00fa y Estados Unidos y Europa.<\/p>\n<p><strong>\u00abLas tropas han demostrado su capacidad de garantizar una defensa fiable del pa\u00eds. Por eso, tom\u00e9 la decisi\u00f3n de concluir las actividades de control en los distritos militares Sur y Oeste\u00bb<\/strong>, inform\u00f3 el ministro de Defensa, Serguei Shoigu, en un comunicado, tras participar en un acto oficial en la Pen\u00ednsula de Crimea.<\/p>\n<p>La relaci\u00f3n entre Rusia y Ucrania ha sido hist\u00f3ricamente tensa, desde el inicio de la URSS. Pero el \u00faltimo cap\u00edtulo m\u00e1s conflictivo se inici\u00f3 en febrero de 2014 cuando, tras meses de masivas protestas apoyadas por Estados Unidos y la Uni\u00f3n Europea, el entonces presidente y aliado de Mosc\u00fa fue derrocado y asumi\u00f3 un Gobierno tecn\u00f3crata aliado de las potencias occidentales.<\/p>\n<p>Este giro desat\u00f3 un levantamiento separatista en la estrat\u00e9gica Pen\u00ednsula de Crimea, donde Rusia mantuvo su principal base naval a\u00fan despu\u00e9s de la independencia ucraniana, y, con la ayuda de un desembarco camuflado de militares rusos, esta regi\u00f3n fue anexada por el Kremlin apenas un mes despu\u00e9s.<\/p>\n<p>Esta anexi\u00f3n desat\u00f3 un enfrentamiento diplom\u00e1tico con las potencias occidente y una lluvia de sanciones contra Rusia que a\u00fan contin\u00faan hoy.<\/p>\n<p>En medio de este contexto de tensi\u00f3n, dos provincias del este ucraniano, lindantes con el oeste del territorio ruso, se levantaron en armas e intentaron tambi\u00e9n unirse a Rusia. Pero esta vez Mosc\u00fa no lo apoy\u00f3, aunque s\u00ed declar\u00f3 leg\u00edtimos sus reclamos contra el nuevo Gobierno ucraniano, que pide ingresar a la alianza militar occidental de la OTAN.<\/p>\n<p>Desde entonces, partes de esas provincias siguen en manos de separatistas prorusos y el conflicto sigue, aunque los combates son m\u00e1s espor\u00e1dicos.<\/p>\n<p>La movilizaci\u00f3n de tropas rusas el mes pasado a esa zona fronteriza hizo temer en Estados Unidos, Europa y en Ucrania una reactivaci\u00f3n del conflicto armado.<\/p>\n<blockquote readability=\"11\">\n<p> \u00abLa reducci\u00f3n de tropas en nuestra frontera conduce a una reducci\u00f3n proporcional de la tensi\u00f3n. Ucrania sigue vigilante, pero se felicita de cualquier medida que tienda a reducir la presencia militar\u00bb<span class=\"comilla\">\u201d<\/span><\/p>\n<p><span>Vladimir Zelenski, presidente de Ucrania<\/span><\/p>\n<\/blockquote>\n<p>Sin embargo, este jueves el ministro de Defensa ruso anunci\u00f3 que dio la orden a esos militares de regresar \u00aba sus bases permanentes\u00bb a partir del viernes.<\/p>\n<p><strong>\u00abLos efectivos mostraron un alto nivel de preparaci\u00f3n profesional. Las unidades cumplieron las normativas de la m\u00e1xima preparaci\u00f3n de combate y del desplazamiento a grandes distancias\u00bb<\/strong>, destac\u00f3 el miembro del Gobierno de Vladimir Putin desde Crimea, seg\u00fan la agencia de noticias Sputnik.<\/p>\n<p>La tensi\u00f3n escal\u00f3 hasta tal punto en las \u00faltimas semanas que el presidente de Ucrania, Vladimir Zelenski, desaf\u00edo a su par ruso a reunirse con \u00e9l cerca del frente de combate, en el este ucraniano.<\/p>\n<p>Este Jueves, Zelenski celebr\u00f3 el repliegue ruso: \u00abLa reducci\u00f3n de tropas en nuestra frontera conduce a una reducci\u00f3n proporcional de la tensi\u00f3n. Ucrania sigue vigilante, pero se felicita de cualquier medida que tienda a reducir la presencia militar\u00bb, escribi\u00f3 en Twitter.<\/p>\n<p>La OTAN, en cambio, fue menos contundente.<\/p>\n<p>\u00abCualquier paso hacia una desescalada por parte de Rusia es importante y ya debi\u00f3 haber sido tomado. La OTAN se mantiene vigilante y seguir\u00e1 su monitoreo de la injustificada concentraci\u00f3n de tropas de Rusia en y alrededor de Ucrania\u00bb, seg\u00fan un comunicado.<\/p>\n<p>En paralelo, Putin levant\u00f3 el guante de su par ucraniano y lo invit\u00f3 a Mosc\u00fa para una reuni\u00f3n sobre \u00abel desarrollo de las relaciones bilaterales\u00bb. Eso si, aclar\u00f3, si se trata sobre el conflicto separatista en su pa\u00eds deber\u00eda hablar con las milicias que tomaron los Gobiernos de dos de sus provincias en 2014.<\/p>\n<p>Aunque el repliegue militar ruso era uno de los pedidos expl\u00edcitos de Estados Unidos y las potencias europeas, no baj\u00f3 la tensi\u00f3n que d\u00eda a d\u00eda escala entre ellos y Rusia, y que registr\u00f3 nuevas expulsiones de decenas de diplom\u00e1ticos de ambos lados.<\/p>\n<p>Tanto Estados Unidos como las potencias europeos presionan a Mosc\u00fa tambi\u00e9n por otros temas como la detenci\u00f3n del l\u00edder opositor Alexei Navalny y supuestos ataques cibern\u00e9ticos contra empresas y durante la campa\u00f1a presidencial norteamericana, entre otras acusaciones. <\/p>\n","protected":false},"excerpt":{"rendered":"<p>\u00abTom\u00e9 la decisi\u00f3n de concluir las actividades\u00bb, inform\u00f3 el ministro de Defensa ruso, Serguei Shoigu. Despu\u00e9s de meses de escalada diplom\u00e1tica y cruce de advertencias con las potencias occidentales, Rusia anunci\u00f3 que comenzar\u00e1 a replegar las fuerzas militares movilizadas a la frontera con Ucrania, escenario hace cinco a\u00f1os de una guerra separatista del lado vecino [&hellip;]<\/p>\n","protected":false},"author":1,"featured_media":3588,"comment_status":"closed","ping_status":"closed","sticky":false,"template":"","format":"standard","meta":[],"categories":[13],"tags":[],"_links":{"self":[{"href":"http:\/\/nuevacordoba.net\/index.php\/wp-json\/wp\/v2\/posts\/3587"}],"collection":[{"href":"http:\/\/nuevacordoba.net\/index.php\/wp-json\/wp\/v2\/posts"}],"about":[{"href":"http:\/\/nuevacordoba.net\/index.php\/wp-json\/wp\/v2\/types\/post"}],"author":[{"embeddable":true,"href":"http:\/\/nuevacordoba.net\/index.php\/wp-json\/wp\/v2\/users\/1"}],"replies":[{"embeddable":true,"href":"http:\/\/nuevacordoba.net\/index.php\/wp-json\/wp\/v2\/comments?post=3587"}],"version-history":[{"count":0,"href":"http:\/\/nuevacordoba.net\/index.php\/wp-json\/wp\/v2\/posts\/3587\/revisions"}],"wp:featuredmedia":[{"embeddable":true,"href":"http:\/\/nuevacordoba.net\/index.php\/wp-json\/wp\/v2\/media\/3588"}],"wp:attachment":[{"href":"http:\/\/nuevacordoba.net\/index.php\/wp-json\/wp\/v2\/media?parent=3587"}],"wp:term":[{"taxonomy":"category","embeddable":true,"href":"http:\/\/nuevacordoba.net\/index.php\/wp-json\/wp\/v2\/categories?post=3587"},{"taxonomy":"post_tag","embeddable":true,"href":"http:\/\/nuevacordoba.net\/index.php\/wp-json\/wp\/v2\/tags?post=3587"}],"curies":[{"name":"wp","href":"https:\/\/api.w.org\/{rel}","templated":true}]}}