{"id":36052,"date":"2023-08-31T15:36:55","date_gmt":"2023-08-31T15:36:55","guid":{"rendered":"https:\/\/cordoba.gob.ar\/?p=50726"},"modified":"2023-08-31T15:36:55","modified_gmt":"2023-08-31T15:36:55","slug":"cordoba-adhirio-al-compromiso-por-la-alfabetizacion","status":"publish","type":"post","link":"http:\/\/nuevacordoba.net\/index.php\/2023\/08\/31\/cordoba-adhirio-al-compromiso-por-la-alfabetizacion\/","title":{"rendered":"C\u00f3rdoba adhiri\u00f3 al compromiso por la alfabetizaci\u00f3n"},"content":{"rendered":"<div><img src=\"http:\/\/nuevacordoba.net\/wp-content\/uploads\/2023\/08\/cordoba-adhirio-al-compromiso-por-la-alfabetizacion.jpg\" class=\"ff-og-image-inserted\"><\/div>\n<ul>\n<li><strong>La iniciativa tiene por con el objetivo&nbsp; lograr que todos los estudiantes de 3er grado de la primaria logren niveles satisfactorios de alfabetizaci\u00f3n y comprensi\u00f3n lectora.<\/strong><\/li>\n<\/ul>\n<hr>\n<p>El intendente Mart\u00edn Llaryora, en su condici\u00f3n de gobernador electo de la provincia, firm\u00f3 la adhesi\u00f3n de C\u00f3rdoba al \u201cCompromiso por la Educaci\u00f3n\u201d, una iniciativa impulsada por la Campa\u00f1a Nacional por la Alfabetizaci\u00f3n Inicial impulsada por m\u00e1s de 130 organizaciones de la sociedad civil, expertos y personalidades de distintos \u00e1mbitos, con el objetivo primordial de lograr que todos los estudiantes de 3er grado de la primaria logren niveles satisfactorios de alfabetizaci\u00f3n y comprensi\u00f3n lectora.<\/p>\n<p>En el marco de la audiencia solicitada por \u201cArgentinos por la Educaci\u00f3n\u201d, una de las organizaciones que impulsa la campa\u00f1a, su Director Ejecutivo, Ignacio Ibarz\u00e1bal, se reuni\u00f3 con el gobernador electo de C\u00f3rdoba, quien impulsar\u00e1 esta iniciativa en toda la provincia en la gesti\u00f3n que inicia el pr\u00f3ximo 10 de diciembre.<\/p>\n<p>De esta manera, C\u00f3rdoba se convirti\u00f3 en la novena provincia en adherir, ya que en los \u00faltimos meses se comprometieron los gobernadores de Chaco, Jorge Capitanich, de Santa Fe, Omar Perotti, y los electos mandatarios de Misiones, Hugo Passalacqua, de San Luis, Claudio Poggi, de Tierra del Fuego, Gustavo Melella, de R\u00edo Negro, Alberto Werentileck, de San Juan, Marcelo Orrego, y de Chubut, Ignacio Torres.<\/p>\n<p>Al momento de la firma, Llaryora no dud\u00f3 en acompa\u00f1ar con su firma a esta iniciativa de \u201cArgentinos por la Educaci\u00f3n\u201d, a la vez que agradeci\u00f3 a su Director Ejecutivo Ignacio Ibarz\u00e1bal, y por su intermedio a todo su equipo, por el compromiso y decisi\u00f3n de<em> \u201ctransformar la educaci\u00f3n, priorizando el fortalecimiento de la educaci\u00f3n p\u00fablica\u201d.<\/em><\/p>\n<p><em>\u201cEl desaf\u00edo de alfabetizar a nuestros ni\u00f1os desde la temprana edad es fundamental para garantizarles la formaci\u00f3n sostenida en lectura, escritura, oralidad y resoluci\u00f3n de problemas\u201d,<\/em> expres\u00f3 el intendente. \u00ab<em>Pero esta ense\u00f1anza<\/em>\u00ab, continu\u00f3 el intendente, debe profundizarse ya que <em>\u201cla alfabetizaci\u00f3n debe avanzar hacia la alfabetizaci\u00f3n digital\u201d.<\/em><\/p>\n<p>El gobernador electo de C\u00f3rdoba puso como ejemplo el trabajo que desarroll\u00f3 su gesti\u00f3n en el municipio cordob\u00e9s:<em> \u201cEn C\u00f3rdoba transformamos la educaci\u00f3n con el programa PIENsA, donde nos animamos a innovar y modificar la curr\u00edcula escolar, incorporando la ense\u00f1anza de las nuevas tecnolog\u00edas, con programaci\u00f3n, rob\u00f3tica e ingl\u00e9s. Todo ello pudo llevarse adelante gracias al apoyo de nuestros docentes, quienes se animaron a capacitarse y reaprender, a la vez que incorporamos m\u00e1s horas de nuestros ni\u00f1os en las aulas, brindando as\u00ed una educaci\u00f3n de calidad inclusiva, que promueve la igualdad de los ni\u00f1os de nuestra ciudad\u00bb<\/em><\/p>\n<p>Por su parte, Ignacio Ibarz\u00e1bal expres\u00f3: \u00ab<em>Hoy, de todos los desaf\u00edos y las tareas pendientes en educaci\u00f3n, la m\u00e1s significativa es la de garantizar que todos los chicos puedan leer y comprender lo que leen al finalizar 3er grado. Estamos convencidos que revertir el diagn\u00f3stico actual requiere del compromiso de toda la sociedad. En esa l\u00ednea, contar con la adhesi\u00f3n de C\u00f3rdoba nos alienta a seguir trabajando para que la alfabetizaci\u00f3n inicial sea una prioridad en la pol\u00edtica educativa\u00a8.<\/em><\/p>\n<p>Con el prop\u00f3sito de ofrecer alternativas que puedan ser de utilidad a los gobiernos, se propusieron recomendaciones y compromisos concretos a los responsables pol\u00edticos de la educaci\u00f3n: sostener, robustecer e impulsar programas que prioricen la alfabetizaci\u00f3n inicial como una de sus prioridades; invertir los recursos adecuados en t\u00e9rminos de financiamiento que expresen la prioridad que el gobierno le otorga a las pol\u00edticas de alfabetizaci\u00f3n inicial en la provincia; visibilizar los resultados para poder desarrollar indicadores que den cuenta de la evoluci\u00f3n del desempe\u00f1o en t\u00e9rminos de alfabetizaci\u00f3n y comprensi\u00f3n lectora en la provincia. Y desarrollar evaluaciones locales que peri\u00f3dicamente permitan monitorear la evoluci\u00f3n de estos indicadores.<\/p>\n<p>El pasado 4 de mayo, bajo la consigna #NoEntiendenLoQueLeen, m\u00e1s de 130 organizaciones de la sociedad civil lanzaron una campa\u00f1a para visibilizar la situaci\u00f3n cr\u00edtica de la comprensi\u00f3n lectora en Argentina y promover la prioridad de la alfabetizaci\u00f3n en la agenda educativa.<\/p>\n<p>En el marco de esta campa\u00f1a, tambi\u00e9n se est\u00e1 realizando una Gira Federal, que incluye actividades y reuniones con organizaciones, referentes educativos, docentes y acad\u00e9micos, autoridades y familias de las provincias. En estos \u00faltimos dos meses, Argentinos por la Educaci\u00f3n ya pas\u00f3 por Chaco, Corrientes, Misiones, Entre R\u00edos, Santa Fe, Salta, Jujuy, Tucum\u00e1n y Santiago del Estero.<\/p>\n","protected":false},"excerpt":{"rendered":"<p>La iniciativa tiene por con el objetivo&nbsp; lograr que todos los estudiantes de 3er grado de la primaria logren niveles satisfactorios de alfabetizaci\u00f3n y comprensi\u00f3n lectora. El intendente Mart\u00edn Llaryora, en su condici\u00f3n de gobernador electo de la provincia, firm\u00f3 la adhesi\u00f3n de C\u00f3rdoba al \u201cCompromiso por la Educaci\u00f3n\u201d, una iniciativa impulsada por la Campa\u00f1a [&hellip;]<\/p>\n","protected":false},"author":1,"featured_media":36053,"comment_status":"closed","ping_status":"closed","sticky":false,"template":"","format":"standard","meta":[],"categories":[14],"tags":[],"_links":{"self":[{"href":"http:\/\/nuevacordoba.net\/index.php\/wp-json\/wp\/v2\/posts\/36052"}],"collection":[{"href":"http:\/\/nuevacordoba.net\/index.php\/wp-json\/wp\/v2\/posts"}],"about":[{"href":"http:\/\/nuevacordoba.net\/index.php\/wp-json\/wp\/v2\/types\/post"}],"author":[{"embeddable":true,"href":"http:\/\/nuevacordoba.net\/index.php\/wp-json\/wp\/v2\/users\/1"}],"replies":[{"embeddable":true,"href":"http:\/\/nuevacordoba.net\/index.php\/wp-json\/wp\/v2\/comments?post=36052"}],"version-history":[{"count":0,"href":"http:\/\/nuevacordoba.net\/index.php\/wp-json\/wp\/v2\/posts\/36052\/revisions"}],"wp:featuredmedia":[{"embeddable":true,"href":"http:\/\/nuevacordoba.net\/index.php\/wp-json\/wp\/v2\/media\/36053"}],"wp:attachment":[{"href":"http:\/\/nuevacordoba.net\/index.php\/wp-json\/wp\/v2\/media?parent=36052"}],"wp:term":[{"taxonomy":"category","embeddable":true,"href":"http:\/\/nuevacordoba.net\/index.php\/wp-json\/wp\/v2\/categories?post=36052"},{"taxonomy":"post_tag","embeddable":true,"href":"http:\/\/nuevacordoba.net\/index.php\/wp-json\/wp\/v2\/tags?post=36052"}],"curies":[{"name":"wp","href":"https:\/\/api.w.org\/{rel}","templated":true}]}}