{"id":36058,"date":"2023-08-31T21:56:17","date_gmt":"2023-08-31T21:56:17","guid":{"rendered":"http:\/\/nuevacordoba.net\/index.php\/2023\/08\/31\/dieron-de-alta-a-la-mona-jimenez-y-seguira-la-recuperacion-en-su-casa\/"},"modified":"2023-08-31T21:56:17","modified_gmt":"2023-08-31T21:56:17","slug":"dieron-de-alta-a-la-mona-jimenez-y-seguira-la-recuperacion-en-su-casa","status":"publish","type":"post","link":"http:\/\/nuevacordoba.net\/index.php\/2023\/08\/31\/dieron-de-alta-a-la-mona-jimenez-y-seguira-la-recuperacion-en-su-casa\/","title":{"rendered":"Dieron de alta a \u00abLa Mona\u201d Jim\u00e9nez y seguir\u00e1 la recuperaci\u00f3n en su casa"},"content":{"rendered":"<figure class=\"mb-3\"><img loading=\"lazy\" data-src=\"http:\/\/nuevacordoba.net\/wp-content\/uploads\/2023\/08\/dieron-de-alta-a-la-mona-jimenez-y-seguira-la-recuperacion-en-su-casa.jpg\" src=\"https:\/\/www.telam.com.ar\/assets\/img\/not_image.png\" class=\" lazy \" width=\"100%\" height=\"100%\" alt=\"Carlos La Mona Jimnez tiene 72 aos y se mantiene en los escenarios desde 1967 Foto IG\"><figcaption> Carlos \u00abLa Mona\u00bb Jim\u00e9nez tiene 72 a\u00f1os y se mantiene en los escenarios desde 1967 \/ Foto IG. <\/figcaption><\/figure>\n<p>El cantante cuartetero cordob\u00e9s <strong>Carlos \u00abLa Mona\u00bb Jim\u00e9nez fue dado de alta este jueves tras permanecer internado una semana y ser intervenido quir\u00fargicamente<\/strong> con la colocaci\u00f3n de un stent, en una cl\u00ednica especializada de la ciudad de C\u00f3rdoba, confirmaron allegados.<\/p>\n<p>Fuentes cercanas al reconocido artista contaron a T\u00e9lam que Jim\u00e9nez <strong>\u201cest\u00e1 en su casa y se encuentra en buen estado\u201d<\/strong>.<\/p>\n<p>El cantante fue sometido a un cateterismo, posteriormente le colocaron un stent y hab\u00eda quedado en terapia intensiva del Instituto Modelo Cardiol\u00f3gico de C\u00f3rdoba desde el mi\u00e9rcoles de la semana pasada.<\/p>\n<p>La intervenci\u00f3n se realiz\u00f3 para \u00abmejorar el flujo sangu\u00edneo\u00bb del paciente.<\/p>\n<p>En la madrugada del mi\u00e9rcoles 23 \u00abLa Mona\u00bb sufri\u00f3 un principio de ACV y sus familiares lo internaron de urgencia en terapia intensiva del Instituto Modelo.<\/p>\n<p>Seg\u00fan el detalle de los familiares de ese d\u00eda, el m\u00fasico \u00bb estaba comiendo y sufri\u00f3 un mareo. Fue trasladado hacia el Cardiol\u00f3gico, donde <a href=\"https:\/\/www.telam.com.ar\/notas\/202308\/637971-la-mona-jimenez-sufrio-un-principio-de-acv-esta-en-terapia-intensiva-en-recuperacion.html\" target=\"_blank\" rel=\"noopener\">lo diagnosticaron con un ACV<\/a>.\u00bb<\/p>\n<p>A principios de agosto pasado Jim\u00e9nez hab\u00eda sido intervenido quir\u00fargicamente debido a un fuerte dolor abdominal.<\/p>\n<p>Carlos \u00abLa Mona\u00bb Jim\u00e9nez tiene 72 a\u00f1os y se mantiene arriba de los escenarios desde 1967, grabando m\u00e1s de 90 discos desde entonces. <\/p>\n","protected":false},"excerpt":{"rendered":"<p>Carlos \u00abLa Mona\u00bb Jim\u00e9nez tiene 72 a\u00f1os y se mantiene en los escenarios desde 1967 \/ Foto IG. El cantante cuartetero cordob\u00e9s Carlos \u00abLa Mona\u00bb Jim\u00e9nez fue dado de alta este jueves tras permanecer internado una semana y ser intervenido quir\u00fargicamente con la colocaci\u00f3n de un stent, en una cl\u00ednica especializada de la ciudad de [&hellip;]<\/p>\n","protected":false},"author":1,"featured_media":36059,"comment_status":"closed","ping_status":"closed","sticky":false,"template":"","format":"standard","meta":[],"categories":[9],"tags":[],"_links":{"self":[{"href":"http:\/\/nuevacordoba.net\/index.php\/wp-json\/wp\/v2\/posts\/36058"}],"collection":[{"href":"http:\/\/nuevacordoba.net\/index.php\/wp-json\/wp\/v2\/posts"}],"about":[{"href":"http:\/\/nuevacordoba.net\/index.php\/wp-json\/wp\/v2\/types\/post"}],"author":[{"embeddable":true,"href":"http:\/\/nuevacordoba.net\/index.php\/wp-json\/wp\/v2\/users\/1"}],"replies":[{"embeddable":true,"href":"http:\/\/nuevacordoba.net\/index.php\/wp-json\/wp\/v2\/comments?post=36058"}],"version-history":[{"count":0,"href":"http:\/\/nuevacordoba.net\/index.php\/wp-json\/wp\/v2\/posts\/36058\/revisions"}],"wp:featuredmedia":[{"embeddable":true,"href":"http:\/\/nuevacordoba.net\/index.php\/wp-json\/wp\/v2\/media\/36059"}],"wp:attachment":[{"href":"http:\/\/nuevacordoba.net\/index.php\/wp-json\/wp\/v2\/media?parent=36058"}],"wp:term":[{"taxonomy":"category","embeddable":true,"href":"http:\/\/nuevacordoba.net\/index.php\/wp-json\/wp\/v2\/categories?post=36058"},{"taxonomy":"post_tag","embeddable":true,"href":"http:\/\/nuevacordoba.net\/index.php\/wp-json\/wp\/v2\/tags?post=36058"}],"curies":[{"name":"wp","href":"https:\/\/api.w.org\/{rel}","templated":true}]}}