{"id":36064,"date":"2023-08-31T16:33:31","date_gmt":"2023-08-31T16:33:31","guid":{"rendered":"https:\/\/puntoapunto.com.ar\/?p=350180"},"modified":"2023-08-31T16:33:31","modified_gmt":"2023-08-31T16:33:31","slug":"bullrich-no-nos-asusta-hacer-los-cambios-profundos-que-hay-que-hacer","status":"publish","type":"post","link":"http:\/\/nuevacordoba.net\/index.php\/2023\/08\/31\/bullrich-no-nos-asusta-hacer-los-cambios-profundos-que-hay-que-hacer\/","title":{"rendered":"Bullrich: \u00abno nos asusta hacer los cambios profundos que hay que hacer\u00bb"},"content":{"rendered":"<div class=\"g g-36\">\n<div class=\"g-dyn a-29 c-1\"><a class=\"gofollow\" data-track=\"MjksMzYsMSw2MA==\" href=\"https:\/\/www.harmoniechateau.com.ar\/\" target=\"_blank\" rel=\"noopener\"><img class=\"lazyload\" src=\"http:\/\/nuevacordoba.net\/wp-content\/uploads\/2023\/09\/bullrich-no-nos-asusta-hacer-los-cambios-profundos-que-hay-que-hacer.jpg\"><\/a><\/div>\n<\/div>\n<p>&nbsp;\n<\/p>\n<p><strong>Patricia Bullrich,<\/strong> la candidata a presidente de Juntos por el Cambio,<strong> oficializ\u00f3 a <a href=\"https:\/\/puntoapunto.com.ar\/melconian-como-ministro-de-bullrich-aca-esta-prohibido-fantasear-con-teorias-imposibles\/\" target=\"_blank\" rel=\"noopener\">Carlos Melconian como su ministro de Econom\u00eda,<\/a> en caso de ganar las elecciones.&nbsp;<\/strong>En un auditorio repleto, con <strong>casi mil personas<\/strong> -entre empresarios y pol\u00edticos-, Bullrich agradeci\u00f3 a la Fundaci\u00f3n Mediterr\u00e1nea que \u201c<strong>tom\u00f3, una vez m\u00e1s, la decisi\u00f3n de poner en marcha un programa para cambiar el pa\u00eds de manera irreversible\u201d.<\/strong>\n<\/p>\n<p class=\"com-paragraph --s\">La mujer de la oposici\u00f3n dijo que<strong> los \u201cdesaf\u00edos por delante son enormes\u201d<\/strong>, ratific\u00f3 que<a href=\"https:\/\/puntoapunto.com.ar\/para-mondino-un-acuerdo-milei-massa-es-mas-negativo-que-las-reservas-del-central-y-con-jxc\/\" target=\"_blank\" rel=\"noopener\"> JxC<\/a> ya trabaja \u201cunido\u201d y se\u00f1al\u00f3 que ser\u00eda \u201cmalo\u201d que un Presidente que llega al poder diga que \u201cno puede hacer los cambios que prometi\u00f3\u201d. \u201cEst\u00e1 decidido que haremos los cambios, sea cual sea la situaci\u00f3n que recibamos\u201d.\n<\/p>\n<p><img loading=\"lazy\" decoding=\"async\" alt width=\"2560\" height=\"1702\" data-sizes=\"(max-width: 2560px) 100vw, 2560px\" class=\"aligncenter wp-image-350185 size-full lazyload\" src=\"http:\/\/nuevacordoba.net\/wp-content\/uploads\/2023\/09\/bullrich-no-nos-asusta-hacer-los-cambios-profundos-que-hay-que-hacer-1.jpg\" srcset=\"http:\/\/nuevacordoba.net\/wp-content\/uploads\/2023\/09\/bullrich-no-nos-asusta-hacer-los-cambios-profundos-que-hay-que-hacer-1.jpg 2560w, http:\/\/nuevacordoba.net\/wp-content\/uploads\/2023\/09\/bullrich-no-nos-asusta-hacer-los-cambios-profundos-que-hay-que-hacer-3.jpg 300w, http:\/\/nuevacordoba.net\/wp-content\/uploads\/2023\/09\/bullrich-no-nos-asusta-hacer-los-cambios-profundos-que-hay-que-hacer-4.jpg 1024w, http:\/\/nuevacordoba.net\/wp-content\/uploads\/2023\/09\/bullrich-no-nos-asusta-hacer-los-cambios-profundos-que-hay-que-hacer-5.jpg 768w, http:\/\/nuevacordoba.net\/wp-content\/uploads\/2023\/09\/bullrich-no-nos-asusta-hacer-los-cambios-profundos-que-hay-que-hacer-6.jpg 1536w, http:\/\/nuevacordoba.net\/wp-content\/uploads\/2023\/09\/bullrich-no-nos-asusta-hacer-los-cambios-profundos-que-hay-que-hacer-7.jpg 2048w, http:\/\/nuevacordoba.net\/wp-content\/uploads\/2023\/09\/bullrich-no-nos-asusta-hacer-los-cambios-profundos-que-hay-que-hacer-8.jpg 750w, http:\/\/nuevacordoba.net\/wp-content\/uploads\/2023\/09\/bullrich-no-nos-asusta-hacer-los-cambios-profundos-que-hay-que-hacer-9.jpg 1140w\">\n<\/p>\n<p class=\"com-paragraph --s\"><strong>\u201cNo vamos a lograr lo que tenemos que cambiar si probamos las mismas herramientas\u00bb<\/strong>, sostuvo. \u00abEl cambio no es una idea abstracta, es una necesidad.<strong> Queremos plantear que para frenar el caos de la Argentina, se necesita orden. La Argentina del caos es ingobernable, la gobernabilidad es cambiar el caos por orden<\/strong>. La anomia se debe reemplazar por la ley, donde las piedras que nos quieran tirar se conviertan en edificios, en puentes, en caminos. Los privilegios se tienen que terminar de una vez para siempre.\u201d<\/p>\n<p><strong>Bullrich&nbsp;<\/strong>precis\u00f3: \u00abs<strong>abemos perfectamente de d\u00f3nde partimos y d\u00f3nde queremos llegar. No nos asusta llevar adelante los cambios profundos que hay que hacer<\/strong>. Imag\u00ednense a cualquier l\u00edder del mundo que hicieron los cambios de fondo, dicen esto no es para m\u00ed. Estamos decididos a llevar adelante los cambios\u00bb.\n<\/p>\n<p class=\"com-paragraph --s\">Respecto del plan econ\u00f3mico, subray\u00f3 que <strong>\u201cpone a las personas en el centro, es humanista\u201d.<\/strong> Insisti\u00f3 en que eso fue lo que vio en la iniciativa. \u201cEsa Argentina humanista es la que queremos. Los argentinos lloran porque no est\u00e1n en el centro, porque sienten que el poder se ha concentrado en un Estado burocr\u00e1tico. Hay que dar vuelta esa idea, esa mirada. Queremos devolver y devolver a las personas y no sacar, sacar y sacar\u201d.\n<\/p>\n<p>\u00abLa gente no se banca m\u00e1s a pol\u00edticos que trabajen de pol\u00edticos. Tenemos un modelo que en muchos pa\u00edses del mundo funciona. Si bien hay que generar cambios en el Estado, uno es fundamental:<strong> hoy, se entra al Estado si sos amigo de alguien del Estado<\/strong>. Hay que ser amigo del comisario. Vamos a hacerlo transparente, para que los cargos sean de los argentinos y no de los pol\u00edticos\u00bb, sostuvo.\n<\/p>\n<p class=\"com-paragraph --s\">Finalizado el discurso de la candidata, el auditorio cerr\u00f3 con un: <strong>\u201cSe siente, se siente, Patricia presidente\u201d.<\/strong>\n<\/p>\n<p>En la presentaci\u00f3n, adem\u00e1s de candidatos a legisladores nacionales de JxC de distintas provincias, estuvieron&nbsp;<strong>Jos\u00e9 Luis Espert, Ricardo L\u00f3pez Murphy, Mart\u00edn Tetaz<\/strong>&nbsp;y<strong>&nbsp;Eduardo Levy Yeyati.&nbsp;<\/strong>No se lo vio a <a href=\"https:\/\/puntoapunto.com.ar\/laspina-si-demoramos-la-salida-del-cepo-la-situacion-va-a-empeorar\/\" target=\"_blank\" rel=\"noopener\"><strong>Luciano Laspina<\/strong><\/a>, quien coordin\u00f3 el equipo t\u00e9cnico econ\u00f3mico de Bullrich. Melconian, sin mencionarlo, afirm\u00f3 que&nbsp;\u201cpersonalmente\u201d contact\u00f3 a todos los profesionales que ven\u00edan trabajando con la candidata.\n<\/p>\n<p><img loading=\"lazy\" decoding=\"async\" alt width=\"2560\" height=\"1702\" data-sizes=\"(max-width: 2560px) 100vw, 2560px\" class=\"aligncenter wp-image-350184 size-full lazyload\" src=\"http:\/\/nuevacordoba.net\/wp-content\/uploads\/2023\/09\/bullrich-no-nos-asusta-hacer-los-cambios-profundos-que-hay-que-hacer-2.jpg\" srcset=\"http:\/\/nuevacordoba.net\/wp-content\/uploads\/2023\/09\/bullrich-no-nos-asusta-hacer-los-cambios-profundos-que-hay-que-hacer-2.jpg 2560w, http:\/\/nuevacordoba.net\/wp-content\/uploads\/2023\/09\/bullrich-no-nos-asusta-hacer-los-cambios-profundos-que-hay-que-hacer-10.jpg 300w, http:\/\/nuevacordoba.net\/wp-content\/uploads\/2023\/09\/bullrich-no-nos-asusta-hacer-los-cambios-profundos-que-hay-que-hacer-11.jpg 1024w, http:\/\/nuevacordoba.net\/wp-content\/uploads\/2023\/09\/bullrich-no-nos-asusta-hacer-los-cambios-profundos-que-hay-que-hacer-12.jpg 768w, http:\/\/nuevacordoba.net\/wp-content\/uploads\/2023\/09\/bullrich-no-nos-asusta-hacer-los-cambios-profundos-que-hay-que-hacer-13.jpg 1536w, http:\/\/nuevacordoba.net\/wp-content\/uploads\/2023\/09\/bullrich-no-nos-asusta-hacer-los-cambios-profundos-que-hay-que-hacer-14.jpg 2048w, http:\/\/nuevacordoba.net\/wp-content\/uploads\/2023\/09\/bullrich-no-nos-asusta-hacer-los-cambios-profundos-que-hay-que-hacer-15.jpg 750w, http:\/\/nuevacordoba.net\/wp-content\/uploads\/2023\/09\/bullrich-no-nos-asusta-hacer-los-cambios-profundos-que-hay-que-hacer-16.jpg 1140w\">\n<\/p>\n<p>En el arranque habl\u00f3&nbsp;<strong>Mar\u00eda P\u00eda Astori<\/strong>, presidenta de la <a href=\"https:\/\/www.ieral.org\/\" target=\"_blank\" rel=\"noopener\">Fundaci\u00f3n Mediterr\u00e1nea<\/a>, que record\u00f3 que hace 46 a\u00f1os su padre, Piero Astori, junto a otros empresarios, fund\u00f3 la instituci\u00f3n para <strong>\u201cpromover soluciones a los problemas econ\u00f3micos\u201d. Dijo que el objetivo siempre fue trabajar por un pa\u00eds \u201cpr\u00f3spero\u201d que \u201cgenere igualdad de condiciones\u201d y \u201cmejore la calidad de vida de los argentinos\u201d.<\/strong>\n<\/p>\n<p class=\"com-paragraph --s\">Astori mencion\u00f3 que cuando se lo convoc\u00f3 a Melconian<strong>&nbsp;\u201cadhiri\u00f3 totalmente\u201d a los principios mediterr\u00e1neos.<\/strong> \u201cEstamos convencidos de que es el mejor programa que existe en la Argentina y el \u00fanico posible de ponerse en marcha\u201d, enfatiz\u00f3 y agradeci\u00f3 a todos los candidatos que \u201cescucharon\u201d la propuesta, adem\u00e1s de desearle \u201csuerte\u201d a Bullrich.\n<\/p>\n<div class=\"g g-38\">\n<div class=\"g-dyn a-12 c-1\"><a class=\"gofollow\" data-track=\"MTIsMzgsMSw2MA==\" href=\"https:\/\/hospitalprivado.com.ar\/landing-trasplante.html\" target=\"_blank\" rel=\"noopener\"><img class=\"lazyload\" src=\"http:\/\/nuevacordoba.net\/wp-content\/uploads\/2023\/09\/bullrich-no-nos-asusta-hacer-los-cambios-profundos-que-hay-que-hacer.gif\"><\/a><\/div>\n<\/div>\n","protected":false},"excerpt":{"rendered":"<p>&nbsp; Patricia Bullrich, la candidata a presidente de Juntos por el Cambio, oficializ\u00f3 a Carlos Melconian como su ministro de Econom\u00eda, en caso de ganar las elecciones.&nbsp;En un auditorio repleto, con casi mil personas -entre empresarios y pol\u00edticos-, Bullrich agradeci\u00f3 a la Fundaci\u00f3n Mediterr\u00e1nea que \u201ctom\u00f3, una vez m\u00e1s, la decisi\u00f3n de poner en marcha [&hellip;]<\/p>\n","protected":false},"author":1,"featured_media":36065,"comment_status":"open","ping_status":"closed","sticky":false,"template":"","format":"standard","meta":[],"categories":[12,14],"tags":[],"_links":{"self":[{"href":"http:\/\/nuevacordoba.net\/index.php\/wp-json\/wp\/v2\/posts\/36064"}],"collection":[{"href":"http:\/\/nuevacordoba.net\/index.php\/wp-json\/wp\/v2\/posts"}],"about":[{"href":"http:\/\/nuevacordoba.net\/index.php\/wp-json\/wp\/v2\/types\/post"}],"author":[{"embeddable":true,"href":"http:\/\/nuevacordoba.net\/index.php\/wp-json\/wp\/v2\/users\/1"}],"replies":[{"embeddable":true,"href":"http:\/\/nuevacordoba.net\/index.php\/wp-json\/wp\/v2\/comments?post=36064"}],"version-history":[{"count":0,"href":"http:\/\/nuevacordoba.net\/index.php\/wp-json\/wp\/v2\/posts\/36064\/revisions"}],"wp:featuredmedia":[{"embeddable":true,"href":"http:\/\/nuevacordoba.net\/index.php\/wp-json\/wp\/v2\/media\/36065"}],"wp:attachment":[{"href":"http:\/\/nuevacordoba.net\/index.php\/wp-json\/wp\/v2\/media?parent=36064"}],"wp:term":[{"taxonomy":"category","embeddable":true,"href":"http:\/\/nuevacordoba.net\/index.php\/wp-json\/wp\/v2\/categories?post=36064"},{"taxonomy":"post_tag","embeddable":true,"href":"http:\/\/nuevacordoba.net\/index.php\/wp-json\/wp\/v2\/tags?post=36064"}],"curies":[{"name":"wp","href":"https:\/\/api.w.org\/{rel}","templated":true}]}}