{"id":36066,"date":"2023-09-01T00:16:36","date_gmt":"2023-09-01T00:16:36","guid":{"rendered":"https:\/\/prensa.cba.gov.ar\/?p=566285"},"modified":"2023-09-01T00:16:36","modified_gmt":"2023-09-01T00:16:36","slug":"queda-un-solo-incendio-con-actividad-en-la-provincia","status":"publish","type":"post","link":"http:\/\/nuevacordoba.net\/index.php\/2023\/09\/01\/queda-un-solo-incendio-con-actividad-en-la-provincia\/","title":{"rendered":"Queda un solo incendio con actividad en la provincia"},"content":{"rendered":"<div><img src=\"http:\/\/nuevacordoba.net\/wp-content\/uploads\/2023\/09\/queda-un-solo-incendio-con-actividad-en-la-provincia.jpg\" class=\"ff-og-image-inserted\"><\/div>\n<ul>\n<li><strong>El foco se desarrolla en Lagunas Verdes jurisdicci\u00f3n de Mina Clavero, en una quebrada de monta\u00f1a.<\/strong><\/li>\n<li><strong>Los otros cuatro incendios que afectaron a Loma Alta, Taruca Pampa, Cruz del Eje y El Brete, est\u00e1n contenidos y permanecen en guardia de cenizas.<\/strong><\/li>\n<\/ul>\n<p>Al caer la noche de este jueves, a\u00fan permanec\u00eda activo un incendio que abarca una quebrada de monta\u00f1a en el paraje conocido como Lagunas Verdes, jurisdicci\u00f3n de bomberos de Mina Clavero.<\/p>\n<p>Sobre las acciones desarrolladas durante el d\u00eda, el secretario de Gesti\u00f3n de Riesgo Clim\u00e1tico, Cat\u00e1strofes y Protecci\u00f3n Civil, Claudio Vignetta inform\u00f3 que en las \u00faltimas horas hubo que replegar a los efectivos apostados en el lugar por el riesgo que atrae el desplazamiento en un terreno con muchas dificultades.<br \/><em>\u201cSe trata de un incendio que no traer\u00e1 problemas para viviendas en un terreno muy vertical en donde los arbustos est\u00e1n mezclados con piedras\u201d<\/em>, agreg\u00f3.<\/p>\n<p>De acuerdo a la evoluci\u00f3n del fuego durante la noche ser\u00e1 la estrategia a utilizar por los bomberos ma\u00f1ana, al amanecer.<\/p>\n<p>En tanto, el incendio de Loma Alta, jurisdicci\u00f3n de Potrero de Garay sigue en guardia de cenizas y sin actividad; lo mismo sucede con los focos que avanzaron en zonas del departamento Cruz del Eje y el de Taruca Pampa en Traslasierra.<\/p>\n<p>Se mantiene el alerta de riesgo EXTREMO por incendios en toda la provincia de C\u00f3rdoba.<\/p>\n<figure class=\"wp-block-audio\"><audio controls src=\"https:\/\/prensa.cba.gov.ar\/wp-content\/uploads\/2023\/08\/vignetta-2.mp3\"><\/audio><\/figure>\n<p><em>Audio: Claudio VIgnetta<\/em><\/p>\n<p>Foto: archivo<\/p>\n","protected":false},"excerpt":{"rendered":"<p>El foco se desarrolla en Lagunas Verdes jurisdicci\u00f3n de Mina Clavero, en una quebrada de monta\u00f1a. Los otros cuatro incendios que afectaron a Loma Alta, Taruca Pampa, Cruz del Eje y El Brete, est\u00e1n contenidos y permanecen en guardia de cenizas. Al caer la noche de este jueves, a\u00fan permanec\u00eda activo un incendio que abarca [&hellip;]<\/p>\n","protected":false},"author":1,"featured_media":36067,"comment_status":"closed","ping_status":"closed","sticky":false,"template":"","format":"standard","meta":[],"categories":[14],"tags":[],"_links":{"self":[{"href":"http:\/\/nuevacordoba.net\/index.php\/wp-json\/wp\/v2\/posts\/36066"}],"collection":[{"href":"http:\/\/nuevacordoba.net\/index.php\/wp-json\/wp\/v2\/posts"}],"about":[{"href":"http:\/\/nuevacordoba.net\/index.php\/wp-json\/wp\/v2\/types\/post"}],"author":[{"embeddable":true,"href":"http:\/\/nuevacordoba.net\/index.php\/wp-json\/wp\/v2\/users\/1"}],"replies":[{"embeddable":true,"href":"http:\/\/nuevacordoba.net\/index.php\/wp-json\/wp\/v2\/comments?post=36066"}],"version-history":[{"count":0,"href":"http:\/\/nuevacordoba.net\/index.php\/wp-json\/wp\/v2\/posts\/36066\/revisions"}],"wp:featuredmedia":[{"embeddable":true,"href":"http:\/\/nuevacordoba.net\/index.php\/wp-json\/wp\/v2\/media\/36067"}],"wp:attachment":[{"href":"http:\/\/nuevacordoba.net\/index.php\/wp-json\/wp\/v2\/media?parent=36066"}],"wp:term":[{"taxonomy":"category","embeddable":true,"href":"http:\/\/nuevacordoba.net\/index.php\/wp-json\/wp\/v2\/categories?post=36066"},{"taxonomy":"post_tag","embeddable":true,"href":"http:\/\/nuevacordoba.net\/index.php\/wp-json\/wp\/v2\/tags?post=36066"}],"curies":[{"name":"wp","href":"https:\/\/api.w.org\/{rel}","templated":true}]}}