{"id":36072,"date":"2023-08-31T22:45:56","date_gmt":"2023-08-31T22:45:56","guid":{"rendered":"https:\/\/es.digitaltrends.com\/?p=1000966"},"modified":"2023-08-31T22:45:56","modified_gmt":"2023-08-31T22:45:56","slug":"la-rueda-del-tiempo-todo-sobre-la-segunda-temporada","status":"publish","type":"post","link":"http:\/\/nuevacordoba.net\/index.php\/2023\/08\/31\/la-rueda-del-tiempo-todo-sobre-la-segunda-temporada\/","title":{"rendered":"La rueda del tiempo: todo sobre la segunda temporada"},"content":{"rendered":"<p>Todo est\u00e1 listo para el arranque de la segunda temporada de <em>La rueda del tiempo<\/em>, que tiene un elenco y una historia que llaman la atenci\u00f3n de manera inmediata. Para que no pierdas ning\u00fan detalle, te contamos todo sobre esta segunda entrega, desde el elenco hasta c\u00f3mo ver la producci\u00f3n.<\/p>\n<h2>\u00bfDe qu\u00e9 trata la serie?<\/h2>\n<p>La realizaci\u00f3n est\u00e1 basada en la serie de novelas de fantas\u00eda de Robert Jordan, <em>The Wheel of Time<\/em>, la cual se compone de 14 entregas y un par de materiales adicionales. Adem\u00e1s de lo detallado de la historia y los personajes, tambi\u00e9n se le reconoce por desplazar millones de copias por el mundo, con lo que se convierte en una de las sagas m\u00e1s vendidas.<\/p>\n<p>La sinopsis de la primera temporada dice as\u00ed: \u201cAmbientada en un mundo \u00e9pico y en expansi\u00f3n donde la magia existe y solo ciertas mujeres pueden acceder a ella, la historia sigue a Moraine (Rosamund Pike), miembro de la poderosa organizaci\u00f3n exclusivamente femenina llamada Aes Sedai, cuando llega al peque\u00f1o pueblo de Dos R\u00edos. All\u00ed, se embarca en un peligroso viaje que cubre todo el mundo con cinco hombres y mujeres j\u00f3venes, uno de los cuales, seg\u00fan la profec\u00eda, ser\u00e1 el Drag\u00f3n Renacido, que salvar\u00e1 o destruir\u00e1 a la humanidad\u201d.<\/p>\n<p>La primera entrega de la producci\u00f3n, que se emiti\u00f3 a finales de 2021, se compone de solo ocho cap\u00edtulos.<\/p>\n<h2>\u00bfQu\u00e9 se puede esperar de la segunda temporada?<\/h2>\n<p><em>Nota: si no has visto la primera temporada y tienes toda la intenci\u00f3n de s\u00ed hacerlo, salta esta parte del art\u00edculo.<\/em><\/p>\n<p>Est\u00e1s advertido\u2026<\/p>\n<p>El humilde granjero Rand al\u2019Thor (Josha Stradowski) se entera de que es el Drag\u00f3n Renacido, la figura hist\u00f3rica destinada a salvar o destruir al mundo. Desesperados por protegerlo del Oscuro, un ej\u00e9rcito de poderosas hechiceras deber\u00e1 enfrentarse con su creciente poder y con la locura que se avecina.<\/p>\n<p>\u201cEn la segunda temporada, nuevas y muy viejas amenazas buscan a los j\u00f3venes amigos de Dos R\u00edos, ahora esparcidos por el mundo. La mujer que los encontr\u00f3 y los guio, ahora se encuentra sin poder para ayudarlos, por lo que deben buscar otras fuentes de fortaleza, con todo lo que eso implica\u201d, es el complemento de la descripci\u00f3n de la nueva entrega.<\/p>\n<div class=\"dtvideos-container\" data-provider=\"youtube\">\n<div class=\"dtvideos-details h-dtvideos-details-embed\">\n<div class=\"dtvideos-title\">La Rueda del Tiempo Nueva Temporada \u2013 Tr\u00e1iler oficial<\/div>\n<\/div>\n<\/div>\n<p>De acuerdo con informaci\u00f3n adicional sobre la serie, la segunda temporada de <em>La rueda del tiempo<\/em> tambi\u00e9n est\u00e1 basada en algunos elementos de la tercera novela de Jordan, <em>El Drag\u00f3n Renacido<\/em>.<\/p>\n<h2>\u00bfQui\u00e9nes conforman el elenco?<\/h2>\n<figure id=\"attachment_1000970\" aria-describedby=\"caption-attachment-1000970\" class=\"wp-caption alignnone is-caption-text\"><img src=\"http:\/\/nuevacordoba.net\/wp-content\/uploads\/2023\/09\/la-rueda-del-tiempo-todo-sobre-la-segunda-temporada.gif\" data-dt-lazy-src=\"https:\/\/es.digitaltrends.com\/wp-content\/uploads\/2023\/08\/la-rueda-del-tiempo-segunda-temporada-01.jpg?fit=720%2C720&amp;p=1\" onerror=\"dti_load_error(this)\" decoding=\"async\" class=\"wp-image-1000970 size-large h-lightbox is-zoomable dt-lazy-load dt-lazy-pending\" alt><figcaption id=\"caption-attachment-1000970\" class=\"wp-caption-text\"><span class=\"text\">Rosamund Pike interpreta a Moiraine Damodred<\/span> <span class=\"credit\">Amazon Studios<\/span><\/figcaption><\/figure>\n<p>Adem\u00e1s de Stradowski, <em>La rueda del tiempo<\/em> es protagonizada por Rosamund Pike (<em>Gone Girl<\/em>) como Moiraine Damodred, Daniel Henney (<em>Criminal Minds<\/em>) como Lan Mandragoran, Zo\u00eb Robins (<em>Power Rangers Ninja Steel<\/em>) como Nynaeve al\u2019Meara, Madeleine Madden (<em>Dora and the Lost City of Gold<\/em>) como Egwene al\u2019Vere, Marcus Rutherford como Perrin Aybara, D\u00f3nal Finn (<em>Rogue Heroes<\/em>) como Mat Cauthon y Ceara Coveney (Young Wallander) como Elayne Trakand.<\/p>\n<h2>\u00bfCu\u00e1ndo se estrena la segunda temporada?<\/h2>\n<p>Como una coproducci\u00f3n de Amazon Studios y Sony Pictures Television, la segunda entrega de <em>La rueda del tiempo<\/em> llega este 1 de septiembre, o por lo menos los tres primeros cap\u00edtulos, con un nuevo episodio de estreno cada semana.<\/p>\n<h2>\u00bfD\u00f3nde ver La rueda del tiempo?<\/h2>\n<p>Los suscriptores de Amazon Prime pueden ver todos los episodios a trav\u00e9s de la plataforma Prime Video, el servicio de video en streaming que est\u00e1 disponible como aplicaci\u00f3n en una gran variedad de dispositivos, desde pantallas inteligentes hasta la l\u00ednea Fire TV.<\/p>\n<p>Igualmente, los miembros del esquema pueden descargar los cap\u00edtulos en sus dispositivos m\u00f3viles con la intenci\u00f3n de disfrutarlos sin conexi\u00f3n a internet (y sin costo adicional).<\/p>\n<h4 class=\"b-editors-recs-title h-editors-recs-title\"> Recomendaciones del editor<\/h4>\n<p> <span id=\"publisher-md\" itemprop=\"publisher\" itemscope itemtype=\"https:\/\/schema.org\/Organization\"> <span itemprop=\"url\" itemtype=\"https:\/\/schema.org\/Url\" content=\"https:\/\/es.digitaltrends.com\"> <span itemprop=\"logo\" itemscope itemtype=\"https:\/\/schema.org\/ImageObject\"> <meta itemprop=\"url\" content=\"https:\/\/cdn.dtcn.com\/dt\/dt-logo-small.png\"> <meta itemprop=\"width\" content=\"0\"> <meta itemprop=\"height\" content=\"0\"> <\/span> <meta itemprop=\"name\" content=\"Digital Trends Espa\u00f1ol\"> <\/span> <span itemprop=\"image\" itemscope itemtype=\"https:\/\/schema.org\/ImageObject\"> <meta itemprop=\"url\" content=\"https:\/\/es.digitaltrends.com\/wp-content\/uploads\/2023\/08\/la-rueda-del-tiempo-segunda-temporada-feat.jpg?p=1\"> <\/span> <\/span> <\/p>\n","protected":false},"excerpt":{"rendered":"<p>Todo est\u00e1 listo para el arranque de la segunda temporada de La rueda del tiempo, que tiene un elenco y una historia que llaman la atenci\u00f3n de manera inmediata. Para que no pierdas ning\u00fan detalle, te contamos todo sobre esta segunda entrega, desde el elenco hasta c\u00f3mo ver la producci\u00f3n. \u00bfDe qu\u00e9 trata la serie? [&hellip;]<\/p>\n","protected":false},"author":1,"featured_media":36073,"comment_status":"open","ping_status":"closed","sticky":false,"template":"","format":"standard","meta":[],"categories":[7],"tags":[],"_links":{"self":[{"href":"http:\/\/nuevacordoba.net\/index.php\/wp-json\/wp\/v2\/posts\/36072"}],"collection":[{"href":"http:\/\/nuevacordoba.net\/index.php\/wp-json\/wp\/v2\/posts"}],"about":[{"href":"http:\/\/nuevacordoba.net\/index.php\/wp-json\/wp\/v2\/types\/post"}],"author":[{"embeddable":true,"href":"http:\/\/nuevacordoba.net\/index.php\/wp-json\/wp\/v2\/users\/1"}],"replies":[{"embeddable":true,"href":"http:\/\/nuevacordoba.net\/index.php\/wp-json\/wp\/v2\/comments?post=36072"}],"version-history":[{"count":0,"href":"http:\/\/nuevacordoba.net\/index.php\/wp-json\/wp\/v2\/posts\/36072\/revisions"}],"wp:featuredmedia":[{"embeddable":true,"href":"http:\/\/nuevacordoba.net\/index.php\/wp-json\/wp\/v2\/media\/36073"}],"wp:attachment":[{"href":"http:\/\/nuevacordoba.net\/index.php\/wp-json\/wp\/v2\/media?parent=36072"}],"wp:term":[{"taxonomy":"category","embeddable":true,"href":"http:\/\/nuevacordoba.net\/index.php\/wp-json\/wp\/v2\/categories?post=36072"},{"taxonomy":"post_tag","embeddable":true,"href":"http:\/\/nuevacordoba.net\/index.php\/wp-json\/wp\/v2\/tags?post=36072"}],"curies":[{"name":"wp","href":"https:\/\/api.w.org\/{rel}","templated":true}]}}