{"id":36078,"date":"2023-08-31T22:02:01","date_gmt":"2023-08-31T22:02:01","guid":{"rendered":"https:\/\/www.ole.com.ar\/futbol-ascenso\/ascenso-primera-nacional-guemes-santiago-estero-san-lorenzo-boca-walter-perazzo_0_yKABnbDoel.html"},"modified":"2023-08-31T22:02:01","modified_gmt":"2023-08-31T22:02:01","slug":"walter-perazzo-boca-san-lorenzo-bilardo-y-su-nueva-vida-en-santiago","status":"publish","type":"post","link":"http:\/\/nuevacordoba.net\/index.php\/2023\/08\/31\/walter-perazzo-boca-san-lorenzo-bilardo-y-su-nueva-vida-en-santiago\/","title":{"rendered":"Walter Perazzo: Boca, San Lorenzo, Bilardo y su nueva vida en Santiago"},"content":{"rendered":"<p><time class=\"createDate\" datetime=\"2023-08-31T19:02:001-03:00\">31\/08\/2023 19:02hs.<\/time><time class=\"modificatedDate\" datetime=\"2023-08-31T19:02:001-03:00\"><\/time><\/p>\n<div id=\"storyBody\">\n<div class=\"custom-text \" readability=\"38\">\n<p><strong>G\u00fcemes de Santiago del Estero se encuentra en la lucha por conseguir un lugar en el Reducido para ascender a la m\u00e1xima divisi\u00f3n de nuestro pa\u00eds. <\/strong>Actualmente se encuentra a nueve unidades del objetivo, pero todav\u00eda faltan siete partidos, lo que equivale un total de 21 puntos en juego, antes del final del torneo.<\/p>\n<\/div>\n<div class=\"custom-text \" readability=\"44\">\n<p>Quien lleva el mando del conjunto santiague\u00f1o es W\u00e1lter Perazzo. All\u00ed desde abril del 2022, <strong>el ex DT de la Selecci\u00f3n Sub 20, El Porvenir, Olimpo, Aldosivi, Chicago, Temperley y Almagro, lleva dirigidos en el Gaucho un total de 57 partidos. <\/strong>El entrenador, cuenta con una rica carrera c\u00f3mo jugador, he aqu\u00ed su historia.<\/p>\n<\/div>\n<div class=\"sc-e7b891c4-0 jPbnQF\"><img alt=\"Walter Perazzo, actual DT de G\u00fcemes.\" src=\"http:\/\/nuevacordoba.net\/wp-content\/uploads\/2023\/09\/walter-perazzo-boca-san-lorenzo-bilardo-y-su-nueva-vida-en-santiago.jpg\" width=\"720\" height=\"100\" decoding=\"async\" data-nimg=\"future\" loading=\"lazy\"><span class=\"epigraphe\">Walter Perazzo, actual DT de G\u00fcemes.<\/span><\/div>\n<p><h2><strong>Una rica trayectoria c\u00f3mo jugador<\/strong><\/h2>\n<\/p>\n<div class=\"custom-text \" readability=\"35\">\n<p>Surgido futbol\u00edsticamente en San Lorenzo, club del cual es hincha, <strong>Perazzo lleg\u00f3 a ser considerado en la d\u00e9cada del 80 uno de los mejores jugadores del continente.<\/strong> <\/p>\n<\/div>\n<div class=\"custom-text \" readability=\"36\">\n<p><strong>En el 79, debut\u00f3 en el Cuervo.<\/strong> En busca de rodaje, <strong>sali\u00f3 en condici\u00f3n de pr\u00e9stamo a Estudiantes de la Plata<\/strong> (all\u00ed form\u00f3 parte del plantel campe\u00f3n del 82). Tambi\u00e9n tuvo un paso por Independiente Medell\u00edn.<\/p>\n<\/div>\n<div class=\"sc-e7b891c4-0 jPbnQF\"><img alt=\"Walter Perazzo y su querido San Lorenzo.\" src=\"http:\/\/nuevacordoba.net\/wp-content\/uploads\/2023\/09\/walter-perazzo-boca-san-lorenzo-bilardo-y-su-nueva-vida-en-santiago-1.jpg\" width=\"720\" height=\"100\" decoding=\"async\" data-nimg=\"future\" loading=\"lazy\"><span class=\"epigraphe\">Walter Perazzo y su querido San Lorenzo.<\/span><\/div>\n<div class=\"custom-text \" readability=\"34\">\n<p>Tras dos a\u00f1os fuera del club, regres\u00f3 a Boedo. <strong>El delantero se afirm\u00f3 en el puesto y se volvi\u00f3 \u00eddolo de San Lorenzo. <\/strong>En total disput\u00f3 240 partidos en el Cuervo anot\u00f3 77 goles. <\/p>\n<\/div>\n<div class=\"custom-text \" readability=\"38\">\n<p>Despu\u00e9s de cinco a\u00f1os seguidos, <strong>Perazzo cambi\u00f3 de aires y se mud\u00f3 a La Boca para jugar en el Xeneize. <\/strong>All\u00ed su nivel no fue el esperado, y posterior a dos a\u00f1os, donde jug\u00f3 56 partidos y marc\u00f3 12 goles, dej\u00f3 el club de la Rivera.<\/p>\n<\/div>\n<div class=\"sc-e7b891c4-0 jPbnQF\"><img alt=\"Walter Perazzo en Boca. \" src=\"https:\/\/www.ole.com.ar\/images\/2018\/06\/30\/Bk9g2EuGQ_720x0.jpg\" width=\"720\" height=\"100\" decoding=\"async\" data-nimg=\"future\" loading=\"lazy\"><span class=\"epigraphe\">Walter Perazzo en Boca. <\/span><\/div>\n<div class=\"custom-text \" readability=\"36\">\n<p><strong>Su nuevo destino fue Argentinos Juniors. Breve paso por el Bicho.<\/strong> Tan solo ocho encuentros con la casaca del club de La Paternal. Convirti\u00f3 solo un tanto. Situado en 1991, el delantero retorn\u00f3 a su tierra natal, Colombia. <\/p>\n<\/div>\n<div class=\"custom-text \" readability=\"36\">\n<p>Esta vez fue para permanecer durante un a\u00f1o en el Deportivo Cali. De la tierra del caf\u00e9, pas\u00f3 a Bol\u00edvar, del club de La Paz al Daewoo de Corea y <strong>se termin\u00f3 retirando en Laferrere en la temporada 1994 \/ 1995.<\/strong><\/p>\n<\/div>\n<div class=\"sc-e7b891c4-0 jPbnQF\"><img alt=\"Walter Perazzo vistiendo la Azul y Oro.\" src=\"http:\/\/nuevacordoba.net\/wp-content\/uploads\/2023\/09\/walter-perazzo-boca-san-lorenzo-bilardo-y-su-nueva-vida-en-santiago-2.jpg\" width=\"720\" height=\"100\" decoding=\"async\" data-nimg=\"future\" loading=\"lazy\"><span class=\"epigraphe\">Walter Perazzo vistiendo la Azul y Oro.<\/span><\/div>\n<div class=\"custom-text \" readability=\"36\">\n<p>Adem\u00e1s, pese a ser colombiano, <strong>eligi\u00f3 vestir la camiseta de la Selecci\u00f3n Argentina, <\/strong>transform\u00e1ndose as\u00ed en el primer jugador de esta nacionalidad en calzarse la Celeste y Blanca.<strong> <\/strong><\/p>\n<\/div>\n<div class=\"custom-text \" readability=\"35\">\n<p><strong>Esto fue para el Torneo Preol\u00edmpico Sudamericano sub-23.<\/strong> Tambi\u00e9n estuvo muy cerca de ir al Mundial del 86, pero se qued\u00f3 afuera de la lista final. <strong>\u201cMe quede con las ganas\u201d, lleg\u00f3 a decir.<\/strong><\/p>\n<\/div>\n<p><h2><strong>Boca: \u201cNecesitaba ser asistido\u201d<\/strong><\/h2>\n<\/p>\n<div class=\"custom-text \" readability=\"39\">\n<p>En di\u00e1logo con TN, Perazzo hizo una reflexi\u00f3n de por qu\u00e9 en Boca, no lleg\u00f3 a ser el jugador que fue en San Lorenzo: \u201c<strong>El primer a\u00f1o fue bueno. El 9 necesita ser asistido y yo ten\u00eda a mi lado a goleadores y no a asistidores. Ese campeonato terminamos con Graciani 10, yo con 11 y Comas con 12 goles. Es un buen n\u00famero, pero yo no ten\u00eda ning\u00fan gol con pase de ellos dos. En San Lorenzo las terminaba yo\u201d.<\/strong><\/p>\n<\/div>\n<p><h2><strong>La relaci\u00f3n con Bilardo<\/strong><\/h2>\n<\/p>\n<div class=\"custom-text \" readability=\"37\">\n<p><strong>\u201cEra muy exigente. Ah\u00ed aprend\u00ed c\u00f3mo debe ser un profesional, como se debe comportar. Saber diferenciar los momentos. Me dej\u00f3 una ense\u00f1anza que me permiti\u00f3 m\u00e1s adelante tener el pico m\u00e1ximo de mi rendimiento. Pegu\u00e9 el salto y me recib\u00ed de profesional\u201d<\/strong>, dijo Perazzo hablando con Todo Noticias.<\/p>\n<\/div>\n<div class=\"sc-e7b891c4-0 jPbnQF\"><img alt=\"Perazzo siendo entrenador de la Selecci\u00f3n Argentina Sub-20. \" src=\"http:\/\/nuevacordoba.net\/wp-content\/uploads\/2023\/09\/walter-perazzo-boca-san-lorenzo-bilardo-y-su-nueva-vida-en-santiago-3.jpg\" width=\"720\" height=\"100\" decoding=\"async\" data-nimg=\"future\" loading=\"lazy\"><span class=\"epigraphe\">Perazzo siendo entrenador de la Selecci\u00f3n Argentina Sub-20. <\/span><\/div>\n<div class=\"sc-a7166897-0 exHLBh\" readability=\"7\">\n<section readability=\"4\"><picture><img alt=\"Boca, sin Medina, Valentini y Brey para la Copa Argentina \" src=\"http:\/\/nuevacordoba.net\/wp-content\/uploads\/2023\/09\/walter-perazzo-boca-san-lorenzo-bilardo-y-su-nueva-vida-en-santiago-4.jpg\" width=\"290\" height=\"290\" decoding=\"async\" data-nimg=\"future\" loading=\"lazy\"><\/picture>\n<p><span>Mir\u00e1 tambi\u00e9n<\/span><\/p>\n<hr>\n<h3>Boca, sin Medina, Valentini y Brey para la Copa Argentina <\/h3>\n<\/p>\n<\/section>\n<\/div>\n<div class=\"sc-a7166897-0 exHLBh\" readability=\"6\">\n<section readability=\"2\"><picture><img alt=\"El ex Boca que firm\u00f3 con Col\u00f3n\" src=\"http:\/\/nuevacordoba.net\/wp-content\/uploads\/2023\/09\/walter-perazzo-boca-san-lorenzo-bilardo-y-su-nueva-vida-en-santiago-5.jpg\" width=\"290\" height=\"290\" decoding=\"async\" data-nimg=\"future\" loading=\"lazy\"><\/picture>\n<p><span>Mir\u00e1 tambi\u00e9n<\/span><\/p>\n<hr>\n<h3>El ex Boca que firm\u00f3 con Col\u00f3n<\/h3>\n<\/p>\n<\/section>\n<\/div>\n<div class=\"sc-a7166897-0 exHLBh\" readability=\"6\">\n<section readability=\"2\"><picture><img alt=\"El m\u00e1s copero: los r\u00e9cords que consigui\u00f3 Boca tras su nuevo pase a las semifinales\" src=\"http:\/\/nuevacordoba.net\/wp-content\/uploads\/2023\/09\/walter-perazzo-boca-san-lorenzo-bilardo-y-su-nueva-vida-en-santiago-6.jpg\" width=\"290\" height=\"290\" decoding=\"async\" data-nimg=\"future\" loading=\"lazy\"><\/picture>\n<p><span>Mir\u00e1 tambi\u00e9n<\/span><\/p>\n<hr>\n<h3>El m\u00e1s copero: los r\u00e9cords que consigui\u00f3 Boca tras su nuevo pase a las semifinales<\/h3>\n<\/p>\n<\/section>\n<\/div>\n<div class=\"sc-a7166897-0 exHLBh\" readability=\"6\">\n<section readability=\"2\"><picture><img alt=\"Changuito atrevido: Zeballos y el particular pedido a Rojo en los penales\" src=\"http:\/\/nuevacordoba.net\/wp-content\/uploads\/2023\/09\/walter-perazzo-boca-san-lorenzo-bilardo-y-su-nueva-vida-en-santiago-7.jpg\" width=\"290\" height=\"290\" decoding=\"async\" data-nimg=\"future\" loading=\"lazy\"><\/picture>\n<p><span>Mir\u00e1 tambi\u00e9n<\/span><\/p>\n<hr>\n<h3>Changuito atrevido: Zeballos y el particular pedido a Rojo en los penales<\/h3>\n<\/p>\n<\/section>\n<\/div>\n<\/div>\n","protected":false},"excerpt":{"rendered":"<p>31\/08\/2023 19:02hs. G\u00fcemes de Santiago del Estero se encuentra en la lucha por conseguir un lugar en el Reducido para ascender a la m\u00e1xima divisi\u00f3n de nuestro pa\u00eds. Actualmente se encuentra a nueve unidades del objetivo, pero todav\u00eda faltan siete partidos, lo que equivale un total de 21 puntos en juego, antes del final del [&hellip;]<\/p>\n","protected":false},"author":1,"featured_media":36079,"comment_status":"closed","ping_status":"closed","sticky":false,"template":"","format":"standard","meta":[],"categories":[10],"tags":[],"_links":{"self":[{"href":"http:\/\/nuevacordoba.net\/index.php\/wp-json\/wp\/v2\/posts\/36078"}],"collection":[{"href":"http:\/\/nuevacordoba.net\/index.php\/wp-json\/wp\/v2\/posts"}],"about":[{"href":"http:\/\/nuevacordoba.net\/index.php\/wp-json\/wp\/v2\/types\/post"}],"author":[{"embeddable":true,"href":"http:\/\/nuevacordoba.net\/index.php\/wp-json\/wp\/v2\/users\/1"}],"replies":[{"embeddable":true,"href":"http:\/\/nuevacordoba.net\/index.php\/wp-json\/wp\/v2\/comments?post=36078"}],"version-history":[{"count":0,"href":"http:\/\/nuevacordoba.net\/index.php\/wp-json\/wp\/v2\/posts\/36078\/revisions"}],"wp:featuredmedia":[{"embeddable":true,"href":"http:\/\/nuevacordoba.net\/index.php\/wp-json\/wp\/v2\/media\/36079"}],"wp:attachment":[{"href":"http:\/\/nuevacordoba.net\/index.php\/wp-json\/wp\/v2\/media?parent=36078"}],"wp:term":[{"taxonomy":"category","embeddable":true,"href":"http:\/\/nuevacordoba.net\/index.php\/wp-json\/wp\/v2\/categories?post=36078"},{"taxonomy":"post_tag","embeddable":true,"href":"http:\/\/nuevacordoba.net\/index.php\/wp-json\/wp\/v2\/tags?post=36078"}],"curies":[{"name":"wp","href":"https:\/\/api.w.org\/{rel}","templated":true}]}}