{"id":36080,"date":"2023-09-01T08:56:50","date_gmt":"2023-09-01T08:56:50","guid":{"rendered":"http:\/\/nuevacordoba.net\/index.php\/2023\/09\/01\/pablo-gorlero-recrea-el-clima-del-broadway-de-los-30-con-el-show-musical-tin-pan-alley\/"},"modified":"2023-09-01T08:56:50","modified_gmt":"2023-09-01T08:56:50","slug":"pablo-gorlero-recrea-el-clima-del-broadway-de-los-30-con-el-show-musical-tin-pan-alley","status":"publish","type":"post","link":"http:\/\/nuevacordoba.net\/index.php\/2023\/09\/01\/pablo-gorlero-recrea-el-clima-del-broadway-de-los-30-con-el-show-musical-tin-pan-alley\/","title":{"rendered":"Pablo Gorlero recrea el clima del Broadway de los 30 con el show musical \u00abTin Pan Alley\u00bb"},"content":{"rendered":"<figure class=\"mb-3\"><img loading=\"lazy\" data-src=\"http:\/\/nuevacordoba.net\/wp-content\/uploads\/2023\/09\/pablo-gorlero-recrea-el-clima-del-broadway-de-los-30-con-el-show-musical-tin-pan-alley.jpg\" src=\"https:\/\/www.telam.com.ar\/assets\/img\/not_image.png\" class=\" lazy \" width=\"100%\" height=\"100%\" alt=\"Gorlero en la imagen con Dionisio planea realizar en noviembre el Primer Festival de Teatro Musical de la Argentina en CABA varias provincias y en el exterior Foto Pepe Mateos\"><figcaption> Gorlero -en la imagen con Dionisio- planea realizar en noviembre el Primer Festival de Teatro Musical de la Argentina en CABA, varias provincias y en el exterior. \/ Foto: Pepe Mateos <\/figcaption><\/figure>\n<p><strong>Pablo Gorlero <\/strong>es el autor y director de<strong> \u00abTin Pan Alley. Noches de Broadway\u00bb<\/strong>, un recorrido por una \u00e9poca y un ambiente particular del musical norteamericano, a trav\u00e9s de canciones de eminentes referencias al g\u00e9nero, que dejaron una marca indeleble y a\u00fan presente en la cultura popular y que incluye nombre gloriosos como <strong>Cole Porter, George e Ira Gershwin e Irving Berlin<\/strong>.<\/p>\n<p>Este music hall, pasado a trav\u00e9s del filtro del muy porte\u00f1o y entra\u00f1able caf\u00e9 concert, que une al mismo tiempo intimidad y glamour, exaltaci\u00f3n y silencio, a\u00f1oranza y humor, se ver\u00e1 desde este viernes primero de septiembre a las 20.30, con funciones tambi\u00e9n el 8,15, 22 y 29 en el teatro C\u00e1stor y P\u00f3lux (Tacuar\u00ed 955) del barrio de San Telmo.<\/p>\n<p><strong>\u00abSe trata de algo que quer\u00eda hacer hace rato, me encanta el Broadway de los 20 y los 30 donde las estrellas eran los compositores y las canciones nuevas que despu\u00e9s terminar\u00edan en el teatro musical, luego en las radios y sonando con las orquestas, nac\u00edan en una peque\u00f1a calle conocida como Tin Pan Alley donde se ubicaban las grandes editoriales de m\u00fasica\u00bb<\/strong>, destaca Gorlero a T\u00e9lam contando las primeras impresiones de por qu\u00e9 decidi\u00f3 abandonar brevemente escenarios de mayores dimensiones para volcarse a este proyecto, en un punto m\u00e1s \u00edntimo y personal.<\/p>\n<p><strong>\u00abLas canciones de esa \u00e9poca<\/strong> -agrega- f<strong>ueron insuperables y fortalecieron el surgimiento del jazz como una forma musical netamente norteamericana\u00bb.<\/strong><\/p>\n<p>Con piano y direcci\u00f3n musical de <strong>Juan Ignacio L\u00f3pez<\/strong>, coreograf\u00eda de <strong>Marina Svartzman<\/strong> y vestuario de <strong>Javier Ponzio<\/strong>, \u00abTin Pan Alley. Noches de Broadway\u00bb contar\u00e1 con interpretaciones y actuaciones de <strong>Bel\u00e9n Cabrera, Joaqu\u00edn Catarineu, Luly Chouhy, Agust\u00edn Iannone, Emanuel Ntaka y Daniela Rubiatti.<\/strong><\/p>\n<figure class=\"mb-3\"><img loading=\"lazy\" data-src=\"http:\/\/nuevacordoba.net\/wp-content\/uploads\/2023\/09\/pablo-gorlero-recrea-el-clima-del-broadway-de-los-30-con-el-show-musical-tin-pan-alley-1.jpg\" src=\"https:\/\/www.telam.com.ar\/assets\/img\/not_image.png\" class=\" lazy \" width=\"100%\" height=\"100%\" alt=\"Gorlero y parte se equipo de Tin Pan Alley Foto Pepe Mateos\"><figcaption> Gorlero y parte se equipo de \u00abTin Pan Alley\u00bb. \/ Foto: Pepe Mateos <\/figcaption><\/figure>\n<p><br open> Autor de obras de teatro musical como <strong>\u00abDe eso no se canta\u00bb, \u00abHair &#8211; 50 a\u00f1os\u00bb y \u00abCanciones con gracia\u00bb<\/strong>, entre m\u00e1s, Gorlero destaca que una de las premisas que tuvo presente en la selecci\u00f3n del material musical que da cuerpo al espect\u00e1culo es que hubieran sido parte de comedias musicales.<\/p>\n<p>Hablando sobre los creadores del Tin Pay Alley, como era conocida esa calle y ese particular\u00edsimo reducto de Nueva York y cuyo nombre se extendi\u00f3 para dar forma a una suerte de movimiento que estuvo en la base del esplendor de la comedia musical y de la canci\u00f3n popular (norte)americana, Gorlero dice que <strong>\u00abesos m\u00fasicos que surgieron en esa m\u00fasica son los padres de todo aquello y estas canciones singuen siendo interpretadas por cantantes famos\u00edsimos, muchas de ellas formaron parte, por ejemplo del disco de Lady Gaga con (el recientemente fallecido) Tony Bennett, que me pareci\u00f3 impresionante\u00bb<\/strong>.<\/p>\n<p><strong>\u00abEs probable<\/strong> -acota Gorlero- <strong>que si uno quisiera hacer las comedias musicales en que surgieron estas canciones resultar\u00edan viejas, pero muchas de las canciones de esa \u00e9poca perduraron por s\u00ed mismas y se convirtieron en cl\u00e1sicos\u00bb<\/strong>.<\/p>\n<p>Investigador, docente y creador de los premios Hugo, Gorlero dice que, adem\u00e1s,<strong> \u00abson canciones que se prestan a todo tipo de interpretaci\u00f3n, porque dicen muchas cosas, en determinados casos se trata de di\u00e1logos cantados y se prestan tambi\u00e9n para el baile, que en una \u00e9poca en que el mejor amigo del jazz era el tap, y en la obra hay un componente importante de tap\u00bb<\/strong>.<\/p>\n<p><strong>\u00abEs la \u00e9poca dorada de Broadway, con un gigantesco surgimiento de la comedia musical, al mismo tiempo que es la \u00e9poca de la Gran Depresi\u00f3n y creo que se hac\u00edan comedias musicales para que la gente pudiera sostenerse con cierto optimismo, de esa \u00e9poca rescatamos, por ejemplo, &#8216;Brother Can You Spare a Dime?&#8217;, de Yip Harbur, que habla de toda esa malaria que se viv\u00eda\u00bb.<\/strong><\/p>\n<figure class=\"mb-3\"><img loading=\"lazy\" data-src=\"http:\/\/nuevacordoba.net\/wp-content\/uploads\/2023\/09\/pablo-gorlero-recrea-el-clima-del-broadway-de-los-30-con-el-show-musical-tin-pan-alley-2.jpg\" src=\"https:\/\/www.telam.com.ar\/assets\/img\/not_image.png\" class=\" lazy \" width=\"100%\" height=\"100%\" alt=\"Muchas de las canciones de esa poca perduraron por s mismas y se convirtieron en clsicos dice Gorlero Foto Pepe Mateos\"><figcaption> \u00abMuchas de las canciones de esa \u00e9poca perduraron por s\u00ed mismas y se convirtieron en cl\u00e1sicos\u00bb, dice Gorlero.\/ Foto: Pepe Mateos <\/figcaption><\/figure>\n<p><br open> Proponi\u00e9ndole a Gorlero una asociaci\u00f3n con el tango y la comedia musical porte\u00f1a de esa misma \u00e9poca y posteriores, el periodista, director y productor teatral se\u00f1ala: <strong>\u00abEl tango est\u00e1 muy hermanado con el jazz, el que lo defin\u00eda muy bien era Horacio Ferrer, \u00e9l dec\u00eda que cada tango conten\u00eda un sainete. Hay otros puntos de contacto, como el caso de Cole Porter que pod\u00eda escribir para un musical determinado pero que tambi\u00e9n escrib\u00eda un pu\u00f1ado de canciones y a partir de ah\u00ed escrib\u00edan el musical, esa era la misma forma de trabajar de Ivo Pelay y Francisco Canaro, que estrenaban cada a\u00f1o una comedia musical que estaba subordinada a los tangos de Canaro\u00bb.<\/strong><\/p>\n<p>El espect\u00e1culo que arranca este viernes en C\u00e1stor y P\u00f3lux, \u00faltimo espacio que inaugur\u00f3 <strong>Lino Patalano<\/strong> antes de fallecimiento, propone una escenificaci\u00f3n de las canciones que se interpretan, textos que unen a unas con otras al modo de un relato de \u00e9poca para introducir a los compositores y las tem\u00e1ticas junto con algunos, ineludibles, pasos de comedia, y coreograf\u00edas.<\/p>\n<p>Al tiempo que est\u00e1 a punto de estrenar este caf\u00e9 concert y trabaja en otros proyectos, entre ellos una obra de teatro de texto que piensa dar a conocer en octubre pr\u00f3ximo, <strong>Gorlero planea realizar en noviembre el Primer Festival de Teatro Musical de la Argentina, con elencos de Mar del Plata, Capital Federal, Bah\u00eda Blanca, Mendoza, Tucum\u00e1n, C\u00f3rdoba, La Plata, Lima, Per\u00fa, y Santiago, Chile, con la idea de poder discutir sobre el musical en Am\u00e9rica Latina y tambi\u00e9n pensando en la posibilidad de replicarlo y ampliarlo a futuro.<\/strong><\/p>\n<p><strong>\u00abLa idea es acercar al p\u00fablico el musical que hacemos ac\u00e1, dar a conocer el laburo de un mont\u00f3n de gente y mostrar por d\u00f3nde vienen las tendencias creativas\u00bb<\/strong>, dice sobre el futuro encuentro que tendr\u00e1 dos sedes: el teatro Border en Palermo y el teatro \u00d3palo en Jun\u00edn y Corrientes. <\/p>\n","protected":false},"excerpt":{"rendered":"<p>Gorlero -en la imagen con Dionisio- planea realizar en noviembre el Primer Festival de Teatro Musical de la Argentina en CABA, varias provincias y en el exterior. \/ Foto: Pepe Mateos Pablo Gorlero es el autor y director de \u00abTin Pan Alley. Noches de Broadway\u00bb, un recorrido por una \u00e9poca y un ambiente particular del [&hellip;]<\/p>\n","protected":false},"author":1,"featured_media":36081,"comment_status":"closed","ping_status":"closed","sticky":false,"template":"","format":"standard","meta":[],"categories":[9],"tags":[],"_links":{"self":[{"href":"http:\/\/nuevacordoba.net\/index.php\/wp-json\/wp\/v2\/posts\/36080"}],"collection":[{"href":"http:\/\/nuevacordoba.net\/index.php\/wp-json\/wp\/v2\/posts"}],"about":[{"href":"http:\/\/nuevacordoba.net\/index.php\/wp-json\/wp\/v2\/types\/post"}],"author":[{"embeddable":true,"href":"http:\/\/nuevacordoba.net\/index.php\/wp-json\/wp\/v2\/users\/1"}],"replies":[{"embeddable":true,"href":"http:\/\/nuevacordoba.net\/index.php\/wp-json\/wp\/v2\/comments?post=36080"}],"version-history":[{"count":0,"href":"http:\/\/nuevacordoba.net\/index.php\/wp-json\/wp\/v2\/posts\/36080\/revisions"}],"wp:featuredmedia":[{"embeddable":true,"href":"http:\/\/nuevacordoba.net\/index.php\/wp-json\/wp\/v2\/media\/36081"}],"wp:attachment":[{"href":"http:\/\/nuevacordoba.net\/index.php\/wp-json\/wp\/v2\/media?parent=36080"}],"wp:term":[{"taxonomy":"category","embeddable":true,"href":"http:\/\/nuevacordoba.net\/index.php\/wp-json\/wp\/v2\/categories?post=36080"},{"taxonomy":"post_tag","embeddable":true,"href":"http:\/\/nuevacordoba.net\/index.php\/wp-json\/wp\/v2\/tags?post=36080"}],"curies":[{"name":"wp","href":"https:\/\/api.w.org\/{rel}","templated":true}]}}