{"id":36082,"date":"2023-08-31T23:31:14","date_gmt":"2023-08-31T23:31:14","guid":{"rendered":"https:\/\/cordoba.gob.ar\/?p=50752"},"modified":"2023-08-31T23:31:14","modified_gmt":"2023-08-31T23:31:14","slug":"el-primer-finde-de-septiembre-despliega-multiples-propuestas-que-invita-la-agenda-cultural-y-recreativa-municipal","status":"publish","type":"post","link":"http:\/\/nuevacordoba.net\/index.php\/2023\/08\/31\/el-primer-finde-de-septiembre-despliega-multiples-propuestas-que-invita-la-agenda-cultural-y-recreativa-municipal\/","title":{"rendered":"El primer \u201cfinde\u201d de septiembre despliega m\u00faltiples propuestas que invita la agenda cultural y recreativa Municipal"},"content":{"rendered":"<div><img src=\"http:\/\/nuevacordoba.net\/wp-content\/uploads\/2023\/09\/el-primer-finde-de-septiembre-despliega-multiples-propuestas-que-invita-la-agenda-cultural-y-recreativa-municipal.jpg\" class=\"ff-og-image-inserted\"><\/div>\n<ul>\n<li><strong>&nbsp;En distintos puntos de la capital cordobesa se desarrollar\u00e1n actividades diversas para todos los gustos: conciertos, t\u00edteres, ferias, visitas guiadas, talleres, actuaciones de los elencos art\u00edsticos, muestras de artes y muchos m\u00e1s.<\/strong><\/li>\n<li><strong>A su vez, se celebra el mes del turismo en los espacios ic\u00f3nicos de la ciudad para el disfrute de los cordobeses y turistas.<\/strong><\/li>\n<\/ul>\n<hr>\n<p>A partir de hoy y hasta el domingo 3 de septiembre, se vivir\u00e1n d\u00edas a puro entretenimiento junto a las numerosas propuestas que despliega la Agenda Cultural y Recreativa de la Municipalidad de C\u00f3rdoba.<\/p>\n<p>El nuevo Teatro Comedia invita este \u201cfinde\u201d con presentaciones de los Elencos Art\u00edsticos y una obra teatral. En todas las funciones, el acceso es gratuito hasta agotar capacidad de la sala.<\/p>\n<p>Para quienes gustan pasear por los recovecos de la ciudad, las visitas guiadas gratuitas son las propuestas ideales para conocer la historia y el patrimonio de los cordobeses.<\/p>\n<p>Estos recorridos se enmarcan en el mes del Turismo entre los que se destacan las tem\u00e1ticas de Bares y Caf\u00e9s Notables, Mujeres Destacadas y Experiencia Cuarteto.<\/p>\n<p>Son organizadas por la Direcci\u00f3n General de Turismo y Promoci\u00f3n de la Ciudad dependiente de la Secretar\u00eda de Gobierno y Gesti\u00f3n General de Gabinete, y se encuentran en su p\u00e1gina oficial: https:\/\/turismo.cordoba.gob.ar\/<\/p>\n<p>Se suman las visitas del Cementerio San Jer\u00f3nimo donde se relatar\u00e1n historias de amor y no tan amorosas, mujeres destacadas, olvidados imperdonables, historias de los barrios de la ciudad, historias tr\u00e1gicas y personalidades imborrables de los grandes hechos hist\u00f3ricos cordobeses.<\/p>\n<p>El Jard\u00edn Bot\u00e1nico tambi\u00e9n ofrece caminatas guiadas por el Paseo de la Flora Cordobesa y en esta oportunidad girar\u00e1n en torno a la Semana del \u00c1rbol, poniendo especial \u00e9nfasis en los \u00e1rboles nativos.<\/p>\n<p>Otra opci\u00f3n imperdible son las actividades recreativas que se desarrollar\u00e1n en las Ferias Francas con juegos, obras de teatro y hasta maquillaje art\u00edstico para los m\u00e1s peque\u00f1os.<\/p>\n<p>Aquellas personas interesadas en disfrutar de las singulares expresiones art\u00edsticas tienen la oportunidad de visitar los centros culturales y museos municipales, que a su vez proponen variadas actividades. Tal es el caso del nuevo Museo de Arte Metropolitano Urbano con dos grandes muestras que estar\u00e1n exhibidas hasta el domingo 3 inclusive.<\/p>\n<p>Tomar mate con amigos, hacer ejercicio f\u00edsico, andar en bici, caminar con animales de compa\u00f1\u00eda o pasear con la familia son momentos que se pueden aprovechar en los numerosos espacios recuperados por el Municipio.<\/p>\n<p>Entre ellos se destacan la Rueda Eiffel en el Parque Sarmiento, el Parque de la Biodiversidad, el Espacio Cervecer\u00eda C\u00f3rdoba de barrio Alberdi, las Supermanzanas, el Parque las Heras Elisa y la ciclov\u00eda elevada.<\/p>\n<p>Las Ferias de G\u00fcemes, las de Econom\u00eda Social y los puestos de la Feria de la Econom\u00eda Circular estar\u00e1n abiertos durante este \u201cfinde\u201d. All\u00ed, los visitantes conocer\u00e1n el fascinante mundo de las artesan\u00edas y sus hacedores.<\/p>\n<p>Todas estas propuestas, y muchas m\u00e1s, son abiertas a la comunidad.<\/p>\n<p>A continuaci\u00f3n se detallan los d\u00edas y horarios en la&nbsp; <a href=\"https:\/\/cordoba.gob.ar\/wp-content\/uploads\/2023\/08\/Agenda-Cultural-y-Recreativa-1-2-y-3-de-septiembre.pdf\">Agenda Cultural y Recreativa 1, 2 y 3 de septiembre<\/a><\/p>\n","protected":false},"excerpt":{"rendered":"<p>&nbsp;En distintos puntos de la capital cordobesa se desarrollar\u00e1n actividades diversas para todos los gustos: conciertos, t\u00edteres, ferias, visitas guiadas, talleres, actuaciones de los elencos art\u00edsticos, muestras de artes y muchos m\u00e1s. A su vez, se celebra el mes del turismo en los espacios ic\u00f3nicos de la ciudad para el disfrute de los cordobeses y [&hellip;]<\/p>\n","protected":false},"author":1,"featured_media":36083,"comment_status":"closed","ping_status":"closed","sticky":false,"template":"","format":"standard","meta":[],"categories":[14],"tags":[],"_links":{"self":[{"href":"http:\/\/nuevacordoba.net\/index.php\/wp-json\/wp\/v2\/posts\/36082"}],"collection":[{"href":"http:\/\/nuevacordoba.net\/index.php\/wp-json\/wp\/v2\/posts"}],"about":[{"href":"http:\/\/nuevacordoba.net\/index.php\/wp-json\/wp\/v2\/types\/post"}],"author":[{"embeddable":true,"href":"http:\/\/nuevacordoba.net\/index.php\/wp-json\/wp\/v2\/users\/1"}],"replies":[{"embeddable":true,"href":"http:\/\/nuevacordoba.net\/index.php\/wp-json\/wp\/v2\/comments?post=36082"}],"version-history":[{"count":0,"href":"http:\/\/nuevacordoba.net\/index.php\/wp-json\/wp\/v2\/posts\/36082\/revisions"}],"wp:featuredmedia":[{"embeddable":true,"href":"http:\/\/nuevacordoba.net\/index.php\/wp-json\/wp\/v2\/media\/36083"}],"wp:attachment":[{"href":"http:\/\/nuevacordoba.net\/index.php\/wp-json\/wp\/v2\/media?parent=36082"}],"wp:term":[{"taxonomy":"category","embeddable":true,"href":"http:\/\/nuevacordoba.net\/index.php\/wp-json\/wp\/v2\/categories?post=36082"},{"taxonomy":"post_tag","embeddable":true,"href":"http:\/\/nuevacordoba.net\/index.php\/wp-json\/wp\/v2\/tags?post=36082"}],"curies":[{"name":"wp","href":"https:\/\/api.w.org\/{rel}","templated":true}]}}