{"id":36096,"date":"2023-09-02T03:11:53","date_gmt":"2023-09-02T03:11:53","guid":{"rendered":"http:\/\/nuevacordoba.net\/index.php\/2023\/09\/02\/boca-y-palmeiras-jugaran-los-jueves-28-de-septiembre-y-5-de-octubre\/"},"modified":"2023-09-02T03:11:53","modified_gmt":"2023-09-02T03:11:53","slug":"boca-y-palmeiras-jugaran-los-jueves-28-de-septiembre-y-5-de-octubre","status":"publish","type":"post","link":"http:\/\/nuevacordoba.net\/index.php\/2023\/09\/02\/boca-y-palmeiras-jugaran-los-jueves-28-de-septiembre-y-5-de-octubre\/","title":{"rendered":"Boca y Palmeiras jugar\u00e1n los jueves 28 de septiembre y 5 de octubre"},"content":{"rendered":"<figure class=\"mb-3\"><img loading=\"lazy\" data-src=\"http:\/\/nuevacordoba.net\/wp-content\/uploads\/2023\/09\/boca-y-palmeiras-jugaran-los-jueves-28-de-septiembre-y-5-de-octubre.jpg\" src=\"https:\/\/www.telam.com.ar\/assets\/img\/not_image.png\" class=\" lazy \" width=\"100%\" height=\"100%\" alt=\"Boca se llev este mircoles el 41 ante Racing en la definicin por penales Foto Alfredo Luna\"><figcaption> Boca se llev\u00f3 este mi\u00e9rcoles el 4-1 ante Racing en la definici\u00f3n por penales. Foto: Alfredo Luna. <\/figcaption><\/figure>\n<p>La Conmebol confirm\u00f3 esta tarde que Boca Juniors y Palmeiras, por la semifinal de la Copa Libertadores de Am\u00e9rica, jugar\u00e1n los jueves 28 de septiembre en la Bombonera y el 5 de octubre en San Pablo, en ambos casos desde las 21.30, hora de Argentina.<\/p>\n<p>La entidad sudamericana comunic\u00f3 a trav\u00e9s de sus redes sociales la programaci\u00f3n del cruce entre el \u00abXeneize\u00bb y el \u00abVerdao\u00bb, que en la ida jugar\u00e1n en La Bombonera y en la vuelta en el Parque Ant\u00e1rtica, sin ventaja de gol de visitante.<\/p>\n<p>En caso de empate en el resultado global tras los 180 minutos reglamentarios, habr\u00e1 definici\u00f3n por tiros desde el punto penal. Adem\u00e1s, Boca tendr\u00e1 en el fin de semana de por medio el Supercl\u00e1sico contra River, tambi\u00e9n en la Bombonera. Si bien se aguarda la oficializaci\u00f3n de la fecha, se sabe que podr\u00eda ser el s\u00e1bado 30 de septiembre, por la jornada de la Copa de la Liga Profesional.<\/p>\n<figure class=\"mb-3\"><img loading=\"lazy\" data-src=\"http:\/\/nuevacordoba.net\/wp-content\/uploads\/2023\/09\/boca-y-palmeiras-jugaran-los-jueves-28-de-septiembre-y-5-de-octubre-1.jpg\" src=\"https:\/\/www.telam.com.ar\/assets\/img\/not_image.png\" class=\" lazy \" width=\"100%\" height=\"100%\" alt=\"Foto Alfredo Luna \"><figcaption> Foto: Alfredo Luna. <\/figcaption><\/figure>\n<p>Es por eso que el entrenador de Boca, Jorge Almir\u00f3n, desliz\u00f3 la posibilidad de modificar la fecha del cl\u00e1sico, aunque reglamentariamente no existen posibilidades. Desde el lado \u00abMillonario\u00bb, ya avisaron que no se mover\u00e1n del reglamento.<\/p>\n<p>El otro cruce entre Internacional y Fluminense tendr\u00e1 lugar el mi\u00e9rcoles 27 de septiembre en el estadio Maracan\u00e1 de R\u00edo de Janeiro, y el mi\u00e9rcoles 4 de octubre en el Beira R\u00edo de Porto Alegre.<\/p>\n<h2 class> El Xeneine recibir\u00e1 con un mix a Tigre el domingo por la Copa de la Liga Profesional<\/h2>\n<p>El entrenador de Boca Juniors, Jorge Almir\u00f3n, dispondr\u00e1 de un mix entre habituales titulares y suplentes para recibir el domingo a Tigre por la tercera fecha de la Zona B de la Copa de la Liga Profesional, y le dar\u00e1 descanso a varios futbolistas que vienen de lograr la clasificaci\u00f3n a semifinales de la Copa Libertadores tras derrotar a Racing por 4 a 1 en los penales tras igualar 0 a 0.<\/p>\n<p>En un clima de tranquilidad por estar entre los cuatro mejores equipos de la Copa Libertadores, el plantel \u00abxeneize\u00bb volvi\u00f3 este viernes a los entrenamientos luego de tener el jueves d\u00eda libre, para enfocarse en el campeonato del f\u00fatbol local.<\/p>\n<figure class=\"mb-3\"><img loading=\"lazy\" data-src=\"http:\/\/nuevacordoba.net\/wp-content\/uploads\/2023\/09\/boca-y-palmeiras-jugaran-los-jueves-28-de-septiembre-y-5-de-octubre-2.jpg\" src=\"https:\/\/www.telam.com.ar\/assets\/img\/not_image.png\" class=\" lazy \" width=\"100%\" height=\"100%\" alt=\"El partido de ida contra el Palmeiras se jugar el jueves 28 de septiembre a las 2130 en la Bombonera Foto AFP \"><figcaption> El partido de ida contra el Palmeiras se jugar\u00e1 el jueves 28 de septiembre a las 21.30 en la Bombonera. Foto: AFP. <\/figcaption><\/figure>\n<p>M\u00e1s all\u00e1 de que el t\u00e9cnico no par\u00f3 un equipo, la idea es alternar varios suplentes con algunos de los que jugaron ante la \u00abAcademia\u00bb el pasado mi\u00e9rcoles en Avellaneda.<\/p>\n<p>Los que est\u00e1n descartados para el fin de semana son Sergio \u00abChiquito\u00bb Romero, Luis Advincula, Marcos Rojo y Frank Fabra, por tener sobrecargas musculares. Los cuatro futbolistas tendr\u00e1n descanso por precauci\u00f3n.<\/p>\n<p>En tanto, Lucas Blondel, uno de los refuerzos en este semestre y que justamente viene de Tigre, no podr\u00e1 estar por haber sido expulsado el domingo pasado en la derrota ante Sarmiento por 1-0 en Jun\u00edn.<\/p>\n<blockquote class><p>En la practica de este s\u00e1bado desde las 10, el DT Almir\u00f3n posiblemente pare un equipo que es el que tenga las chances de jugar ante el conjunto que dirigir\u00e1 por primera vez Lucas Pusineri<\/p><\/blockquote>\n<p>&nbsp;<br \/>Javier Garc\u00eda podr\u00eda estar en el arco y seguramente en la defensa Bruno Valdez y Marcelo Saracchi sumaran minutos, al igual que Jorman Campuzano en el mediocampo.<\/p>\n<p>En tanto en la ofensiva es muy posible que se repita el tridente que jug\u00f3 desde el inicio ante Sarmiento en el estadio Eva Per\u00f3n la semana pasada, con Lucas Janson, Dar\u00edo Benedetto y Exequiel Zeballos.<\/p>\n<p>En la practica de este s\u00e1bado desde las 10, el DT Almir\u00f3n posiblemente pare un equipo que es el que tenga las chances de jugar ante el conjunto que dirigir\u00e1 por primera vez Lucas Pusineri.<\/p>\n<blockquote class><p>En la ofensiva es muy posible que se repita el tridente que jug\u00f3 desde el inicio ante Sarmiento en el estadio Eva Per\u00f3n la semana pasada, con Lucas Janson, Dar\u00edo Benedetto y Exequiel Zeballos<\/p><\/blockquote>\n<p>En tanto, en el \u00abMundo Boca\u00bb se contempla que el supercl\u00e1sico ante River por la 7ma. fecha de la Copa de la Liga Profesional, que cae en el medio de los dos encuentros semifinales ante Palmeiras, se jugar\u00eda el s\u00e1bado 30 de septiembre, ya que el domingo 1 de octubre se realizar\u00e1 el primer debate de los candidatos a presidente en Santiago del Estero, de cara a las elecciones nacionales a efectuarse el 22 de ese mes.<\/p>\n<p>En cuanto a la semifinal contra el Palmeiras, la Conmebol confirm\u00f3 este viernes que el partido de ida se jugar\u00e1 el jueves 28 de septiembre a las 21.30 en la Bombonera; y la revancha ser\u00e1 el jueves 5 de octubre en San Pablo.<\/p>\n<p>Boca recibir\u00e1 a Tigre el domingo desde las 18.30 en la Bombonera, por la tercera fecha de la Zona B de la Copa de la Liga Profesional, con el arbitraje de Yael Falc\u00f3n Perez. <\/p>\n","protected":false},"excerpt":{"rendered":"<p>Boca se llev\u00f3 este mi\u00e9rcoles el 4-1 ante Racing en la definici\u00f3n por penales. Foto: Alfredo Luna. La Conmebol confirm\u00f3 esta tarde que Boca Juniors y Palmeiras, por la semifinal de la Copa Libertadores de Am\u00e9rica, jugar\u00e1n los jueves 28 de septiembre en la Bombonera y el 5 de octubre en San Pablo, en ambos [&hellip;]<\/p>\n","protected":false},"author":1,"featured_media":36097,"comment_status":"closed","ping_status":"closed","sticky":false,"template":"","format":"standard","meta":[],"categories":[10],"tags":[],"_links":{"self":[{"href":"http:\/\/nuevacordoba.net\/index.php\/wp-json\/wp\/v2\/posts\/36096"}],"collection":[{"href":"http:\/\/nuevacordoba.net\/index.php\/wp-json\/wp\/v2\/posts"}],"about":[{"href":"http:\/\/nuevacordoba.net\/index.php\/wp-json\/wp\/v2\/types\/post"}],"author":[{"embeddable":true,"href":"http:\/\/nuevacordoba.net\/index.php\/wp-json\/wp\/v2\/users\/1"}],"replies":[{"embeddable":true,"href":"http:\/\/nuevacordoba.net\/index.php\/wp-json\/wp\/v2\/comments?post=36096"}],"version-history":[{"count":0,"href":"http:\/\/nuevacordoba.net\/index.php\/wp-json\/wp\/v2\/posts\/36096\/revisions"}],"wp:featuredmedia":[{"embeddable":true,"href":"http:\/\/nuevacordoba.net\/index.php\/wp-json\/wp\/v2\/media\/36097"}],"wp:attachment":[{"href":"http:\/\/nuevacordoba.net\/index.php\/wp-json\/wp\/v2\/media?parent=36096"}],"wp:term":[{"taxonomy":"category","embeddable":true,"href":"http:\/\/nuevacordoba.net\/index.php\/wp-json\/wp\/v2\/categories?post=36096"},{"taxonomy":"post_tag","embeddable":true,"href":"http:\/\/nuevacordoba.net\/index.php\/wp-json\/wp\/v2\/tags?post=36096"}],"curies":[{"name":"wp","href":"https:\/\/api.w.org\/{rel}","templated":true}]}}