{"id":36100,"date":"2023-09-01T18:44:23","date_gmt":"2023-09-01T18:44:23","guid":{"rendered":"https:\/\/www.ole.com.ar\/autos\/ferrari-domino-practicas-viernes-gran-premio-monza-formula1_0_EldaAcfGgJ.html"},"modified":"2023-09-01T18:44:23","modified_gmt":"2023-09-01T18:44:23","slug":"ferrari-domino-las-practicas-del-viernes-en-el-gran-premio-de-monza-de-la-formula-1","status":"publish","type":"post","link":"http:\/\/nuevacordoba.net\/index.php\/2023\/09\/01\/ferrari-domino-las-practicas-del-viernes-en-el-gran-premio-de-monza-de-la-formula-1\/","title":{"rendered":"Ferrari domin\u00f3 las pr\u00e1cticas del viernes en el Gran Premio de Monza de la F\u00f3rmula 1"},"content":{"rendered":"<p><time class=\"createDate\" datetime=\"2023-09-01T15:44:23-03:00\">01\/09\/2023 15:44hs.<\/time><time class=\"modificatedDate\" datetime=\"2023-09-01T15:44:23-03:00\"><\/time><\/p>\n<div id=\"storyBody\">\n<div class=\"custom-text \" readability=\"38.25974025974\">\n<p>Empez\u00f3 la actividad en Italia para dar comienzo al <strong>Gran Premio de Monza<\/strong>, que este viernes tuvo sus dos primeros <strong>entrenamientos libres <\/strong>en el Aut\u00f3dromo Nazionale Monza, donde, en una tarde soleada, <strong><a href=\"https:\/\/www.ole.com.ar\/tema\/ferrari.html\" title=\"Ferrari\" alt=\"Ferrari\" class=\"slug\">Ferrari <\/a><\/strong>se hizo fuerte en su tierra. Con <a href=\"https:\/\/www.ole.com.ar\/tema\/carlos-sainz.html\" title=\"Carlos Sainz\" alt=\"Carlos Sainz\" class=\"slug\">Carlos Sainz <\/a>encendido en el d\u00eda de su cumplea\u00f1os, tuvo el 2\u00b0 puesto en el test 1 que domin\u00f3 <a href=\"https:\/\/www.ole.com.ar\/tema\/max-verstappen.html\" title=\"Max Verstappen\" alt=\"Max Verstappen\" class=\"slug\">Max Verstappen <\/a>y el <strong>1\u00b0<\/strong> en el segundo, con <strong>1m21s355 -el mejor crono del d\u00eda- <\/strong>en las 23 vueltas que complet\u00f3 el espa\u00f1ol. Por su parte, su compa\u00f1ero <a href=\"https:\/\/www.ole.com.ar\/tema\/charles-leclerc.html\" title=\"Charles Leclerc\" alt=\"Charles Leclerc\" class=\"slug\">Charles Leclerc <\/a>fue 4\u00b0 y 6\u00b0 en las dos pr\u00e1cticas.<\/p>\n<\/div>\n<div class=\"sc-e7b891c4-0 jPbnQF\"><img alt=\"Ferrari lider\u00f3 los entrenamientos del viernes.\" src=\"http:\/\/nuevacordoba.net\/wp-content\/uploads\/2023\/09\/ferrari-domino-las-practicas-del-viernes-en-el-gran-premio-de-monza-de-la-formula-1.jpg\" width=\"720\" height=\"100\" decoding=\"async\" data-nimg=\"future\" loading=\"lazy\"><span class=\"epigraphe\">Ferrari lider\u00f3 los entrenamientos del viernes.<\/span><\/div>\n<div class=\"custom-text \" readability=\"38\">\n<p>Son locales y lo saben, y en el cumplea\u00f1os 29 de Sainz, los tifosi del equipo de Maranello quieren ver una victoria del \u00abCavallino Rampante\u00bb despu\u00e9s de <strong>un a\u00f1o y dos meses<\/strong>. Sainz aventaj\u00f3 al McLaren del brit\u00e1nico <strong>Lando Norris <\/strong>(+0s019) y al Red Bull del mexicano <strong>Sergio P\u00e9rez <\/strong>(+0s185), quien m\u00e1s tarde choc\u00f3 y provoc\u00f3 una bandera roja.<\/p>\n<\/div>\n<div class=\"custom-text \" readability=\"39\">\n<p>El holgado l\u00edder de la temporada, <strong>Verstappen<\/strong>, se ubic\u00f3 en la <strong>quinta posici\u00f3n <\/strong>(+0s276) luego de liderar la primera sesi\u00f3n. El neerland\u00e9s buscar\u00e1 convertirse en el <strong>primer piloto de la historia con diez victorias consecutivas <\/strong>en la M\u00e1xima, tras haber igualado la marca del alem\u00e1n Sebastian Vettel con su triunfo en los Pa\u00edses Bajos, el pasado fin de semana.<\/p>\n<\/div>\n<div class=\"sc-e7b891c4-0 jPbnQF\"><img alt=\"Verstappen va por ser el \u00fanico con el r\u00e9cord de victorias en fila.\" src=\"http:\/\/nuevacordoba.net\/wp-content\/uploads\/2023\/09\/ferrari-domino-las-practicas-del-viernes-en-el-gran-premio-de-monza-de-la-formula-1-1.jpg\" width=\"720\" height=\"100\" decoding=\"async\" data-nimg=\"future\" loading=\"lazy\"><span class=\"epigraphe\">Verstappen va por ser el \u00fanico con el r\u00e9cord de victorias en fila.<\/span><\/div>\n<div class=\"custom-text \" readability=\"34\">\n<p>La \u00faltima vez que <strong>Ferrari <\/strong>se impuso en la ciudad al norte de Mil\u00e1n fue en <strong>2019<\/strong>, de la mano del monegasco Leclerc.<\/p>\n<\/div>\n<div class=\"custom-text \" readability=\"34.16170212766\">\n<p>Adem\u00e1s del <strong>choque <\/strong>del mexicano que deriv\u00f3 en una bandera roja a menos de 10 de minutos del final de la sesi\u00f3n, <strong><a href=\"https:\/\/www.ole.com.ar\/tema\/lance-stroll.html\" title=\"Lance Stroll\" alt=\"Lance Stroll\" class=\"slug\">Lance Stroll <\/a><\/strong>tambi\u00e9n se estrell\u00f3 minutos antes en el inicio del entrenamiento, por una falla del sistema de carburante.<\/p>\n<\/div>\n<div class=\"custom-text \" readability=\"37.404921700224\">\n<p>El tailand\u00e9s <strong>Alexander Albon<\/strong>, que impresiona desde el inicio de la temporada con su modesto Williams, fue s\u00e9ptimo en la hoja de tiempos y lo hizo por lo tanto mejor que el Aston Martin del veterano espa\u00f1ol <strong><a href=\"https:\/\/www.ole.com.ar\/tema\/fernando-alonso.html\" title=\"Fernando Alonso\" alt=\"Fernando Alonso\" class=\"slug\">Fernando Alonso <\/a><\/strong>(8\u00ba) y que el Mercedes del brit\u00e1nico <strong>George Russell<\/strong>. El otro Mercedes, el del tambi\u00e9n brit\u00e1nico <strong><a href=\"https:\/\/www.ole.com.ar\/tema\/lewis-hamilton.html\" title=\"Lewis Hamilton\" alt=\"Lewis Hamilton\" class=\"slug\">Lewis Hamilton<\/a><\/strong>, apenas fue decimos\u00e9ptimo. Eso s\u00ed, las Flechas de Plata prometen llevar un paquete de mejoras al s\u00e1bado.<\/p>\n<\/div>\n<div class=\"sc-e7b891c4-0 jPbnQF\"><img alt=\"Leclerc tuvo una buena actuaci\u00f3n en Monza.\" src=\"http:\/\/nuevacordoba.net\/wp-content\/uploads\/2023\/09\/ferrari-domino-las-practicas-del-viernes-en-el-gran-premio-de-monza-de-la-formula-1-2.jpg\" width=\"720\" height=\"100\" decoding=\"async\" data-nimg=\"future\" loading=\"lazy\"><span class=\"epigraphe\">Leclerc tuvo una buena actuaci\u00f3n en Monza.<\/span><\/div>\n<p><h2>El trazado de Monza<\/h2>\n<\/p>\n<div class=\"custom-text \" readability=\"43\">\n<p>El GP de Italia, 14\u00b0 fecha de la temporada, a 53 vueltas sobre el trazado de 5,793 kil\u00f3metros de extensi\u00f3n que posee el aut\u00f3dromo de Monza, tambi\u00e9n llamado \u00abLa Pista M\u00e1gica\u00bb, <strong>tercera pista de carreras construida en el mundo<\/strong>, hecha en 1922 y construida en solamente 110 d\u00edas. Adem\u00e1s, alberg\u00f3 73 carreras de la categor\u00eda, convirti\u00e9ndose en la <strong>pista con m\u00e1s GP de la F\u00f3rmula 1 <\/strong>en la historia.<\/p>\n<\/div>\n<div class=\"custom-text \" readability=\"38\">\n<p>Los pilotos que m\u00e1s victorias tienen all\u00ed son <strong>Hamilton <\/strong>(que adem\u00e1s tiene 7 poles, m\u00e1s que nadie) y <strong>Michael Schumacher<\/strong>, ambos con cinco cada uno, y ocho podios, liderando tambi\u00e9n esa tabla. Les siguen Nelson Piquet con cuatro triunfos y Fernando Alonso con dos.<\/p>\n<\/div>\n<p><h2>C\u00f3mo sigue la acci\u00f3n en Monza<\/h2>\n<\/p>\n<div class=\"custom-text \" readability=\"36\">\n<p>Volviendo a los horarios tradicionales europeos y ya sin sprint, la actividad en Italia continuar\u00e1 el <strong>s\u00e1bado <\/strong>con la \u00faltima pr\u00e1ctica a las 7.30 y la clasificaci\u00f3n desde las 11. Finalmente, la gran final se desarrollar\u00e1 el <strong>domingo a partir de las 10<\/strong>. Todo ir\u00e1 por Star+ y ESPN.<\/p>\n<\/div>\n<div class=\"sc-e7b891c4-0 jPbnQF\"><img alt=\"Mad Max solo quiere una cosa: ganar.\" src=\"http:\/\/nuevacordoba.net\/wp-content\/uploads\/2023\/09\/ferrari-domino-las-practicas-del-viernes-en-el-gran-premio-de-monza-de-la-formula-1-3.jpg\" width=\"720\" height=\"100\" decoding=\"async\" data-nimg=\"future\" loading=\"lazy\"><span class=\"epigraphe\">Mad Max solo quiere una cosa: ganar.<\/span><\/div>\n<div class=\"sc-a7166897-0 exHLBh\" readability=\"6\">\n<section readability=\"2\"><picture><img alt=\"Hora y TV del GP de Monza en la F\u00f3rmula 1\" src=\"http:\/\/nuevacordoba.net\/wp-content\/uploads\/2023\/09\/ferrari-domino-las-practicas-del-viernes-en-el-gran-premio-de-monza-de-la-formula-1-4.jpg\" width=\"290\" height=\"290\" decoding=\"async\" data-nimg=\"future\" loading=\"lazy\"><\/picture>\n<p><span>Mir\u00e1 tambi\u00e9n<\/span><\/p>\n<hr>\n<h3>Hora y TV del GP de Monza en la F\u00f3rmula 1<\/h3>\n<\/p>\n<\/section>\n<\/div>\n<div class=\"sc-a7166897-0 exHLBh\" readability=\"6\">\n<section readability=\"2\"><picture><img alt=\"IndyCar: hora y TV de Canapino en Portland\" src=\"http:\/\/nuevacordoba.net\/wp-content\/uploads\/2023\/09\/ferrari-domino-las-practicas-del-viernes-en-el-gran-premio-de-monza-de-la-formula-1-5.jpg\" width=\"290\" height=\"290\" decoding=\"async\" data-nimg=\"future\" loading=\"lazy\"><\/picture>\n<p><span>Mir\u00e1 tambi\u00e9n<\/span><\/p>\n<hr>\n<h3>IndyCar: hora y TV de Canapino en Portland<\/h3>\n<\/p>\n<\/section>\n<\/div>\n<div class=\"sc-a7166897-0 exHLBh\" readability=\"6\">\n<section readability=\"2\"><picture><img alt=\"Previaje: c\u00f3mo y cu\u00e1ndo comienza la quinta edici\u00f3n\" src=\"http:\/\/nuevacordoba.net\/wp-content\/uploads\/2023\/09\/ferrari-domino-las-practicas-del-viernes-en-el-gran-premio-de-monza-de-la-formula-1-6.jpg\" width=\"290\" height=\"290\" decoding=\"async\" data-nimg=\"future\" loading=\"lazy\"><\/picture>\n<p><span>Mir\u00e1 tambi\u00e9n<\/span><\/p>\n<hr>\n<h3>Previaje: c\u00f3mo y cu\u00e1ndo comienza la quinta edici\u00f3n<\/h3>\n<\/p>\n<\/section>\n<\/div>\n<\/div>\n","protected":false},"excerpt":{"rendered":"<p>01\/09\/2023 15:44hs. Empez\u00f3 la actividad en Italia para dar comienzo al Gran Premio de Monza, que este viernes tuvo sus dos primeros entrenamientos libres en el Aut\u00f3dromo Nazionale Monza, donde, en una tarde soleada, Ferrari se hizo fuerte en su tierra. Con Carlos Sainz encendido en el d\u00eda de su cumplea\u00f1os, tuvo el 2\u00b0 puesto [&hellip;]<\/p>\n","protected":false},"author":1,"featured_media":36101,"comment_status":"closed","ping_status":"closed","sticky":false,"template":"","format":"standard","meta":[],"categories":[10],"tags":[],"_links":{"self":[{"href":"http:\/\/nuevacordoba.net\/index.php\/wp-json\/wp\/v2\/posts\/36100"}],"collection":[{"href":"http:\/\/nuevacordoba.net\/index.php\/wp-json\/wp\/v2\/posts"}],"about":[{"href":"http:\/\/nuevacordoba.net\/index.php\/wp-json\/wp\/v2\/types\/post"}],"author":[{"embeddable":true,"href":"http:\/\/nuevacordoba.net\/index.php\/wp-json\/wp\/v2\/users\/1"}],"replies":[{"embeddable":true,"href":"http:\/\/nuevacordoba.net\/index.php\/wp-json\/wp\/v2\/comments?post=36100"}],"version-history":[{"count":0,"href":"http:\/\/nuevacordoba.net\/index.php\/wp-json\/wp\/v2\/posts\/36100\/revisions"}],"wp:featuredmedia":[{"embeddable":true,"href":"http:\/\/nuevacordoba.net\/index.php\/wp-json\/wp\/v2\/media\/36101"}],"wp:attachment":[{"href":"http:\/\/nuevacordoba.net\/index.php\/wp-json\/wp\/v2\/media?parent=36100"}],"wp:term":[{"taxonomy":"category","embeddable":true,"href":"http:\/\/nuevacordoba.net\/index.php\/wp-json\/wp\/v2\/categories?post=36100"},{"taxonomy":"post_tag","embeddable":true,"href":"http:\/\/nuevacordoba.net\/index.php\/wp-json\/wp\/v2\/tags?post=36100"}],"curies":[{"name":"wp","href":"https:\/\/api.w.org\/{rel}","templated":true}]}}