{"id":36104,"date":"2023-09-01T16:19:38","date_gmt":"2023-09-01T16:19:38","guid":{"rendered":"https:\/\/puntoapunto.com.ar\/?p=350233"},"modified":"2023-09-01T16:19:38","modified_gmt":"2023-09-01T16:19:38","slug":"en-agosto-las-ventas-minoristas-cayeron-43-en-cordoba","status":"publish","type":"post","link":"http:\/\/nuevacordoba.net\/index.php\/2023\/09\/01\/en-agosto-las-ventas-minoristas-cayeron-43-en-cordoba\/","title":{"rendered":"En agosto, las ventas minoristas cayeron 4,3% en C\u00f3rdoba"},"content":{"rendered":"<div class=\"g g-36\">\n<div class=\"g-dyn a-29 c-1\"><a class=\"gofollow\" data-track=\"MjksMzYsMSw2MA==\" href=\"https:\/\/www.harmoniechateau.com.ar\/\" target=\"_blank\" rel=\"noopener\"><img class=\"lazyload\" src=\"http:\/\/nuevacordoba.net\/wp-content\/uploads\/2023\/09\/en-agosto-las-ventas-minoristas-cayeron-43-en-cordoba.jpg\"><\/a><\/div>\n<\/div>\n<p>&nbsp;\n<\/p>\n<p><strong>Seg\u00fan los de acuerdo con los datos relevados por la <a href=\"https:\/\/www.fedecom.org.ar\/\">Federaci\u00f3n Comercial de C\u00f3rdoba (Fedecom),<\/a> y sus C\u00e1maras y Centros Comerciales adheridos<\/strong>,<strong> las ventas minoristas de los comercios pymes de la provincia de C\u00f3rdoba finalizaron el mes de agosto con una ca\u00edda del 4,3% frente a igual mes del a\u00f1o anterior,<\/strong>\n<\/p>\n<p>De esta manera, ya son 15 los meses de bajas interanuales consecutivas. Vale recordar que en agosto de 2022, respecto de agosto de 2021, las ventas minoristas ya hab\u00edan mostrado una merma de 4,7%.\n<\/p>\n<p><em>\u201cLa devaluaci\u00f3n que aplic\u00f3 el Gobierno nacional luego de las PASO se traslad\u00f3 inmediatamente a los precios. Es gener\u00f3 mucha incertidumbre, falta de valores de referencia y falta de entrega de mercader\u00eda\u201d,&nbsp;<\/em>analiz\u00f3 Fausto Brandolin, presidente de Fedecom. Adem\u00e1s, reconoci\u00f3 que las familias se ven afectadas por la <strong>inflaci\u00f3n<\/strong> creciente y la p\u00e9rdida del poder adquisitivo, lo que hace que&nbsp;<em>\u201cdemoren o suspendan consumos en medio de esta situaci\u00f3n anormal que se est\u00e1 viviendo\u201d.<\/em>\n<\/p>\n<p><span>En cuanto a las formas de pago, el 49% de las transacciones se realizaron con tarjeta de cr\u00e9dito, y un 51% al contado aprovechando las promociones y descuentos que se dieron sobre todo, para el D\u00eda del Ni\u00f1o.<\/span><\/p>\n<p>Los 11 rubros relevados mostraron resultados negativos en la comparaci\u00f3n de cantidades vendidas en relaci\u00f3n a igual mes del a\u00f1o anterior. Los porcentuales son:\n<\/p>\n<ul>\n<li>Alimentos y bebidas (-5,1%);<\/li>\n<li>Art\u00edculos deportivos y de recreaci\u00f3n (-3,8%);<\/li>\n<li>Calzados y marroquiner\u00eda (-3,4%);<\/li>\n<li>Electrodom\u00e9sticos y art\u00edculos electr\u00f3nicos (-4,1%);<\/li>\n<li>Farmacia (-1,2%);<\/li>\n<li>Ferreter\u00eda, materiales el\u00e9ctricos y materiales para la construcci\u00f3n (-6,5%);<\/li>\n<li>Indumentaria (-4,6%);<\/li>\n<li>Jugueter\u00eda y librer\u00edas (-4,7%);<\/li>\n<li>Muebles y decoraci\u00f3n (-3,5%);<\/li>\n<li>Neum\u00e1ticos y repuestos (-2,6%);<\/li>\n<li>Perfumer\u00eda y cosm\u00e9tica (-4,0%).<\/li>\n<\/ul>\n<div class=\"g g-38\">\n<div class=\"g-dyn a-12 c-1\"><a class=\"gofollow\" data-track=\"MTIsMzgsMSw2MA==\" href=\"https:\/\/hospitalprivado.com.ar\/landing-trasplante.html\" target=\"_blank\" rel=\"noopener\"><img class=\"lazyload\" src=\"http:\/\/nuevacordoba.net\/wp-content\/uploads\/2023\/09\/en-agosto-las-ventas-minoristas-cayeron-43-en-cordoba.gif\"><\/a><\/div>\n<\/div>\n","protected":false},"excerpt":{"rendered":"<p>&nbsp; Seg\u00fan los de acuerdo con los datos relevados por la Federaci\u00f3n Comercial de C\u00f3rdoba (Fedecom), y sus C\u00e1maras y Centros Comerciales adheridos, las ventas minoristas de los comercios pymes de la provincia de C\u00f3rdoba finalizaron el mes de agosto con una ca\u00edda del 4,3% frente a igual mes del a\u00f1o anterior, De esta manera, [&hellip;]<\/p>\n","protected":false},"author":1,"featured_media":36105,"comment_status":"open","ping_status":"closed","sticky":false,"template":"","format":"standard","meta":[],"categories":[14],"tags":[],"_links":{"self":[{"href":"http:\/\/nuevacordoba.net\/index.php\/wp-json\/wp\/v2\/posts\/36104"}],"collection":[{"href":"http:\/\/nuevacordoba.net\/index.php\/wp-json\/wp\/v2\/posts"}],"about":[{"href":"http:\/\/nuevacordoba.net\/index.php\/wp-json\/wp\/v2\/types\/post"}],"author":[{"embeddable":true,"href":"http:\/\/nuevacordoba.net\/index.php\/wp-json\/wp\/v2\/users\/1"}],"replies":[{"embeddable":true,"href":"http:\/\/nuevacordoba.net\/index.php\/wp-json\/wp\/v2\/comments?post=36104"}],"version-history":[{"count":0,"href":"http:\/\/nuevacordoba.net\/index.php\/wp-json\/wp\/v2\/posts\/36104\/revisions"}],"wp:featuredmedia":[{"embeddable":true,"href":"http:\/\/nuevacordoba.net\/index.php\/wp-json\/wp\/v2\/media\/36105"}],"wp:attachment":[{"href":"http:\/\/nuevacordoba.net\/index.php\/wp-json\/wp\/v2\/media?parent=36104"}],"wp:term":[{"taxonomy":"category","embeddable":true,"href":"http:\/\/nuevacordoba.net\/index.php\/wp-json\/wp\/v2\/categories?post=36104"},{"taxonomy":"post_tag","embeddable":true,"href":"http:\/\/nuevacordoba.net\/index.php\/wp-json\/wp\/v2\/tags?post=36104"}],"curies":[{"name":"wp","href":"https:\/\/api.w.org\/{rel}","templated":true}]}}