{"id":36108,"date":"2023-09-02T07:10:34","date_gmt":"2023-09-02T07:10:34","guid":{"rendered":"http:\/\/nuevacordoba.net\/index.php\/2023\/09\/02\/llega-la-quinta-edicion-del-facaff-un-panorama-del-tango-de-hoy\/"},"modified":"2023-09-02T07:10:34","modified_gmt":"2023-09-02T07:10:34","slug":"llega-la-quinta-edicion-del-facaff-un-panorama-del-tango-de-hoy","status":"publish","type":"post","link":"http:\/\/nuevacordoba.net\/index.php\/2023\/09\/02\/llega-la-quinta-edicion-del-facaff-un-panorama-del-tango-de-hoy\/","title":{"rendered":"Llega la quinta edici\u00f3n del Facaff, un panorama del tango de hoy"},"content":{"rendered":"<figure class=\"mb-3\"><img loading=\"lazy\" data-src=\"http:\/\/nuevacordoba.net\/wp-content\/uploads\/2023\/09\/llega-la-quinta-edicion-del-facaff-un-panorama-del-tango-de-hoy.jpg\" src=\"https:\/\/www.telam.com.ar\/assets\/img\/not_image.png\" class=\" lazy \" width=\"100%\" height=\"100%\" alt=\"El festival se realiza en el Caff ubicado en Bustamante 772 del barrio porteo del Abasto Foto Prensa\"><figcaption> El festival se realiza en el Caff, ubicado en Bustamante 772 del barrio porte\u00f1o del Abasto. Foto: Prensa. <\/figcaption><\/figure>\n<p>La quinta edici\u00f3n del Familia de Artistas Fern\u00e1ndez Fierro (Facaff), encuentro donde m\u00e1s de 60 agrupaciones ofrecer\u00e1n una mirada innovadora del tango actual, comenz\u00f3 este viernes y se extender\u00e1 por 18 noches de septiembre en el emblem\u00e1tico Club Atl\u00e9tico Fern\u00e1ndez Fierro.<\/p>\n<p>\u00abEstamos muy contentos de poder presentar la quinta edici\u00f3n de este enorme encuentro que abraza las expresiones del tango de hoy\u00bb, expres\u00f3 a T\u00e9lam Walter \u00abEl Tano\u00bb Coccaro, fundador y programador del festival de tango actual.<\/p>\n<p>\u00abM\u00e1s de 60 agrupaciones pasar\u00e1n este a\u00f1o por el escenario de nuestro querido club, un lugar de resistencia, arte popular y encuentro, hoy m\u00e1s necesario que nunca -continu\u00f3-. Existe un inmenso movimiento renovador del tango, que cada vez crece m\u00e1s\u00bb.<\/p>\n<figure class=\"mb-3\"><img loading=\"lazy\" data-src=\"http:\/\/nuevacordoba.net\/wp-content\/uploads\/2023\/09\/llega-la-quinta-edicion-del-facaff-un-panorama-del-tango-de-hoy-1.jpg\" src=\"https:\/\/www.telam.com.ar\/assets\/img\/not_image.png\" class=\" lazy \" width=\"100%\" height=\"100%\" alt=\"Foto Prensa\"><figcaption> Foto: Prensa. <\/figcaption><\/figure>\n<p>Luego de cuatro ediciones, en esta quinta edici\u00f3n el Facafff presentar\u00e1 conciertos de grupos nuevos y consagrados, feria de libros, charlas, espect\u00e1culos de danza, talleres, set de DJs y realizar\u00e1 un homenaje al gran bandoneonista Osvaldo Ruggiero.<\/p>\n<p>Acerca del esp\u00edritu del encuentro tanguero, que se realiza en el Caff, ubicado en Bustamante 772 del barrio porte\u00f1o del Abasto, Coccaro dijo que la intenci\u00f3n es \u00abpropiciar los conciertos de orquestas escuelas y agrupaciones de alta calidad art\u00edstica que no cuentan con un circuito propio de difusi\u00f3n en el ambiente musical porte\u00f1o\u00bb.<\/p>\n<p>\u00abNos centramos en la autogesti\u00f3n musical, art\u00edstica y laboral, apoyando toda manifestaci\u00f3n que se encuentre fuera de los canales tradicionales de comunicaci\u00f3n masiva\u00bb, agreg\u00f3 el organizador de este festival.<\/p>\n<figure class=\"mb-3\"><img loading=\"lazy\" data-src=\"http:\/\/nuevacordoba.net\/wp-content\/uploads\/2023\/09\/llega-la-quinta-edicion-del-facaff-un-panorama-del-tango-de-hoy-2.jpg\" src=\"https:\/\/www.telam.com.ar\/assets\/img\/not_image.png\" class=\" lazy \" width=\"100%\" height=\"100%\" alt=\"Foto Prensa\"><figcaption> Foto: Prensa. <\/figcaption><\/figure>\n<p><strong><\/p>\n<h2 class>Programaci\u00f3n<\/h2>\n<p><\/strong><\/p>\n<p><strong>Viernes 1 de septiembre:<\/strong><br \/>Lebrero\/ Musatov con \u00abCanciones heterodoxas\u00bb, Patricia Malanca y su cuarteto y Orquesta T\u00edpica La Vid\u00fa con \u00abPioneros del tango rock\u00bb.<\/p>\n<p><strong>S\u00e1bado 2:<\/strong><br \/>Agust\u00edn Rivera y sus \u00abVersiones propias del tango actual\u00bb, Ruido Gaucho, la nueva agrupaci\u00f3n de Lucas Ferrara presenta su disco hom\u00f3nimo y el grupo Siniestra, su nuevo disco \u00abCrash\u00bb.<\/p>\n<p><strong>Domingo 3:<\/strong><br \/>D\u00fao Rogers de Ovando, que mostrar\u00e1 \u00abPaisajes del nuevo tango\u00bb; el D\u00fao Seren-Huillier, con repertorio propio de tangos y milongas; Castelo-Sensottera con \u00abUn naufragio en turbias aguas de la canci\u00f3n orillera\u00bb; y Tr\u00edo Barbarie con \u00abTangos cl\u00e1sicos y nuevos en guitarras\u00bb.<\/p>\n<p><strong>Jueves 7:<\/strong><br \/>Marcos Larra\u00f1aga, El Enganche, Aguafuertes y Juan Pablo Greco; y el Tr\u00edo Garra Candombe<\/p>\n<p><strong>Viernes 8:<\/strong><br \/>Ramanegra D\u00fao, Odisea Tango XXII, La Martino Orquesta T\u00edpica, y Orquesta T\u00edpica Caracter\u00edstica Cambio de Frente.<\/p>\n<p><strong>S\u00e1bado 9:<\/strong><br \/>Pablo Marchetti\/ Rafa Varela D\u00fao, el Quinteto Negro La Boca y Juan Pablo Gallardo Grupo.<\/p>\n<p><strong>Domingo 10:<\/strong><br \/>Ser\u00e1 el turno de Social Cabur\u00e9 y Eduardo Da Luz de Uruguay.<\/p>\n<p><strong>Jueves 14:<\/strong><br \/>Tango Fiero, Pablo Marchetti\/ Marcela Pedretti y Hermanos Butaca y Toma Negra<\/p>\n<p><strong>Viernes 15:<\/strong><br \/>Umbrales, La Conurbana y Escuela de Tango Nuevo; y el s\u00e1bado 16 por Barrag\u00e1n-Maroglio-Vega, Bordonascromo y Quiero 24 y la compa\u00f1\u00eda de tango-danza Delotrolado.<\/p>\n<p><strong>Domingo 17:<\/strong><br \/>Santino Beltramino, Guernica y Bluses de Tango y nuevamente, la compa\u00f1\u00eda de tango-danza Delotrolado.<\/p>\n<p><strong>Mi\u00e9rcoles 20:<\/strong><br \/>Cuarteto de La P\u00faa y Victoria Di Raimondo, y Fern\u00e1ndez Fierro; y el jueves 21 de Paula Dordolo Grupo, Juan Penas, Identidad Milonguera: Ariel Prat con Pablo Valle y Orquesta; y La Hoguera (sexteto dedicado al tango del siglo XXI).<\/p>\n<p><strong>Viernes 22:<\/strong><br \/>Rompelo Tano, un homenaje al compositor Osvaldo Ruggiero (se proyectar\u00e1 la pel\u00edcula \u00abRompelo Tano-Osvaldo Ruggiero 100 a\u00f1os de bandone\u00f3n\u00bb), mientras que el s\u00e1bado 23 actuar\u00e1 Cucuza cantar\u00e1 junto a su hijo Mateo Castiello, el D\u00fao Ranas y Chino Laborde, Cardenal Dom\u00ednguez y Lorena Guill\u00e9n Tango Ensamble.<\/p>\n<p><strong>Domingo 24:<\/strong><br \/>D\u00fao Vincenzo Corach, Karina Beorlegui y Overo<\/p>\n<p><strong>Jueves 28:&nbsp;<\/strong><br \/>Se proyectar\u00e1 la pel\u00edcula \u00abGeneraci\u00f3n Tango\u00bb de Luciano Montes de Oca; se presentar\u00e1 el libro \u00abMujeres de arrabal y celuloide\u00bb, de Micaela Pereira Artola; y actuar\u00e1n Pablo Bernaba junto a Oscar Pitana, Azabache y Orquesta Victoria.<\/p>\n<p><strong>Viernes 29:<\/strong><br \/>Orquestas del Semillero Tango: la T\u00edpica Carbonera y la Orquesta Malbec; y luego la banda Tango&amp;Roll, con su propuesta de tango y rocanrol.<\/p>\n<p>El Caff propone concurrir con un alimento no perecedero para donar a comedores. La entrada se puede adquirir en la boleter\u00eda del Caff y tambi\u00e9n en el sitio TicketHoy. Para m\u00e1s informaci\u00f3n, se puede ingresar www.caff.ar. <\/p>\n","protected":false},"excerpt":{"rendered":"<p>El festival se realiza en el Caff, ubicado en Bustamante 772 del barrio porte\u00f1o del Abasto. Foto: Prensa. La quinta edici\u00f3n del Familia de Artistas Fern\u00e1ndez Fierro (Facaff), encuentro donde m\u00e1s de 60 agrupaciones ofrecer\u00e1n una mirada innovadora del tango actual, comenz\u00f3 este viernes y se extender\u00e1 por 18 noches de septiembre en el emblem\u00e1tico [&hellip;]<\/p>\n","protected":false},"author":1,"featured_media":36109,"comment_status":"closed","ping_status":"closed","sticky":false,"template":"","format":"standard","meta":[],"categories":[9],"tags":[],"_links":{"self":[{"href":"http:\/\/nuevacordoba.net\/index.php\/wp-json\/wp\/v2\/posts\/36108"}],"collection":[{"href":"http:\/\/nuevacordoba.net\/index.php\/wp-json\/wp\/v2\/posts"}],"about":[{"href":"http:\/\/nuevacordoba.net\/index.php\/wp-json\/wp\/v2\/types\/post"}],"author":[{"embeddable":true,"href":"http:\/\/nuevacordoba.net\/index.php\/wp-json\/wp\/v2\/users\/1"}],"replies":[{"embeddable":true,"href":"http:\/\/nuevacordoba.net\/index.php\/wp-json\/wp\/v2\/comments?post=36108"}],"version-history":[{"count":0,"href":"http:\/\/nuevacordoba.net\/index.php\/wp-json\/wp\/v2\/posts\/36108\/revisions"}],"wp:featuredmedia":[{"embeddable":true,"href":"http:\/\/nuevacordoba.net\/index.php\/wp-json\/wp\/v2\/media\/36109"}],"wp:attachment":[{"href":"http:\/\/nuevacordoba.net\/index.php\/wp-json\/wp\/v2\/media?parent=36108"}],"wp:term":[{"taxonomy":"category","embeddable":true,"href":"http:\/\/nuevacordoba.net\/index.php\/wp-json\/wp\/v2\/categories?post=36108"},{"taxonomy":"post_tag","embeddable":true,"href":"http:\/\/nuevacordoba.net\/index.php\/wp-json\/wp\/v2\/tags?post=36108"}],"curies":[{"name":"wp","href":"https:\/\/api.w.org\/{rel}","templated":true}]}}