{"id":36118,"date":"2023-09-02T17:14:07","date_gmt":"2023-09-02T17:14:07","guid":{"rendered":"http:\/\/estaciontrip.com.ar\/?p=8041"},"modified":"2023-09-02T17:14:07","modified_gmt":"2023-09-02T17:14:07","slug":"en-el-mes-del-turismo-la-ciudad-de-cordoba-lanza-la-casa-por-la-ventana","status":"publish","type":"post","link":"http:\/\/nuevacordoba.net\/index.php\/2023\/09\/02\/en-el-mes-del-turismo-la-ciudad-de-cordoba-lanza-la-casa-por-la-ventana\/","title":{"rendered":"En el Mes del Turismo, la ciudad de C\u00f3rdoba lanza la casa por la ventana"},"content":{"rendered":"<div><img src=\"http:\/\/nuevacordoba.net\/wp-content\/uploads\/2023\/09\/en-el-mes-del-turismo-la-ciudad-de-cordoba-lanza-la-casa-por-la-ventana.jpg\" class=\"ff-og-image-inserted\"><\/div>\n<p><em>M\u00faltiples propuestas gratuitas, de entretenimiento y recreaci\u00f3n durante todo septiembre.<\/em><\/p>\n<p>Durante todo el mes de septiembre, en los espacios m\u00e1s representativos de la ciudad de C\u00f3rdoba habr\u00e1 propuestas gratuitas como visitas guiadas, una jornada especial en el Mercado Norte celebrando la llegada de la primavera. <\/p>\n<p>Adem\u00e1s, se abrir\u00e1 una nueva oportunidad de capacitaci\u00f3n, que invita a todas las personas a ser anfitriones de la ciudad, con el lanzamiento de la Tercera Edici\u00f3n de Anfitriones Tur\u00edsticos Registrados. Se realizar\u00e1 la incorporaci\u00f3n a la web oficial de turismo del mapa de conectividad tur\u00edstica, con el detalle de los puntos de wifi gratis de la ciudad.<\/p>\n<p>Para cerrar el mes, la ciudad participar\u00e1 de una nueva edici\u00f3n de la Feria Internacional de Turismo de Buenos Aires, promocionando sus atributos junto a todas las provincias de Argentina y m\u00e1s de 40 pa\u00edses.<\/p>\n<p><strong>Grilla de septiembre<\/strong><\/p>\n<p>Uno de los hitos del Mes del Turismo ser\u00e1 el \u201cFlor de Mercado\u201d. Este ciclo de eventos realizado de manera sostenida en el Mercado Norte cumple 23 ediciones, y esta vez, cerca de la llegada de la primavera, el mercado insignia de la ciudad se vestir\u00e1 de colores para recibir a los vecinos y turistas.<\/p>\n<p>El viernes 22, durante todo el d\u00eda, se podr\u00e1 disfrutar las ferias de plantas y flores, gastronom\u00eda, m\u00fasica en vivo, actividades vinculadas con la tierra y la alegr\u00eda particular que trae la llegada de esta nueva estaci\u00f3n del a\u00f1o.<\/p>\n<p>Otro de los atractivos ser\u00e1n las visitas guiadas entre las que se destacan los Bares y Caf\u00e9s Notables, Mujeres Destacadas y Experiencia Cuarteto.<\/p>\n<p>Adem\u00e1s, habr\u00e1 propuestas de capacitaci\u00f3n destinada a vecinos que quieran ampliar sus conocimientos sobre la ciudad y convertirse en un buen anfitri\u00f3n, por lo que se abrir\u00e1n las inscripciones para la tercera edici\u00f3n del programa Anfitriones Tur\u00ecsticos Registrados. El ciclo de capacitaciones virtual y gratuito cuyas dos primeras ediciones sumaron un total de m\u00e1s de 2000 inscriptos est\u00e1 destinado a mejorar la experiencia en nuestra ciudad.<\/p>\n<p><strong>C\u00f3rdoba dir\u00e1 presente en la FIT<\/strong><\/p>\n<p>Este a\u00f1o la ciudad ser\u00e1 protagonista promocionando sus atributos para los que visiten en la ciudad, en la edici\u00f3n 27 de la Feria Internacional de Turismo, el encuentro tur\u00edstico m\u00e1s importante de Am\u00e9rica Latina, junto a todas las provincias de Argentina y m\u00e1s de 40 pa\u00edses.<\/p>\n","protected":false},"excerpt":{"rendered":"<p>M\u00faltiples propuestas gratuitas, de entretenimiento y recreaci\u00f3n durante todo septiembre. Durante todo el mes de septiembre, en los espacios m\u00e1s representativos de la ciudad de C\u00f3rdoba habr\u00e1 propuestas gratuitas como visitas guiadas, una jornada especial en el Mercado Norte celebrando la llegada de la primavera. Adem\u00e1s, se abrir\u00e1 una nueva oportunidad de capacitaci\u00f3n, que invita [&hellip;]<\/p>\n","protected":false},"author":1,"featured_media":36119,"comment_status":"closed","ping_status":"closed","sticky":false,"template":"","format":"standard","meta":[],"categories":[11],"tags":[],"_links":{"self":[{"href":"http:\/\/nuevacordoba.net\/index.php\/wp-json\/wp\/v2\/posts\/36118"}],"collection":[{"href":"http:\/\/nuevacordoba.net\/index.php\/wp-json\/wp\/v2\/posts"}],"about":[{"href":"http:\/\/nuevacordoba.net\/index.php\/wp-json\/wp\/v2\/types\/post"}],"author":[{"embeddable":true,"href":"http:\/\/nuevacordoba.net\/index.php\/wp-json\/wp\/v2\/users\/1"}],"replies":[{"embeddable":true,"href":"http:\/\/nuevacordoba.net\/index.php\/wp-json\/wp\/v2\/comments?post=36118"}],"version-history":[{"count":0,"href":"http:\/\/nuevacordoba.net\/index.php\/wp-json\/wp\/v2\/posts\/36118\/revisions"}],"wp:featuredmedia":[{"embeddable":true,"href":"http:\/\/nuevacordoba.net\/index.php\/wp-json\/wp\/v2\/media\/36119"}],"wp:attachment":[{"href":"http:\/\/nuevacordoba.net\/index.php\/wp-json\/wp\/v2\/media?parent=36118"}],"wp:term":[{"taxonomy":"category","embeddable":true,"href":"http:\/\/nuevacordoba.net\/index.php\/wp-json\/wp\/v2\/categories?post=36118"},{"taxonomy":"post_tag","embeddable":true,"href":"http:\/\/nuevacordoba.net\/index.php\/wp-json\/wp\/v2\/tags?post=36118"}],"curies":[{"name":"wp","href":"https:\/\/api.w.org\/{rel}","templated":true}]}}