{"id":36120,"date":"2023-09-01T11:57:52","date_gmt":"2023-09-01T11:57:52","guid":{"rendered":"https:\/\/puntoapunto.com.ar\/?p=350219"},"modified":"2023-09-01T11:57:52","modified_gmt":"2023-09-01T11:57:52","slug":"cordoba-camino-a-ser-un-hub-global-de-la-edc-lo-que-dejo-el-tecx-summit-2023","status":"publish","type":"post","link":"http:\/\/nuevacordoba.net\/index.php\/2023\/09\/01\/cordoba-camino-a-ser-un-hub-global-de-la-edc-lo-que-dejo-el-tecx-summit-2023\/","title":{"rendered":"C\u00f3rdoba camino a ser un hub global de la EdC: lo que dej\u00f3 el TecX Summit 2023"},"content":{"rendered":"<p dir=\"ltr\">Con la organizaci\u00f3n de <a href=\"https:\/\/www.grupotecx.com\/\" target=\"_blank\" rel=\"noopener\"><strong>Grupo TecX<\/strong><\/a> de <a href=\"https:\/\/www.cacec.com.ar\/\" target=\"_blank\" rel=\"noopener\">CaCEC<\/a> y el apoyo de Argecon y la Agencia ProC\u00f3rdoba, se llev\u00f3 a cabo <strong>TecX Summit 2023<\/strong>, el evento que convoca a los referentes de la industria del conocimiento para analizar y debatir sobre las <strong>oportunidades y desaf\u00edos del sector.<\/strong>\n<\/p>\n<p dir=\"ltr\">Esta edici\u00f3n tuvo a la<strong><a href=\"https:\/\/puntoapunto.com.ar\/inteligencia-artificial-y-realidad-ampliada-como-impactan-en-la-industria\/\" target=\"_blank\" rel=\"noopener\"> Inteligencia Artificial<\/a> (IA) como eje transversal.<\/strong> Las posibilidades y desaf\u00edos que presenta la IA para impulsar la innovaci\u00f3n y el desarrollo de los negocios fue analizado desde diferentes perspectivas en dos paneles con la participaci\u00f3n de referentes del sector a nivel nacional y provincial.\n<\/p>\n<p dir=\"ltr\">En el primero de ellos las exposiciones giraron sobre las <strong>\u201cTendencias y estrategias empresariales en torno a la Inteligencia Artificial para fortalecer el negocio\u201d.<\/strong> Fue moderado por Juan Santiago, CEO de <a href=\"https:\/\/puntoapunto.com.ar\/metodo-santex-sus-claves-para-jugar-y-ganar-en-ligas-globales\/\" target=\"_blank\" rel=\"noopener\">Santex<\/a> y cofundador de <a href=\"https:\/\/puntoapunto.com.ar\/incutex-tiene-us150-mil-para-fondear-a-tres-startups\/\" target=\"_blank\" rel=\"noopener\">Incutex<\/a>, con la participaci\u00f3n de Luciana Zavaleta, Tech Partner Argentina de <a href=\"https:\/\/puntoapunto.com.ar\/migoya-de-globant-quien-los-inspira-y-como-ve-a-la-region\/\" target=\"_blank\" rel=\"noopener\">Globant<\/a>; Emiliano Actis Dato, Software Tech Sales Manager de IBM; y Marcos Mart\u00ednez, cofundador y COO de <a href=\"https:\/\/puntoapunto.com.ar\/fligoo-adquirio-una-compania-brasilena-para-crear-la-empresa-de-ia-mas-grande-de-latam\/\" target=\"_blank\" rel=\"noopener\">Fligoo<\/a>.\n<\/p>\n<p dir=\"ltr\">La tem\u00e1tica del segundo fue <strong>\u201cEl factor clave en las empresas de EdC:<\/strong> \u00bfC\u00f3mo formamos a los colaboradores en Inteligencia Artificial? Experiencias\u201d. La moderaci\u00f3n estuvo a cargo de Marcelo Bechara, fundador y CEO de <a href=\"https:\/\/puntoapunto.com.ar\/bechara-busca-posicionar-a-evoltis-como-empresa-global-y-del-conocimiento\/\" target=\"_blank\" rel=\"noopener\">Evoltis<\/a>, y participaron Jos\u00e9 Mar\u00eda Flores, Learning IT y Product Manager en Mercado Libre; Valent\u00edn Noves, CEO de E-verse; y Leandro Phillips, CPO de Apex, quienes compartieron sus experiencias e invitaron a los presentes a conversar sobre las posibilidades que se abren a partir de las nuevas tecnolog\u00edas.<br \/><img loading=\"lazy\" decoding=\"async\" alt width=\"1024\" height=\"681\" data-sizes=\"(max-width: 1024px) 100vw, 1024px\" class=\"aligncenter wp-image-350222 size-large lazyload\" src=\"http:\/\/nuevacordoba.net\/wp-content\/uploads\/2023\/09\/cordoba-camino-a-ser-un-hub-global-de-la-edc-lo-que-dejo-el-tecx-summit-2023.jpg\" srcset=\"http:\/\/nuevacordoba.net\/wp-content\/uploads\/2023\/09\/cordoba-camino-a-ser-un-hub-global-de-la-edc-lo-que-dejo-el-tecx-summit-2023.jpg 1024w, http:\/\/nuevacordoba.net\/wp-content\/uploads\/2023\/09\/cordoba-camino-a-ser-un-hub-global-de-la-edc-lo-que-dejo-el-tecx-summit-2023-2.jpg 300w, http:\/\/nuevacordoba.net\/wp-content\/uploads\/2023\/09\/cordoba-camino-a-ser-un-hub-global-de-la-edc-lo-que-dejo-el-tecx-summit-2023-3.jpg 768w, http:\/\/nuevacordoba.net\/wp-content\/uploads\/2023\/09\/cordoba-camino-a-ser-un-hub-global-de-la-edc-lo-que-dejo-el-tecx-summit-2023-4.jpg 1536w, http:\/\/nuevacordoba.net\/wp-content\/uploads\/2023\/09\/cordoba-camino-a-ser-un-hub-global-de-la-edc-lo-que-dejo-el-tecx-summit-2023-5.jpg 2048w, http:\/\/nuevacordoba.net\/wp-content\/uploads\/2023\/09\/cordoba-camino-a-ser-un-hub-global-de-la-edc-lo-que-dejo-el-tecx-summit-2023-6.jpg 750w, http:\/\/nuevacordoba.net\/wp-content\/uploads\/2023\/09\/cordoba-camino-a-ser-un-hub-global-de-la-edc-lo-que-dejo-el-tecx-summit-2023-7.jpg 1140w\">\n<\/p>\n<p dir=\"ltr\"><strong>M\u00e1s de 150 empresarios<\/strong> dijeron presentes en la jornada del Grupo TecX, que cont\u00f3 con la presencia del intendente de la ciudad de C\u00f3rdoba y gobernador electo, Mart\u00edn Llaryora; el ministro de Ciencia y Tecnolog\u00eda de la Provincia, Pablo de Chiara; el secretario de Econom\u00eda y Finanzas de la Municipalidad de C\u00f3rdoba, Guillermo Acosta; la secretaria de Planeamiento, Modernizaci\u00f3n y Relaciones Internacionales de la Municipalidad de C\u00f3rdoba, Alejandra Torres; el presidente de la Agencia ProC\u00f3rdoba, Jorge Marcotegui; y el director Ejecutivo de Argencon, Luis Galeazzi. Participaron tambi\u00e9n autoridades y miembros de C\u00f3rdoba Acelera, de Adec, de c\u00e1maras, entidades, instituciones y universidades, medios de prensa y representantes de empresas que integran el grupo: Globant, Mercado Libre, Santex, Vates, Promedon, Evoltis, Prodismo, PWC, Leistung, Blend, Ascentio, Prominente, Infas y la Asociaci\u00f3n Productores Audiovisuales de C\u00f3rdoba (Apac).\n<\/p>\n<p dir=\"ltr\">Al inicio del evento,<strong><a href=\"https:\/\/puntoapunto.com.ar\/miguel-zonnaras-es-el-empresario-del-ano-2022\/\" target=\"_blank\" rel=\"noopener\"> Miguel Zonnaras<\/a>, presidente de <a href=\"https:\/\/puntoapunto.com.ar\/georgalos-quiere-sumar-nuevas-marcas-para-posicionarse-a-nivel-regional\/\" target=\"_blank\" rel=\"noopener\">Georgalos<\/a> y de CaCEC<\/strong>, dijo: \u201cC\u00f3rdoba tiene todas las condiciones:<strong> tiene talentos, tiene empresas con alta vinculaci\u00f3n como un elemento dinamizador de la sociedad\u201d&nbsp;y dej\u00f3 en claro que&nbsp;\u201chay que seguir por este camino para contagiar al resto del pa\u00eds<\/strong>\u201d.<\/p>\n<p dir=\"ltr\">En esta misma l\u00ednea, Llaryora, celebr\u00f3 este espacio de conversaci\u00f3n del Grupo TecX y reflexion\u00f3 sobre un tema que perfora las agendas a nivel mundial y es una oportunidad en la provincia. \u201cLa inteligencia artificial va a llevar a otras industrias a mejorar su competitividad. Por eso invertir, estar, apoyar eventos, programas, empresas, emprendedores es la clave. Tenemos que acompa\u00f1ar estos procesos porque son los que llevan a la transformaci\u00f3n\u201d, sostuvo.\n<\/p>\n<p dir=\"ltr\"><img loading=\"lazy\" decoding=\"async\" alt width=\"2560\" height=\"1703\" data-sizes=\"(max-width: 2560px) 100vw, 2560px\" class=\"aligncenter wp-image-350221 size-full lazyload\" src=\"http:\/\/nuevacordoba.net\/wp-content\/uploads\/2023\/09\/cordoba-camino-a-ser-un-hub-global-de-la-edc-lo-que-dejo-el-tecx-summit-2023-1.jpg\" srcset=\"http:\/\/nuevacordoba.net\/wp-content\/uploads\/2023\/09\/cordoba-camino-a-ser-un-hub-global-de-la-edc-lo-que-dejo-el-tecx-summit-2023-1.jpg 2560w, http:\/\/nuevacordoba.net\/wp-content\/uploads\/2023\/09\/cordoba-camino-a-ser-un-hub-global-de-la-edc-lo-que-dejo-el-tecx-summit-2023-8.jpg 300w, http:\/\/nuevacordoba.net\/wp-content\/uploads\/2023\/09\/cordoba-camino-a-ser-un-hub-global-de-la-edc-lo-que-dejo-el-tecx-summit-2023-9.jpg 1024w, http:\/\/nuevacordoba.net\/wp-content\/uploads\/2023\/09\/cordoba-camino-a-ser-un-hub-global-de-la-edc-lo-que-dejo-el-tecx-summit-2023-10.jpg 768w, http:\/\/nuevacordoba.net\/wp-content\/uploads\/2023\/09\/cordoba-camino-a-ser-un-hub-global-de-la-edc-lo-que-dejo-el-tecx-summit-2023-11.jpg 1536w, http:\/\/nuevacordoba.net\/wp-content\/uploads\/2023\/09\/cordoba-camino-a-ser-un-hub-global-de-la-edc-lo-que-dejo-el-tecx-summit-2023-12.jpg 2048w, http:\/\/nuevacordoba.net\/wp-content\/uploads\/2023\/09\/cordoba-camino-a-ser-un-hub-global-de-la-edc-lo-que-dejo-el-tecx-summit-2023-13.jpg 750w, http:\/\/nuevacordoba.net\/wp-content\/uploads\/2023\/09\/cordoba-camino-a-ser-un-hub-global-de-la-edc-lo-que-dejo-el-tecx-summit-2023-14.jpg 1140w\">\n<\/p>\n<p dir=\"ltr\">De Chiara tambi\u00e9n coincidi\u00f3 con un punto determinante de la jornada:&nbsp;\u201cC\u00f3rdoba se consolida como l\u00edder tecnol\u00f3gico del interior del pa\u00eds\u201d.\n<\/p>\n<p dir=\"ltr\"><strong>Marcelo Bechara, fundador y CEO de Evoltis<\/strong>, tambi\u00e9n miembro de Grupo TecX, expres\u00f3: \u201cNuestro objetivo es generar un sentido de conciencia colectiva, y tambi\u00e9n generar estos espacios de reflexi\u00f3n que nos despierte y nos anime. <strong>Estamos viviendo transformaciones sist\u00e9micas, cualitativas, de alto impacto e hist\u00f3ricas por la dimensi\u00f3n, por la velocidad y por el alcance.<\/strong> Y representan desaf\u00edos y oportunidades: escalar de forma competitiva, redefinir nuestra propuesta de valor y modelo de negocio, incorporar nuevas competencias, generar aprendizaje activo, poder exportar servicios de alto valor&nbsp;agregado&nbsp;\u201d.\n<\/p>\n<p dir=\"ltr\">Experiencias y desaf\u00edos: qu\u00e9 dijeron los expositores en el TecX Summit\n<\/p>\n<ul readability=\"-0.5\">\n<li dir=\"ltr\" readability=\"2\">\n<p dir=\"ltr\" role=\"presentation\">Panel 1: Tendencias y estrategias, moderado por Juan Santiago, CEO de Santex y cofundador de Incutex\n<\/p>\n<\/li>\n<\/ul>\n<p dir=\"ltr\"><strong>Luciana Zavaleta, Tech Partner Argentina de Globant<\/strong>\n<\/p>\n<p dir=\"ltr\">\u201cPensamos en optimizar procesos y c\u00f3mo usar la IA. Hace poco, lanzamos una aplicaci\u00f3n conversacional y hoy us\u00e1ndola cualquier l\u00edder de un proyecto puede preguntar qu\u00e9 personas pueden formar un equipo. Y la App me da el listado de las personas\u201d.\n<\/p>\n<p dir=\"ltr\"><strong>Emiliano Actis Dato, Software Tech Sales Manager de IBM<\/strong>\n<\/p>\n<p dir=\"ltr\">\u201cLa tecnolog\u00eda avanza mucho m\u00e1s r\u00e1pido de lo que podemos entender. Pero la cultura de las empresas es m\u00e1s dif\u00edcil de vencer. Para generar confianza en la empresa, se debe arrancar no con algo grande porque no va a llegar a destino. Sino con algo que resuene en los empleados y que facilite los proyectos que vengan despu\u00e9s. Tienen que arrancar con algo que realmente transforme la cultura de los empleados, que ellos mismos se convenzan de la actividad de la tecnolog\u00eda\u201d.\n<\/p>\n<p dir=\"ltr\"><strong>Marcos Mart\u00ednez, cofundador y COO de Fligoo<\/strong>\n<\/p>\n<p dir=\"ltr\">\u201cLas empresas que quieran arrancar con procesos de IA deben tener en cuenta la inversi\u00f3n, la identificaci\u00f3n de casos de negocios y la colaboraci\u00f3n con empresas que se dedican a eso\u201d.\n<\/p>\n<ul readability=\"-0.5\">\n<li dir=\"ltr\" readability=\"2\">\n<p dir=\"ltr\" role=\"presentation\">Panel 2: \u00bfC\u00f3mo formamos a los colaboradores en Inteligencia Artificial?, moderado por Marcelo Bechara, fundador y CEO de Evoltis\n<\/p>\n<\/li>\n<\/ul>\n<p dir=\"ltr\"><strong>Jos\u00e9 Mar\u00eda Flores, Learning IT y Product Manager en Mercado Libre<\/strong>\n<\/p>\n<p dir=\"ltr\">\u201cHay que aprender a usar estas herramientas, que tienen otras implicaciones y ah\u00ed est\u00e1 el desaf\u00edo. En el ordenamiento de talentos para las necesidades del mercado profesional\u201d.\n<\/p>\n<p dir=\"ltr\"><strong>Valent\u00edn Noves, CEO de E-verse<\/strong>\n<\/p>\n<p dir=\"ltr\">\u201cLa IA es un proceso que involucra mucha creatividad y l\u00f3gica para obtener resultados que generen valor\u201d.\n<\/p>\n<p dir=\"ltr\"><strong>Leandro Phillips, CPO de Apex<\/strong>\n<\/p>\n<p dir=\"ltr\">\u201cSiento la p\u00e9rdida de humanidad desde la velocidad y la informaci\u00f3n. Es muy complejo seguir el ritmo de las personas en este mundo. El principal aprendizaje es pensar hacia adelante y ver qu\u00e9 le pasa al otro y desde ah\u00ed empezar a construir\u201d.<\/p>\n","protected":false},"excerpt":{"rendered":"<p>Con la organizaci\u00f3n de Grupo TecX de CaCEC y el apoyo de Argecon y la Agencia ProC\u00f3rdoba, se llev\u00f3 a cabo TecX Summit 2023, el evento que convoca a los referentes de la industria del conocimiento para analizar y debatir sobre las oportunidades y desaf\u00edos del sector. Esta edici\u00f3n tuvo a la Inteligencia Artificial (IA) [&hellip;]<\/p>\n","protected":false},"author":1,"featured_media":36121,"comment_status":"open","ping_status":"closed","sticky":false,"template":"","format":"standard","meta":[],"categories":[14],"tags":[],"_links":{"self":[{"href":"http:\/\/nuevacordoba.net\/index.php\/wp-json\/wp\/v2\/posts\/36120"}],"collection":[{"href":"http:\/\/nuevacordoba.net\/index.php\/wp-json\/wp\/v2\/posts"}],"about":[{"href":"http:\/\/nuevacordoba.net\/index.php\/wp-json\/wp\/v2\/types\/post"}],"author":[{"embeddable":true,"href":"http:\/\/nuevacordoba.net\/index.php\/wp-json\/wp\/v2\/users\/1"}],"replies":[{"embeddable":true,"href":"http:\/\/nuevacordoba.net\/index.php\/wp-json\/wp\/v2\/comments?post=36120"}],"version-history":[{"count":0,"href":"http:\/\/nuevacordoba.net\/index.php\/wp-json\/wp\/v2\/posts\/36120\/revisions"}],"wp:featuredmedia":[{"embeddable":true,"href":"http:\/\/nuevacordoba.net\/index.php\/wp-json\/wp\/v2\/media\/36121"}],"wp:attachment":[{"href":"http:\/\/nuevacordoba.net\/index.php\/wp-json\/wp\/v2\/media?parent=36120"}],"wp:term":[{"taxonomy":"category","embeddable":true,"href":"http:\/\/nuevacordoba.net\/index.php\/wp-json\/wp\/v2\/categories?post=36120"},{"taxonomy":"post_tag","embeddable":true,"href":"http:\/\/nuevacordoba.net\/index.php\/wp-json\/wp\/v2\/tags?post=36120"}],"curies":[{"name":"wp","href":"https:\/\/api.w.org\/{rel}","templated":true}]}}