{"id":36122,"date":"2023-09-02T18:15:31","date_gmt":"2023-09-02T18:15:31","guid":{"rendered":"http:\/\/nuevacordoba.net\/index.php\/2023\/09\/02\/fragiles-una-secta-y-oscuros-secretos-del-pasado-en-la-nueva-serie-de-palacio-y-viale\/"},"modified":"2023-09-02T18:15:31","modified_gmt":"2023-09-02T18:15:31","slug":"fragiles-una-secta-y-oscuros-secretos-del-pasado-en-la-nueva-serie-de-palacio-y-viale","status":"publish","type":"post","link":"http:\/\/nuevacordoba.net\/index.php\/2023\/09\/02\/fragiles-una-secta-y-oscuros-secretos-del-pasado-en-la-nueva-serie-de-palacio-y-viale\/","title":{"rendered":"\u00abFr\u00e1giles\u00bb: una secta y oscuros secretos del pasado en la nueva serie de Palacio y Viale"},"content":{"rendered":"<figure class=\"mb-3\"><img loading=\"lazy\" data-src=\"http:\/\/nuevacordoba.net\/wp-content\/uploads\/2023\/09\/fragiles-una-secta-y-oscuros-secretos-del-pasado-en-la-nueva-serie-de-palacio-y-viale.jpg\" src=\"https:\/\/www.telam.com.ar\/assets\/img\/not_image.png\" class=\" lazy \" width=\"100%\" height=\"100%\" alt=\"Frgiles la nueva serie de Diego Palacio y Nacho Vialefoto prensa \"><figcaption> \u00abFr\u00e1giles\u00bb, la nueva serie de Diego Palacio y Nacho Viale.\/\/foto prensa <\/figcaption><\/figure>\n<p>El productor, realizador y guionista Diego Palacio es una de las mentes detr\u00e1s de \u00abFr\u00e1giles\u00bb, <strong>serie de Flow <\/strong>con una trama de misterio sobre <strong>una joven que redescubre su identidad a partir de un crimen vinculado con una secta,<\/strong> y que naci\u00f3 de una inquietud pospandemia en la que ve\u00edan \u00abun d\u00e9ficit humano y una vulnerabilidad que estaba bueno encarar\u00bb.<\/p>\n<p>\u00abLos cultos existen y existieron ac\u00e1, desde C\u00f3rdoba hasta Catamarca, y en momentos de crisis florecen mucho m\u00e1s, pero este es un mundo inventado, veros\u00edmil y singular, que tiene muchos puntos de contacto con ideas que podemos tener en la cabeza sobre c\u00f3mo funcionan\u00bb, coment\u00f3 Palacio sobre la propuesta de ocho episodios de media hora que desembarc\u00f3 en el streaming con el <strong>sello de StoryLab<\/strong>, la<strong> productora que codirige junto a Nacho Viale.<\/strong><\/p>\n<p>Desde all\u00ed, la dupla creativa produjo no solo las famos\u00edsimas mesas de la abuela de Viale, Mirtha Legrand, de las que Palacio fue director durante casi diez a\u00f1os, sino numerosas series. En particular, para la plataforma On Demand de Flow ya hab\u00edan generado otros dos t\u00edtulos: \u00abPost Mortem\u00bb y \u00ab\u00daltimo primer d\u00eda\u00bb, con Palacio siempre en el rol de realizador.<\/p>\n<p>En \u00abFr\u00e1giles\u00bb, l<strong>a actriz Carla Quevedo<\/strong>, que viene de trabajar en las recientes tiras \u00abIosi, el esp\u00eda arrepentido\u00bb y \u00abRobo mundial\u00bb, encarna a Olivia Grecco, una joven abogada y asistente de un fiscal espa\u00f1ol que lleva adelante la b\u00fasqueda de la hija del presidente del Tribunal Supremo de ese pa\u00eds, desaparecida a d\u00edas de llegar de vacaciones como mochilera a la Argentina.<\/p>\n<p>Pero cuando la chica aparece viva en una localidad patag\u00f3nica y aislada y pide hablar espec\u00edfica y \u00fanicamente con ella, la protagonista vuelve a su tierra natal despu\u00e9s de 20 a\u00f1os para profundizar en la investigaci\u00f3n y darle un cierre, y pronto se encuentra inmersa en el sitio que fue un gran signo de pregunta durante toda su vida, el mismo donde naci\u00f3 y donde su madre muri\u00f3 en circunstancias sospechosas d\u00e9cadas atr\u00e1s.<\/p>\n<p>Es la <strong>comunidad mesi\u00e1nica de El Destino<\/strong>, nacida en v\u00edsperas de este milenio y en el que l\u00edderes y seguidores llevan una convivencia aparentemente tranquila en medio de la naturaleza, aunque todo es un velo que oculta un pasado aterrador y sangriento vinculado a <strong>los hermanos Camilo (Ludovico Di Santo)<\/strong> y <strong>Eugenio Goya (Luciano C\u00e1ceres<\/strong>), los <strong>principales encargados de la secta.<\/strong><\/p>\n<figure class=\"mb-3\"><img loading=\"lazy\" data-src=\"http:\/\/nuevacordoba.net\/wp-content\/uploads\/2023\/09\/fragiles-una-secta-y-oscuros-secretos-del-pasado-en-la-nueva-serie-de-palacio-y-viale-1.jpg\" src=\"https:\/\/www.telam.com.ar\/assets\/img\/not_image.png\" class=\" lazy \" width=\"100%\" height=\"100%\" alt=\"Carla Quevedo una de las protagonizastas de Frgilesfoto prensa \"><figcaption> Carla Quevedo, una de las protagonizastas de \u00abFr\u00e1giles\u00bb.\/\/foto prensa <\/figcaption><\/figure>\n<p>All\u00ed, Olivia descubrir\u00e1 varios secretos alrededor de su propia historia e impulsar\u00e1 una arriesgada indagaci\u00f3n de la imprevista mano de Rom\u00e1n Mac\u00edas (Andr\u00e9s Gil), un joven nacido y criado dentro de la comunidad que, empujado por el dolor de la misteriosa y sorpresiva muerte de su padre en las afueras del terreno, decide sacar a la luz el turbio entramado del culto.<\/p>\n<p>A d\u00edas de su lanzamiento como una de los proyectos seleccionados por el Programa Renacer Audiovisual, del Ministerio de Cultura de la Naci\u00f3n, <strong>Palacio -que este a\u00f1o tambi\u00e9n produjo \u00abRingo, gloria y muerte\u00bb para la plataforma Star+- convers\u00f3 con esta agencia sobre el panorama de la producci\u00f3n local y el trabajo alrededor de \u00abFr\u00e1giles\u00bb<\/strong>, que tambi\u00e9n tiene en su elenco a Malena S\u00e1nchez, Rafael Spregelburd, Guillermo Arengo, Juli\u00e1n Cerati, Ana Celentano y Emilia Claudeville, entre m\u00e1s.<\/p>\n<p><strong>&#8211; \u00bfC\u00f3mo surgi\u00f3 la idea detr\u00e1s de la serie?<\/strong><br \/>&#8211;&nbsp;Siempre buscamos temas medio relevantes de alg\u00fan tipo de agenda, desde \u00abEstocolmo\u00bb en adelante, con \u00abLa casa del mar\u00bb, \u00ab\u00daltimo primer d\u00eda\u00bb o \u00abPost mortem\u00bb, siempre hay alg\u00fan tema de corte period\u00edstico en alg\u00fan lado. Pospandemia nos parec\u00eda que hab\u00eda un d\u00e9ficit humano y una vulnerabilidad que estaba bueno encarar, entonces empezamos a buscar historias de sectas. En ese sentido nos gustaba la idea del fin del milenio, y creamos este universo en dos tiempos, en el que se van juntando los personajes.<\/p>\n<p><strong>&#8211; No es la primera vez que incursionan en el thriller, en tramas m\u00e1s policiales. \u00bfQu\u00e9 les atrae del g\u00e9nero? \u00bfC\u00f3mo lo encaran?<\/strong><br \/><strong>&#8211; <\/strong>Es un equipo grande de autores, somos cinco, en general nosotros tenemos un equipo interno que lo trabajamos con Lucas (Molteni) y Nacho (Viale), y sumamos a dos m\u00e1s, Juan Cordoni y Luciano Cocciardi, para expandirlo y darle un poco de aire, como hicimos en las \u00faltimas tres series que armamos, para crear estos mundos posibles. Sabemos que el g\u00e9nero policial es uno de los que m\u00e1s se ve, as\u00ed que buscamos dramas entre personajes y, en definitiva, la b\u00fasqueda de alguien de su identidad, del amor, de c\u00f3mo sobrellevar la soledad. Son temas universales y buscamos puntos de conexi\u00f3n entre tiempos, que es algo que tambi\u00e9n nos gusta, para ver el recorrido y el arco dram\u00e1tico de los personajes, para entenderlos.<\/p>\n<p><strong>&#8211; Tu colaboraci\u00f3n con Nacho estuvo presente desde los principios del streaming en Argentina. Despu\u00e9s del \u00abboom\u00bb de las plataformas y su instalaci\u00f3n, \u00bfc\u00f3mo ves el panorama? \u00bfC\u00f3mo cambi\u00f3 la producci\u00f3n?<\/strong><br \/>&#8211; Yo lo veo de una forma muy positiva, la verdad es que venimos estrenando una serie por a\u00f1o, en Flow ya tenemos tres. Por suerte nos va muy bien, y obviamente siempre vemos el vaso medio lleno, una oportunidad. Cada vez que hubo m\u00e1s demanda de contenido hubo mejor producci\u00f3n, aunque siempre hay que buscar un balance donde se promedie la calidad y las buenas historias.<\/p>\n<figure class=\"mb-3\"><img loading=\"lazy\" data-src=\"http:\/\/nuevacordoba.net\/wp-content\/uploads\/2023\/09\/fragiles-una-secta-y-oscuros-secretos-del-pasado-en-la-nueva-serie-de-palacio-y-viale-2.jpg\" src=\"https:\/\/www.telam.com.ar\/assets\/img\/not_image.png\" class=\" lazy \" width=\"100%\" height=\"100%\" alt=\"Frgiles una trama de misterio sobre una joven que redescubre su identidad tras un crimen vinculado a una sectafoto prensa \"><figcaption> \u00abFr\u00e1giles\u00bb, una trama de misterio sobre una joven que redescubre su identidad tras un crimen vinculado a una secta.\/\/foto prensa <\/figcaption><\/figure>\n<p><strong>&#8211; En ese sentido, \u00bfsubi\u00f3 mucho la vara en estos a\u00f1os?<\/strong><br \/>&#8211; Yo siento que s\u00ed, para nosotros y para todos. Las series que tenemos hoy en Argentina son mejores que las que ten\u00edamos hace tiempo. Despu\u00e9s hay una cuesti\u00f3n de g\u00e9nero, la televisi\u00f3n, que ojal\u00e1 volviese a apostar m\u00e1s fuerte por la ficci\u00f3n, por la producci\u00f3n nacional. Lo hace Polka, que se la juega, o Paramount, y le va muy bien. Pero son dos mundos distintos porque el consumo es distinto, no es lo mismo el aire que las plataformas. Me parece que hay una tensi\u00f3n entre h\u00e1bitos de consumo y programaci\u00f3n, y hay que ver d\u00f3nde termina todo eso, pero me parece que siempre ha sido para mejor.<\/p>\n<p><strong>&#8211; \u00abFr\u00e1giles\u00bb cont\u00f3 con el apoyo del Ministerio de Cultura para su desarrollo. \u00bfPara vos es fundamental esa colaboraci\u00f3n para la industria audiovisual?<\/strong><br \/>&#8211; S\u00ed, totalmente. Para m\u00ed la forma de crear cultura siempre es en el m\u00fasculo p\u00fablico-privado. Esta serie fue una m\u00e1s de varias que se hicieron a partir del Renacer, y ese apoyo inicial es clave, despu\u00e9s ten\u00e9s la b\u00fasqueda propia de la productora de la ventana de exhibici\u00f3n, d\u00f3nde se va a ver, d\u00f3nde va a llegar a m\u00e1s gente, d\u00f3nde podemos escalar mejor la serie. En ese sentido, p\u00fablico y privado trabajando juntos no falla, pero no estoy descubriendo nada, en el mundo es as\u00ed. Tiene que estar bien hecho, pero da muy buen resultado siempre, siempre. La b\u00fasqueda privada siempre va a llevar a la mayor cantidad de ventanas, porque yo quiero que mis series se vean en todo el mundo, pero el empuje inicial que te da lo p\u00fablico no tiene reemplazo. <\/p>\n","protected":false},"excerpt":{"rendered":"<p>\u00abFr\u00e1giles\u00bb, la nueva serie de Diego Palacio y Nacho Viale.\/\/foto prensa El productor, realizador y guionista Diego Palacio es una de las mentes detr\u00e1s de \u00abFr\u00e1giles\u00bb, serie de Flow con una trama de misterio sobre una joven que redescubre su identidad a partir de un crimen vinculado con una secta, y que naci\u00f3 de una [&hellip;]<\/p>\n","protected":false},"author":1,"featured_media":36123,"comment_status":"closed","ping_status":"closed","sticky":false,"template":"","format":"standard","meta":[],"categories":[9],"tags":[],"_links":{"self":[{"href":"http:\/\/nuevacordoba.net\/index.php\/wp-json\/wp\/v2\/posts\/36122"}],"collection":[{"href":"http:\/\/nuevacordoba.net\/index.php\/wp-json\/wp\/v2\/posts"}],"about":[{"href":"http:\/\/nuevacordoba.net\/index.php\/wp-json\/wp\/v2\/types\/post"}],"author":[{"embeddable":true,"href":"http:\/\/nuevacordoba.net\/index.php\/wp-json\/wp\/v2\/users\/1"}],"replies":[{"embeddable":true,"href":"http:\/\/nuevacordoba.net\/index.php\/wp-json\/wp\/v2\/comments?post=36122"}],"version-history":[{"count":0,"href":"http:\/\/nuevacordoba.net\/index.php\/wp-json\/wp\/v2\/posts\/36122\/revisions"}],"wp:featuredmedia":[{"embeddable":true,"href":"http:\/\/nuevacordoba.net\/index.php\/wp-json\/wp\/v2\/media\/36123"}],"wp:attachment":[{"href":"http:\/\/nuevacordoba.net\/index.php\/wp-json\/wp\/v2\/media?parent=36122"}],"wp:term":[{"taxonomy":"category","embeddable":true,"href":"http:\/\/nuevacordoba.net\/index.php\/wp-json\/wp\/v2\/categories?post=36122"},{"taxonomy":"post_tag","embeddable":true,"href":"http:\/\/nuevacordoba.net\/index.php\/wp-json\/wp\/v2\/tags?post=36122"}],"curies":[{"name":"wp","href":"https:\/\/api.w.org\/{rel}","templated":true}]}}