{"id":36126,"date":"2023-09-01T19:22:05","date_gmt":"2023-09-01T19:22:05","guid":{"rendered":"https:\/\/cordoba.gob.ar\/?p=50784"},"modified":"2023-09-01T19:22:05","modified_gmt":"2023-09-01T19:22:05","slug":"mes-del-turismo-la-municipalidad-presenta-un-recorrido-que-rescata-el-legado-de-fray-mamerto-esquiu-en-la-docta","status":"publish","type":"post","link":"http:\/\/nuevacordoba.net\/index.php\/2023\/09\/01\/mes-del-turismo-la-municipalidad-presenta-un-recorrido-que-rescata-el-legado-de-fray-mamerto-esquiu-en-la-docta\/","title":{"rendered":"Mes del turismo: la Municipalidad presenta un recorrido que rescata el legado de Fray Mamerto Esqui\u00fa en La Docta"},"content":{"rendered":"<div><img src=\"http:\/\/nuevacordoba.net\/wp-content\/uploads\/2023\/09\/mes-del-turismo-la-municipalidad-presenta-un-recorrido-que-rescata-el-legado-de-fray-mamerto-esquiu-en-la-docta.jpg\" class=\"ff-og-image-inserted\"><\/div>\n<ul>\n<li><strong>La actividad es libre y gratuita, sin inscripci\u00f3n previa, y se realizar\u00e1 el pr\u00f3ximo martes 5 de septiembre a las 10 horas.<\/strong><\/li>\n<li><strong><strong>La visita guiada partir\u00e1 desde la Iglesia Franciscana, ubicada en calle Entre R\u00edos esquina Buenos Aires de nuestra ciudad.<\/strong><\/strong><br \/>\n<hr>\n<\/li>\n<\/ul>\n<p>En el marco de las actividades organizadas para celebrar el Mes del Turismo en la ciudad, y por conmemorarse un segundo aniversario de la consagraci\u00f3n de Fray Mamerto Esqui\u00fa como beato, iniciado el 4 de setiembre de 2021, la Direcci\u00f3n General de Turismo y Promoci\u00f3n de la ciudad, dependiente de la Secretar\u00eda de Gobierno y Gesti\u00f3n General de Gabinete llevar\u00e1 a cabo una nueva visita guiada para desandar sus pasos por la ciudad.<\/p>\n<p>La propuesta ser\u00e1 una invitaci\u00f3n para descubrir y rememorar la historia y vida de nuestro beato en proceso de canonizaci\u00f3n, en un recorrido por el templo franciscano, conformado por el Convento San Jorge, la Capilla Dom\u00e9stica, y la iglesia San Francisco. El paseo, de la mano de gu\u00edas profesionales de turismo, continuar\u00e1 por la Iglesia la Catedral donde se podr\u00e1 observar la exposici\u00f3n de la urna que guarda sus restos, finalizando en el patio, lugar donde se encuentra la escultura del religioso.<\/p>\n<p>Qui\u00e9n fue Fray Mamerto Esqui\u00fa<\/p>\n<p>Nace en la provincia de Catamarca el 11 de mayo de 1826. A los cinco a\u00f1os comenz\u00f3 a vestir el h\u00e1bito de San Francisco, debido a una promesa que hizo su madre, a ra\u00edz de que \u00e9l hab\u00eda nacido enfermo.<\/p>\n<p>En 1841 ingres\u00f3 al noviciado entre los Frailes Menores de la Provincia de la Asunci\u00f3n en Argentina, y el 15 de mayo de 1849 celebr\u00f3 su primera Misa. Como sacerdote se distingui\u00f3 en la predicaci\u00f3n, ministerio por el cual fue apreciado no s\u00f3lo en los ambientes eclesiales sino tambi\u00e9n en los pol\u00edticos.<\/p>\n<p>Predic\u00f3 en casi todas las iglesias y capillas de C\u00f3rdoba, dio ejercicios espirituales en varios lugares; los monasterios, hospitales y c\u00e1rceles fueron testigos del paso y de la voz del infatigable Obispo.<\/p>\n<p>Cre\u00f3 el Taller de la Sagrada Familia, lugar de trabajo para las mujeres sin recurso y llev\u00f3 a cabo diversas obras de esta \u00edndole en estrecha colaboraci\u00f3n con los p\u00e1rrocos. El Seminario de C\u00f3rdoba se vio enriquecido por la labor promotora de Fray Mamerto con el restablecimiento de los estudios teol\u00f3gicos.<\/p>\n<p>En 1853, al pronunciar el serm\u00f3n sobre la Constituci\u00f3n Nacional, pidiendo por la paz y la uni\u00f3n de los argentinos, su figura comienza a hacerse conocida en casi todos los \u00e1mbitos de la Naci\u00f3n.<\/p>\n<p>El 12 de diciembre de 1880, fue nombrado Obispo de C\u00f3rdoba y sus llamamientos a la paz, a la hermandad y a la colaboraci\u00f3n civil contribuyeron a crear el clima socio-cultural para el nacimiento del nuevo Estado Federal Argentino.<\/p>\n","protected":false},"excerpt":{"rendered":"<p>La actividad es libre y gratuita, sin inscripci\u00f3n previa, y se realizar\u00e1 el pr\u00f3ximo martes 5 de septiembre a las 10 horas. La visita guiada partir\u00e1 desde la Iglesia Franciscana, ubicada en calle Entre R\u00edos esquina Buenos Aires de nuestra ciudad. En el marco de las actividades organizadas para celebrar el Mes del Turismo en [&hellip;]<\/p>\n","protected":false},"author":1,"featured_media":36127,"comment_status":"closed","ping_status":"closed","sticky":false,"template":"","format":"standard","meta":[],"categories":[14],"tags":[],"_links":{"self":[{"href":"http:\/\/nuevacordoba.net\/index.php\/wp-json\/wp\/v2\/posts\/36126"}],"collection":[{"href":"http:\/\/nuevacordoba.net\/index.php\/wp-json\/wp\/v2\/posts"}],"about":[{"href":"http:\/\/nuevacordoba.net\/index.php\/wp-json\/wp\/v2\/types\/post"}],"author":[{"embeddable":true,"href":"http:\/\/nuevacordoba.net\/index.php\/wp-json\/wp\/v2\/users\/1"}],"replies":[{"embeddable":true,"href":"http:\/\/nuevacordoba.net\/index.php\/wp-json\/wp\/v2\/comments?post=36126"}],"version-history":[{"count":0,"href":"http:\/\/nuevacordoba.net\/index.php\/wp-json\/wp\/v2\/posts\/36126\/revisions"}],"wp:featuredmedia":[{"embeddable":true,"href":"http:\/\/nuevacordoba.net\/index.php\/wp-json\/wp\/v2\/media\/36127"}],"wp:attachment":[{"href":"http:\/\/nuevacordoba.net\/index.php\/wp-json\/wp\/v2\/media?parent=36126"}],"wp:term":[{"taxonomy":"category","embeddable":true,"href":"http:\/\/nuevacordoba.net\/index.php\/wp-json\/wp\/v2\/categories?post=36126"},{"taxonomy":"post_tag","embeddable":true,"href":"http:\/\/nuevacordoba.net\/index.php\/wp-json\/wp\/v2\/tags?post=36126"}],"curies":[{"name":"wp","href":"https:\/\/api.w.org\/{rel}","templated":true}]}}