{"id":36132,"date":"2023-09-02T20:11:13","date_gmt":"2023-09-02T20:11:13","guid":{"rendered":"https:\/\/prensa.cba.gov.ar\/?p=566326"},"modified":"2023-09-02T20:11:13","modified_gmt":"2023-09-02T20:11:13","slug":"inicia-ciclo-de-charlas-virtuales-por-el-mes-de-la-conciencia-ambiental","status":"publish","type":"post","link":"http:\/\/nuevacordoba.net\/index.php\/2023\/09\/02\/inicia-ciclo-de-charlas-virtuales-por-el-mes-de-la-conciencia-ambiental\/","title":{"rendered":"Inicia ciclo de charlas virtuales por el Mes de la Conciencia Ambiental"},"content":{"rendered":"<div><img src=\"http:\/\/nuevacordoba.net\/wp-content\/uploads\/2023\/09\/inicia-ciclo-de-charlas-virtuales-por-el-mes-de-la-conciencia-ambiental.jpg\" class=\"ff-og-image-inserted\"><\/div>\n<ul>\n<li><strong>La Secretar\u00eda de Ambiente brindar\u00e1 actividades de educaci\u00f3n ambiental sobre \u00c1reas Naturales Protegidas, biodiversidad, gesti\u00f3n de residuos, consumo responsable, entre otras tem\u00e1ticas.<\/strong><\/li>\n<li><strong>Las charlas se realizar\u00e1n de manera virtual y son abiertas a todo p\u00fablico.<\/strong><\/li>\n<li><strong>Requiere inscripci\u00f3n previa; y se entregar\u00e1n certificados de asistencia.<\/strong><\/li>\n<\/ul>\n<p>Para conmemorar el Mes de la Conciencia Ambiental, la Secretar\u00eda de Ambiente, dependiente del Ministerio de Coordinaci\u00f3n, brindar\u00e1 un ciclo de charlas virtuales para <strong>impulsar actividades de educaci\u00f3n ambiental integral y promover una ciudadan\u00eda responsable<\/strong> y comprometida con el cuidado del entorno.<\/p>\n<p>Estas actividades de formaci\u00f3n est\u00e1n abiertas a todo p\u00fablico, se realizar\u00e1n de manera virtual y se otorgar\u00e1 certificado de asistencia. Cronograma:<\/p>\n<h4 class=\"wp-block-heading\"><strong>Lunes 4 de septiembre. Horario: de 14 a 16 h.<\/strong><\/h4>\n<p>El guardaparque provincial Marcelo Aramburu ser\u00e1 el encargado de disertar en la charla <strong>\u00abAmbiente naturales de C\u00f3rdoba y su biodiversidad\u00bb<\/strong>, en la que realizar\u00e1 un recorrido por los distintos ecosistemas y la flora y fauna aut\u00f3ctona que los habita.<\/p>\n<p><a href=\"https:\/\/forms.gle\/CXZDGJ8Uo5UJdVoG9\" target=\"_blank\" rel=\"noreferrer noopener\">Link de inscripci\u00f3n<\/a><\/p>\n<h4 class=\"wp-block-heading\"><strong>Lunes 11 de septiembre. Horario: de 14 a 16 h.<\/strong><\/h4>\n<p>Las \u00c1reas Naturales Protegidas son espacios geogr\u00e1ficos donde las comunidades construyen y proyectan sus v\u00ednculos con el paisaje natural y cultural que las rodea. Entender esa trama es fundamental para la conservaci\u00f3n y el cuidado de estos entornos, que constituyen el patrimonio natural m\u00e1s importante que tenemos en la provincia de C\u00f3rdoba.<\/p>\n<p>En este sentido, la guardaparque Araceli Lucena brindar\u00e1 la charla \u00abLas \u00c1reas Naturales Protegidas y las alianzas con la comunidad\u201d.<\/p>\n<p><a href=\"https:\/\/forms.gle\/KjmfyACV3Lpk8v9P9\" target=\"_blank\" rel=\"noreferrer noopener\">Link de inscripci\u00f3n<\/a>&nbsp;&nbsp;<\/p>\n<h4 class=\"wp-block-heading\"><strong>Lunes 18 de septiembre. Horario: de 14 a 16 h.<\/strong><\/h4>\n<p>La charla sobre \u00ab<strong>La reducci\u00f3n de los residuos y el consumo responsable<\/strong>\u00bb estar\u00e1 a cargo de la Licenciada Ximena Falcioni y abordar\u00e1 contenidos en relaci\u00f3n a tipos de residuos, compostaje, econom\u00eda circular, reutilizaci\u00f3n y reciclaje, entre otras tem\u00e1ticas.<\/p>\n<p>Adem\u00e1s, profundizar\u00e1 sobre la problem\u00e1tica de los basurales a cielo abierto, y la importancia de gestionar de manera adecuada los residuos s\u00f3lidos urbanos para contribuir al desarrollo sostenible de nuestras ciudades.<\/p>\n<p><a href=\"https:\/\/forms.gle\/vLNkasSxfzGHRb9P6\" target=\"_blank\" rel=\"noreferrer noopener\">Link de inscripci\u00f3n<\/a><\/p>\n","protected":false},"excerpt":{"rendered":"<p>La Secretar\u00eda de Ambiente brindar\u00e1 actividades de educaci\u00f3n ambiental sobre \u00c1reas Naturales Protegidas, biodiversidad, gesti\u00f3n de residuos, consumo responsable, entre otras tem\u00e1ticas. Las charlas se realizar\u00e1n de manera virtual y son abiertas a todo p\u00fablico. Requiere inscripci\u00f3n previa; y se entregar\u00e1n certificados de asistencia. Para conmemorar el Mes de la Conciencia Ambiental, la Secretar\u00eda de [&hellip;]<\/p>\n","protected":false},"author":1,"featured_media":36133,"comment_status":"closed","ping_status":"closed","sticky":false,"template":"","format":"standard","meta":[],"categories":[14],"tags":[],"_links":{"self":[{"href":"http:\/\/nuevacordoba.net\/index.php\/wp-json\/wp\/v2\/posts\/36132"}],"collection":[{"href":"http:\/\/nuevacordoba.net\/index.php\/wp-json\/wp\/v2\/posts"}],"about":[{"href":"http:\/\/nuevacordoba.net\/index.php\/wp-json\/wp\/v2\/types\/post"}],"author":[{"embeddable":true,"href":"http:\/\/nuevacordoba.net\/index.php\/wp-json\/wp\/v2\/users\/1"}],"replies":[{"embeddable":true,"href":"http:\/\/nuevacordoba.net\/index.php\/wp-json\/wp\/v2\/comments?post=36132"}],"version-history":[{"count":0,"href":"http:\/\/nuevacordoba.net\/index.php\/wp-json\/wp\/v2\/posts\/36132\/revisions"}],"wp:featuredmedia":[{"embeddable":true,"href":"http:\/\/nuevacordoba.net\/index.php\/wp-json\/wp\/v2\/media\/36133"}],"wp:attachment":[{"href":"http:\/\/nuevacordoba.net\/index.php\/wp-json\/wp\/v2\/media?parent=36132"}],"wp:term":[{"taxonomy":"category","embeddable":true,"href":"http:\/\/nuevacordoba.net\/index.php\/wp-json\/wp\/v2\/categories?post=36132"},{"taxonomy":"post_tag","embeddable":true,"href":"http:\/\/nuevacordoba.net\/index.php\/wp-json\/wp\/v2\/tags?post=36132"}],"curies":[{"name":"wp","href":"https:\/\/api.w.org\/{rel}","templated":true}]}}