{"id":3614,"date":"2021-04-23T10:03:51","date_gmt":"2021-04-23T10:03:51","guid":{"rendered":"http:\/\/nuevacordoba.net\/index.php\/2021\/04\/23\/marzo-tuvo-la-inflacion-mas-alta-del-ano-y-van-contra-las-empresas\/"},"modified":"2021-04-23T10:03:51","modified_gmt":"2021-04-23T10:03:51","slug":"marzo-tuvo-la-inflacion-mas-alta-del-ano-y-van-contra-las-empresas","status":"publish","type":"post","link":"http:\/\/nuevacordoba.net\/index.php\/2021\/04\/23\/marzo-tuvo-la-inflacion-mas-alta-del-ano-y-van-contra-las-empresas\/","title":{"rendered":"Marzo tuvo la inflaci\u00f3n m\u00e1s alta del a\u00f1o y van contra las empresas"},"content":{"rendered":"<div><img src=\"http:\/\/nuevacordoba.net\/wp-content\/uploads\/2021\/04\/marzo-tuvo-la-inflacion-mas-alta-del-ano-y-van-contra-las-empresas.jpg\" class=\"ff-og-image-inserted\"><\/div>\n<p>Hoy se conocer\u00e1 que la inflaci\u00f3n de marzo fue la m\u00e1s alta del a\u00f1o, por lo que el gobierno de Alberto Fern\u00e1ndez empez\u00f3 a sobreactuar para intentar amortiguar el impacto pol\u00edtico que genera tener que admitir que los precios est\u00e1n volando a un ritmo anualizado del 60%.<\/p>\n<p>En cinco d\u00edas, la Casa Rosada dijo que enviar\u00e1 inspectores de la AFIP a los supermercados y subir\u00e1 multas; imput\u00f3 a empresas por vender productos similares a precios diferentes; amenaz\u00f3 con cerrar las exportaciones de carne; e intim\u00f3 a compa\u00f1\u00edas del comercio y la industria a fabricar, distribuir y comercializar al m\u00e1ximo de su capacidad instalada, hasta el fin de la emergencia sanitaria.<\/p>\n<p>Ayer hubo una reuni\u00f3n de Gabinete econ\u00f3mico. Desde Roma particip\u00f3 el jefe del \u00e1rea, Mart\u00edn Guzm\u00e1n. Dijo que \u201cen marzo la inflaci\u00f3n fue la m\u00e1s alta del a\u00f1o\u201d y agreg\u00f3: \u201cEsperamos una reducci\u00f3n a partir de abril. Hay circunstancias coyunturales que han estado afectando a los precios, incluyendo la inflaci\u00f3n en alimentos, que es un problema en el mundo y en particular, en esta pandemia\u201d. Seg\u00fan agreg\u00f3, a eso \u201cse le suman comportamientos que deben corregirse\u201d entre las empresas.<\/p>\n<p>El Indec dar\u00e1 a conocer hoy el dato oficial de marzo. Cuando habl\u00f3, Guzm\u00e1n ya lo ten\u00eda. Es porque el organismo de estad\u00edstica les adelanta 24 horas antes al ministerio de Econom\u00eda y al Banco Central, siguiendo una normativa del Fondo Monetario Internacional (FMI). En febrero, el IPC hab\u00eda subido 3,6%; en enero y diciembre, 4%; y en noviembre se hab\u00eda ubicado en 3,6%.<\/p>\n<h4 class>Frutas \u00bfpara todos?<\/h4>\n<p>Cuando las gestiones con las c\u00e1maras empresarias para el acuerdo de Precios y Salarios est\u00e1 en terapia intensiva, el Gobierno avanza atacando el \u00faltimo eslab\u00f3n de la cadena, antes de que el producto llegue a los consumidores. Y, en lo que considera una pol\u00edtica que puede funcionar, est\u00e1 enviando \u201ccamiones itinerantes\u201d al Conurbano bonaerense, donde la pobreza alcanza al 51% de la poblaci\u00f3n, a vender bolsones de frutas y verduras surtidas de entre 5 y 6 kilos, con un valor de entre y .<\/p>\n<p>La art\u00edfice de esta estrategia es Paula Espa\u00f1ol, la secretaria de Comercio Interior, quien ya anunci\u00f3 que prev\u00e9 multiplicar los camiones para que tambi\u00e9n se vendan carnes, l\u00e1cteos y otros productos a precios m\u00e1s accesibles que los que se consiguen en los supermercados.<\/p>\n<p>\u201cEl trailer m\u00f3vil estar\u00e1 presente en los distintos municipios que integran el \u00c1rea Metropolitana Buenos Aires y m\u00e1s adelante se ir\u00e1 extendiendo por todas las provincias\u201d, anunci\u00f3 Espa\u00f1ol al presentar la iniciativa en Quilmes, al sur del conurbano.<\/p>\n<p>Seg\u00fan Espa\u00f1ol, con esta iniciativa el Gobierno \u201cacorta la cadena entre el productor y el consumidor para tener una r\u00e1pida llegada a los barrios donde se necesitan medidas que contengan el precio de los alimentos\u201d en medio de la crisis.<\/p>\n<p>Mientras, el proyecto para la reforma tributaria que el Gobierno prometi\u00f3 una decena de veces duerme en el escritorio de Guzm\u00e1n y la emisi\u00f3n monetaria va en aumento: en marzo el Banco Central gir\u00f3 al Tesoro 135.000 millones de pesos en adelantos transitorios.<\/p>\n<h4 class>Los precios vuelan<\/h4>\n<p>Que algunos camiones deambulen por los municipios bonaerenses de Malvinas Argentinas, Pilar y Mor\u00f3n vendiendo mercader\u00eda m\u00e1s barata ser\u00eda anecd\u00f3tico si la Argentina no estuviera atravesando uno de los peores procesos de estanflaci\u00f3n de su historia, desde m\u00e1s de tres a\u00f1os.<\/p>\n<p>Para el Instituto Estad\u00edstico de los Trabajadores (compuesto por 50 gremios de la CGT y la CTA), la inflaci\u00f3n fue del 3,9% en marzo, con aceleraci\u00f3n. Ese guarismo est\u00e1 en l\u00ednea con el del Relevamiento de Expectativas de Mercado del Central, que estim\u00f3 3,9% para marzo y 3,4% para abril.<\/p>\n<p>Marina Dal Poggetto, directora ejecutiva del Estudio Eco Go, estim\u00f3 una inflaci\u00f3n mensual del 4,2% en marzo y ahora, dijo, \u201cpareciera que abril estar\u00e1 entre 3,5% y 4%. Esto da 16% en cuatro meses. As\u00ed, la idea del 29% para todo el 2021 es letra muerta. Si se anualizan los \u00faltimos dos meses, el ritmo es del 60% anual\u201d.<\/p>\n<p>Para la economista, el Gobierno est\u00e1 buscando \u201cpisar\u201d algunos precios. Y eso explica medidas recientes como la intimaci\u00f3n para que las empresas produzcan al tope de su capacidad o la amenaza de que suspender las exportaciones de carne. \u201cY no van a poder regular precios y cantidades en simult\u00e1neo\u201d, alert\u00f3.<\/p>\n<p>C&amp;T Asesores Econ\u00f3micos tambi\u00e9n estim\u00f3 una inflaci\u00f3n del 4,2% en marzo, alcanzando 40,8% en los \u00faltimos doce meses. Y se\u00f1al\u00f3 una alerta roja: lo que m\u00e1s incidi\u00f3 en el alza general fue el aumento de 6% en los alimentos y bebidas.<\/p>\n<p>El \u00cdndice de Precios que elabora la fundaci\u00f3n liberal Libertad y Progreso arroj\u00f3 un alza de 4,1% en marzo. En siete de los \u00faltimos doce meses los alimentos subieron por encima del \u00edndice general y marzo fue el cuarto mes consecutivo en el que ocurri\u00f3, con un 5,1%, dijo esa entidad.<\/p>\n<h4 class>La \u00faltima orden de Cafiero<\/h4>\n<p>En este contexto fue la reuni\u00f3n de gabinete econ\u00f3mico que ayer condujo Santiago Cafiero en Casa Rosada. El funcionario orden\u00f3 a la Afip enviar inspectores a los supermercados para que controlen que se respeten los programas Precios Cuidados y Precios M\u00e1ximos. Este \u00faltimo fue prorrogado por el Gobierno en forma unilateral hasta el 15 de mayo por falta de acuerdo con las empresas.<\/p>\n<p>Colaboradores de Cafiero dijeron a<strong> La Voz<\/strong> que esa orden es para sumar una medida en pos de \u00abbajar la inflaci\u00f3n\u00bb. Agregaron que tambi\u00e9n se va a controlar la aplicaci\u00f3n de la ley de abastecimiento y advirtieron que se analiza un aumento de sanciones.<\/p>\n<p>En la reuni\u00f3n, Espa\u00f1ol asegur\u00f3 que desde que asumi\u00f3, su cartera hizo 35 mil fiscalizaciones en conjunto con municipios y gobiernos provinciales. \u201cEse trabajo se va a fortalecer a\u00fan m\u00e1s en las semanas que siguen, no s\u00f3lo porque vamos a contratar entre 300 y 500 inspectores a la brevedad, sino porque adem\u00e1s, en conjunto con la Afip, vamos a llevar adelante todo lo que son las fiscalizaciones de pol\u00edtica de precios\u201d.<\/p>\n<h4 class>Con d\u00f3lar planchado, las reservas superaron los 40 mil millones<\/h4>\n<p>El presidente del Banco Central, Miguel \u00c1ngel Pesce, inform\u00f3 ayer que la entidad monetaria logr\u00f3 recomprar todos los d\u00f3lares que se vendieron a lo largo del a\u00f1o pasado para atender a la demanda, mientras el precio de la divisa se disparaba. \u201cEl Banco Central recuper\u00f3 hoy un nivel de reservas por encima de los U 40 mil millones. Con el resultado de la rueda de hoy se logr\u00f3 recomprar todos los d\u00f3lares que se vendieron el a\u00f1o pasado para atender la demanda y sostener la recuperaci\u00f3n econ\u00f3mica, en un clima de previsibilidad cambiaria\u201d, se\u00f1al\u00f3 el titular de la entidad monetaria.<\/p>\n<h4 class>M\u00e1s informaci\u00f3n<\/h4>\n","protected":false},"excerpt":{"rendered":"<p>Hoy se conocer\u00e1 que la inflaci\u00f3n de marzo fue la m\u00e1s alta del a\u00f1o, por lo que el gobierno de Alberto Fern\u00e1ndez empez\u00f3 a sobreactuar para intentar amortiguar el impacto pol\u00edtico que genera tener que admitir que los precios est\u00e1n volando a un ritmo anualizado del 60%. En cinco d\u00edas, la Casa Rosada dijo que [&hellip;]<\/p>\n","protected":false},"author":1,"featured_media":3615,"comment_status":"closed","ping_status":"closed","sticky":false,"template":"","format":"standard","meta":[],"categories":[12],"tags":[],"_links":{"self":[{"href":"http:\/\/nuevacordoba.net\/index.php\/wp-json\/wp\/v2\/posts\/3614"}],"collection":[{"href":"http:\/\/nuevacordoba.net\/index.php\/wp-json\/wp\/v2\/posts"}],"about":[{"href":"http:\/\/nuevacordoba.net\/index.php\/wp-json\/wp\/v2\/types\/post"}],"author":[{"embeddable":true,"href":"http:\/\/nuevacordoba.net\/index.php\/wp-json\/wp\/v2\/users\/1"}],"replies":[{"embeddable":true,"href":"http:\/\/nuevacordoba.net\/index.php\/wp-json\/wp\/v2\/comments?post=3614"}],"version-history":[{"count":0,"href":"http:\/\/nuevacordoba.net\/index.php\/wp-json\/wp\/v2\/posts\/3614\/revisions"}],"wp:featuredmedia":[{"embeddable":true,"href":"http:\/\/nuevacordoba.net\/index.php\/wp-json\/wp\/v2\/media\/3615"}],"wp:attachment":[{"href":"http:\/\/nuevacordoba.net\/index.php\/wp-json\/wp\/v2\/media?parent=3614"}],"wp:term":[{"taxonomy":"category","embeddable":true,"href":"http:\/\/nuevacordoba.net\/index.php\/wp-json\/wp\/v2\/categories?post=3614"},{"taxonomy":"post_tag","embeddable":true,"href":"http:\/\/nuevacordoba.net\/index.php\/wp-json\/wp\/v2\/tags?post=3614"}],"curies":[{"name":"wp","href":"https:\/\/api.w.org\/{rel}","templated":true}]}}