{"id":36140,"date":"2023-09-02T20:20:37","date_gmt":"2023-09-02T20:20:37","guid":{"rendered":"https:\/\/www.ole.com.ar\/autos\/indycar-clasificacion-canapino-portland-penultima-fecha_0_xNxSjAf0Ux.html"},"modified":"2023-09-02T20:20:37","modified_gmt":"2023-09-02T20:20:37","slug":"indycar-canapino-se-clasifico-20-en-portland","status":"publish","type":"post","link":"http:\/\/nuevacordoba.net\/index.php\/2023\/09\/02\/indycar-canapino-se-clasifico-20-en-portland\/","title":{"rendered":"IndyCar: Canapino se clasific\u00f3 20\u00b0 en Portland"},"content":{"rendered":"<p><time class=\"createDate\" datetime=\"2023-09-02T17:20:37-03:00\">02\/09\/2023 17:20hs.<\/time><time class=\"modificatedDate\" datetime=\"2023-09-02T17:29:54-03:00\"> Actualizado al 02\/09\/2023 17:29hs.<\/time><\/p>\n<div id=\"storyBody\">\n<div class=\"custom-text \" readability=\"35.612565445026\">\n<p><a href=\"https:\/\/www.ole.com.ar\/tema\/agustin-canapino.html\" title=\"Agust\u00edn Canapino\" alt=\"Agust\u00edn Canapino\" class=\"slug\">Agust\u00edn Canapino<\/a> est\u00e1 terminando su primera temporada de la <a href=\"https:\/\/www.ole.com.ar\/tema\/indycar.html\" title=\"Indycar\" alt=\"Indycar\" class=\"slug\">IndyCar<\/a> en el circuito de <strong>Portland International Raceway<\/strong>, donde se corre la <strong>pen\u00faltima fecha <\/strong>del campeonato 2023, que casi est\u00e1 en manos del espa\u00f1ol <strong>Alex Palou<\/strong>. El espa\u00f1ol puede coronarse <strong>campe\u00f3n por segunda vez<\/strong> en la categor\u00eda estadounidense este domingo, antes del cierre en Laguna Seca. Es a las 16.15 por Star+.<\/p>\n<\/div>\n<div class=\"custom-text \" readability=\"41\">\n<p>El arrecife\u00f1o comenz\u00f3 una gran clasificaci\u00f3n este s\u00e1bado en el segundo grupo, de 14 pilotos, <strong>en la cual se lleg\u00f3 a poner escolta, pero al cabo termin\u00f3 10\u00b0<\/strong>, sin poder mejorar sobre el cierre por un trompo de Benjamin Pedersen. El argentino gir\u00f3 en 58s775 mientras que Palou, el l\u00edder, lo hizo en 57s965. <\/p>\n<\/div>\n<div class=\"sc-e7b891c4-0 jPbnQF\"><img alt=\"Canapino en Portland.\" src=\"http:\/\/nuevacordoba.net\/wp-content\/uploads\/2023\/09\/indycar-canapino-se-clasifico-20-en-portland.jpg\" width=\"720\" height=\"100\" decoding=\"async\" data-nimg=\"future\" loading=\"lazy\"><span class=\"epigraphe\">Canapino en Portland.<\/span><\/div>\n<div class=\"custom-text \" readability=\"43\">\n<p>Los seis mejores de cada tanda siguen en carrera para lograr los mejores puestos de la largada en movimiento. El que s\u00ed hab\u00eda avanzado, en el primer turno, es <strong>Callum Ilott, compa\u00f1ero de Agust\u00edn, sexto en el grupo 1, con 58s307<\/strong>. Es la primera vez en el a\u00f1o que un auto del Juncos Hollinger Racing pasa a los mejores 12 buscando, a su vez, los mejores seis. Ilott no pudo prosperar, aunque partir\u00e1 en un muy buen 8\u00b0 puesto.<\/p>\n<\/div>\n<div class=\"sc-e7b891c4-0 jPbnQF\"><img alt=\"El grupo 2, de Canapino.\" src=\"http:\/\/nuevacordoba.net\/wp-content\/uploads\/2023\/09\/indycar-canapino-se-clasifico-20-en-portland-1.jpg\" width=\"720\" height=\"100\" decoding=\"async\" data-nimg=\"future\" loading=\"lazy\"><span class=\"epigraphe\">El grupo 2, de Canapino.<\/span><\/div>\n<div class=\"custom-text \" readability=\"32.210526315789\">\n<p>Estas \u00faltimas dos fechas tienen vital importancia tanto para el Tit\u00e1n como para su equipo, <strong>Juncos Hollinger Racing<\/strong>, ya que le servir\u00e1n para completar el objetivo que se basa en <a href=\"https:\/\/W7PMokZvWs\" target=\"_blank\" rel=\"noopener\">obtener el mill\u00f3n de d\u00f3lares<\/a> que entrega el programa <strong>Leaders Circle<\/strong> a los primeros 22 autos del torneo.<\/p>\n<\/div>\n<div class=\"sc-e7b891c4-0 jPbnQF\"><img alt=\"Ilott paso a los 12 mejores.\" src=\"http:\/\/nuevacordoba.net\/wp-content\/uploads\/2023\/09\/indycar-canapino-se-clasifico-20-en-portland-2.jpg\" width=\"720\" height=\"100\" decoding=\"async\" data-nimg=\"future\" loading=\"lazy\"><span class=\"epigraphe\">Ilott paso a los 12 mejores.<\/span><\/div>\n<div class=\"custom-text \" readability=\"44\">\n<p>El argentino, que viene de ser 22\u00b0 en Illinois, <strong>se encuentra en el puesto 21\u00b0 de la clasificaci\u00f3n con 156 puntos, a 23 del 20\u00b0, Marcus Armstrong (largar\u00e1 14\u00b0), y con apenas tres m\u00e1s que el 22\u00b0, Devlin Defrancesco (22\u00b0).<\/strong> Su compa\u00f1ero de equipo, <strong>Callum Ilott,<\/strong> figura 17\u00b0 de la tabla, as\u00ed que ambos se encontrar\u00edan en este momento calificados para recibir el premio. <\/p>\n<\/div>\n<div class=\"sc-e7b891c4-0 jPbnQF\"><img alt=\"Ricardo Juncos, el due\u00f1o del equipo.\" src=\"http:\/\/nuevacordoba.net\/wp-content\/uploads\/2023\/09\/indycar-canapino-se-clasifico-20-en-portland-3.jpg\" width=\"720\" height=\"100\" decoding=\"async\" data-nimg=\"future\" loading=\"lazy\"><span class=\"epigraphe\">Ricardo Juncos, el due\u00f1o del equipo.<\/span><\/div>\n<div class=\"custom-text \" readability=\"35\">\n<p>Una vez finalizado el campeonato de IndyCar, Canapino <strong>regresar\u00e1 a la Argentina para correr en el TC de San Luis<\/strong>, el 17 de septiembre. Ese d\u00eda comenzar\u00e1 la Copa de Oro en la M\u00e1xima.<\/p>\n<\/div>\n<div class=\"sc-e7b891c4-0 jPbnQF\"><img alt=\"Canapino corri\u00f3 en el TC dos semanas atr\u00e1s.\" src=\"http:\/\/nuevacordoba.net\/wp-content\/uploads\/2023\/09\/indycar-canapino-se-clasifico-20-en-portland-4.jpg\" width=\"720\" height=\"100\" decoding=\"async\" data-nimg=\"future\" loading=\"lazy\"><span class=\"epigraphe\">Canapino corri\u00f3 en el TC dos semanas atr\u00e1s.<\/span><\/div>\n<p><h2>El circuito de Portland<\/h2>\n<\/p>\n<div class=\"custom-text \" readability=\"39\">\n<p>El aut\u00f3dromo volvi\u00f3 al campeonato en la temporada 2018, tras estar ausente en el calendario desde el a\u00f1o 2007. Actualmente, el circuito cuenta con <strong>3,160 kil\u00f3metros y 12 curvas<\/strong>, con una distancia de carrera a <strong>110 vueltas<\/strong> de aproximadamente <strong>347,68 kil\u00f3metros cada una<\/strong>.<\/p>\n<\/div>\n<div class=\"custom-text \" readability=\"41\">\n<p>En la edici\u00f3n del a\u00f1o pasado, el piloto de Team Penske, <strong>Scott McLaughlin<\/strong>, fue quien gan\u00f3 la carrera. Adem\u00e1s, en 2021 el espa\u00f1ol <strong>Alex Palou<\/strong> no solo que se llev\u00f3 el triunfo en el circuito de Portland, sino que tambi\u00e9n se qued\u00f3 con el campeonato en esa misma fecha, hito que buscar\u00e1 repetir este fin de semana.<\/p>\n<\/div>\n<div class=\"sc-e7b891c4-0 jPbnQF\"><img alt=\"Alex Palou puede coronarse este fin de semana.\" src=\"http:\/\/nuevacordoba.net\/wp-content\/uploads\/2023\/09\/indycar-canapino-se-clasifico-20-en-portland-5.jpg\" width=\"720\" height=\"100\" decoding=\"async\" data-nimg=\"future\" loading=\"lazy\"><span class=\"epigraphe\">Alex Palou puede coronarse este fin de semana.<\/span><\/div>\n<p><h2>La chance de t\u00edtulo de Palou<\/h2>\n<\/p>\n<div class=\"custom-text \" readability=\"41\">\n<p>Para que el espa\u00f1ol obtenga su segundo t\u00edtulo en la categor\u00eda este fin de semana en Portland, <strong>deber\u00e1 finalizar la carrera con 54 puntos o m\u00e1s de ventaja sobre su escolta, el neozeland\u00e9s Scott Dixon<\/strong>. Actualmente, Palou (l\u00edder con 565 unidades) cuenta con una ventaja de 74 puntos sobre su rival a falta de dos fechas. En el caso de que no consiga su objetivo en esta funci\u00f3n, tendr\u00e1 el torneo servido en bandeja para la \u00faltima carrera de Laguna Seca, donde con un simple podio le alcanzar\u00e1, independientemente del resultado de Dixon.<\/p>\n<\/div>\n<div class=\"sc-a7166897-0 exHLBh\" readability=\"6\">\n<section readability=\"2\"><picture><img alt=\"Hora y TV del GP de Monza en la F\u00f3rmula 1\" src=\"http:\/\/nuevacordoba.net\/wp-content\/uploads\/2023\/09\/indycar-canapino-se-clasifico-20-en-portland-6.jpg\" width=\"290\" height=\"290\" decoding=\"async\" data-nimg=\"future\" loading=\"lazy\"><\/picture>\n<p><span>Mir\u00e1 tambi\u00e9n<\/span><\/p>\n<hr>\n<h3>Hora y TV del GP de Monza en la F\u00f3rmula 1<\/h3>\n<\/p>\n<\/section>\n<\/div>\n<div class=\"sc-a7166897-0 exHLBh\" readability=\"6\">\n<section readability=\"2\"><picture><img alt=\"Y hasta que Ferrari (Sainz en Monza) logr\u00f3 una pole en la F\u00f3rmula 1...\" src=\"http:\/\/nuevacordoba.net\/wp-content\/uploads\/2023\/09\/indycar-canapino-se-clasifico-20-en-portland-7.jpg\" width=\"290\" height=\"290\" decoding=\"async\" data-nimg=\"future\" loading=\"lazy\"><\/picture>\n<p><span>Mir\u00e1 tambi\u00e9n<\/span><\/p>\n<hr>\n<h3>Y hasta que Ferrari (Sainz en Monza) logr\u00f3 una pole en la F\u00f3rmula 1&#8230;<\/h3>\n<\/p>\n<\/section>\n<\/div>\n<div class=\"sc-a7166897-0 exHLBh\" readability=\"6\">\n<section readability=\"2\"><picture><img alt=\"F\u00f3rmula 3: Franco Colapinto gan\u00f3 en Monza y le apunta al subcampeonato\" src=\"http:\/\/nuevacordoba.net\/wp-content\/uploads\/2023\/09\/indycar-canapino-se-clasifico-20-en-portland-8.jpg\" width=\"290\" height=\"290\" decoding=\"async\" data-nimg=\"future\" loading=\"lazy\"><\/picture>\n<p><span>Mir\u00e1 tambi\u00e9n<\/span><\/p>\n<hr>\n<h3>F\u00f3rmula 3: Franco Colapinto gan\u00f3 en Monza y le apunta al subcampeonato<\/h3>\n<\/p>\n<\/section>\n<\/div>\n<\/div>\n","protected":false},"excerpt":{"rendered":"<p>02\/09\/2023 17:20hs. Actualizado al 02\/09\/2023 17:29hs. Agust\u00edn Canapino est\u00e1 terminando su primera temporada de la IndyCar en el circuito de Portland International Raceway, donde se corre la pen\u00faltima fecha del campeonato 2023, que casi est\u00e1 en manos del espa\u00f1ol Alex Palou. El espa\u00f1ol puede coronarse campe\u00f3n por segunda vez en la categor\u00eda estadounidense este domingo, [&hellip;]<\/p>\n","protected":false},"author":1,"featured_media":36141,"comment_status":"closed","ping_status":"closed","sticky":false,"template":"","format":"standard","meta":[],"categories":[10],"tags":[],"_links":{"self":[{"href":"http:\/\/nuevacordoba.net\/index.php\/wp-json\/wp\/v2\/posts\/36140"}],"collection":[{"href":"http:\/\/nuevacordoba.net\/index.php\/wp-json\/wp\/v2\/posts"}],"about":[{"href":"http:\/\/nuevacordoba.net\/index.php\/wp-json\/wp\/v2\/types\/post"}],"author":[{"embeddable":true,"href":"http:\/\/nuevacordoba.net\/index.php\/wp-json\/wp\/v2\/users\/1"}],"replies":[{"embeddable":true,"href":"http:\/\/nuevacordoba.net\/index.php\/wp-json\/wp\/v2\/comments?post=36140"}],"version-history":[{"count":0,"href":"http:\/\/nuevacordoba.net\/index.php\/wp-json\/wp\/v2\/posts\/36140\/revisions"}],"wp:featuredmedia":[{"embeddable":true,"href":"http:\/\/nuevacordoba.net\/index.php\/wp-json\/wp\/v2\/media\/36141"}],"wp:attachment":[{"href":"http:\/\/nuevacordoba.net\/index.php\/wp-json\/wp\/v2\/media?parent=36140"}],"wp:term":[{"taxonomy":"category","embeddable":true,"href":"http:\/\/nuevacordoba.net\/index.php\/wp-json\/wp\/v2\/categories?post=36140"},{"taxonomy":"post_tag","embeddable":true,"href":"http:\/\/nuevacordoba.net\/index.php\/wp-json\/wp\/v2\/tags?post=36140"}],"curies":[{"name":"wp","href":"https:\/\/api.w.org\/{rel}","templated":true}]}}