{"id":36142,"date":"2023-09-03T05:19:39","date_gmt":"2023-09-03T05:19:39","guid":{"rendered":"http:\/\/nuevacordoba.net\/index.php\/2023\/09\/03\/grandes-peliculas-en-la-apertura-del-festival-internacional-de-cine-bonaerense\/"},"modified":"2023-09-03T05:19:39","modified_gmt":"2023-09-03T05:19:39","slug":"grandes-peliculas-en-la-apertura-del-festival-internacional-de-cine-bonaerense","status":"publish","type":"post","link":"http:\/\/nuevacordoba.net\/index.php\/2023\/09\/03\/grandes-peliculas-en-la-apertura-del-festival-internacional-de-cine-bonaerense\/","title":{"rendered":"Grandes pel\u00edculas en la apertura del Festival Internacional de Cine bonaerense"},"content":{"rendered":"<figure class=\"mb-3\"><img loading=\"lazy\" data-src=\"http:\/\/nuevacordoba.net\/wp-content\/uploads\/2023\/09\/grandes-peliculas-en-la-apertura-del-festival-internacional-de-cine-bonaerense.jpg\" src=\"https:\/\/www.telam.com.ar\/assets\/img\/not_image.png\" class=\" lazy \" width=\"100%\" height=\"100%\" alt=\"El FICPBA se extiende hasta el domingo 10 de septiembre Foto Eva Cabrera\"><figcaption> El FICPBA se extiende hasta el domingo 10 de septiembre \/ Foto: Eva Cabrera. <\/figcaption><\/figure>\n<p>Tres grandes pel\u00edculas, dos argentinas y una colombiana, se vieron este s\u00e1bado en la primera jornada de proyecciones del Festival Internacional de Cine de la Provincia de Buenos Aires (<strong>Ficpba<\/strong>), que con funciones con entrada libre y gratuita arranc\u00f3 sus proyecciones en la<strong> ciudad de La Plata<\/strong>.<\/p>\n<p>Entre otros filmes, de una variada programaci\u00f3n que incluye cinco competencias diferentes y otras tantas secciones paralelas, este s\u00e1bado se exhibi\u00f3 en el Ficpba con<strong> salas llenas<\/strong>, la <strong>pel\u00edcula colombiana \u00abVar\u00f3n\u00bb<\/strong> premiere en Argentina de la \u00f3pera prima de <strong>Fabi\u00e1n Hern\u00e1ndez <\/strong>que tuvo su debut en la prestigiosa Quincena de los Realizadores del \u00faltimo Festival de Cannes y que fue seleccionada por la academia de su pa\u00eds para representarla en los Premios Oscar.<\/p>\n<p>El filme de Hern\u00e1ndez, con excelente fotograf\u00eda y un riguroso tratamiento sigue el d\u00eda a d\u00eda de Carlos, un joven de los sectores m\u00e1s bajos de Bogot\u00e1, que durante la semana vive en una suerte de internado voluntario y que realiza salidas a su barrio y su casa.<\/p>\n<p>Con pocas palabras, <strong>una suerte de \u00ablunfardo\u00bb bogotano <\/strong>que a veces torna inentendibles los di\u00e1logos, \u00abVar\u00f3n\u00bb pinta con mano maestra la violencia sobre los sectores empobrecidos latinoamericanos, los horizontes limitados y los dur\u00edsimos l\u00edmites que encierra la realidad para muchos, producto de la pobreza y la desatenci\u00f3n del Estado y la sociedad, en el marco de un capitalismo con niveles de deshumanizaci\u00f3n a priori insospechados, pero que se materializan en el d\u00eda a d\u00eda de j\u00f3venes de los distintos pa\u00edses del continente.<\/p>\n<figure class=\"mb-3\"><img loading=\"lazy\" data-src=\"http:\/\/nuevacordoba.net\/wp-content\/uploads\/2023\/09\/grandes-peliculas-en-la-apertura-del-festival-internacional-de-cine-bonaerense-1.jpg\" src=\"https:\/\/www.telam.com.ar\/assets\/img\/not_image.png\" class=\" lazy \" width=\"100%\" height=\"100%\" alt=\"Santiago Loza realizador y dramaturgo de Amigas en un camino de campo Foto Victor Carreira\"><figcaption> Santiago Loza, realizador y dramaturgo de \u00abAmigas en un camino de campo\u00bb \/ Foto: Victor Carreira. <\/figcaption><\/figure>\n<p>Antes de \u00abVar\u00f3n\u00bb, que forma parte de la Competencia Internacional de Ficci\u00f3n del Ficpba, se vio <strong>\u00abBill 79\u00bb<\/strong>, de la misma secci\u00f3n competitiva,<strong> filme producido coescrito y realizado por Mariano Galper\u00edn<\/strong>, que narra con envidiable elocuencia y un humor asordinado y potente la extra\u00f1a <strong>visita <\/strong>que el superlativo <strong>pianista de jazz norteamericano<\/strong> <strong>Bill Evans<\/strong> <strong>realiz\u00f3 a la ciudad de San Nicol\u00e1s<\/strong>, en medio de unas presentaciones en la Argentina, donde termin\u00f3 tocando en el teatro municipal pero en el marco de un concurso de belleza del pueblo.<\/p>\n<p>Con excelentes actuaciones (Diego Gentile como Evans; Marina Bellati como su manager; Julia Mart\u00ednez Rubio como su exmujer y Walter Jakob como su hermano), el filme no s\u00f3lo logra pintar las inesperadas situaciones que debe vivir Evans en un lugar donde es absolutamente desconocido y el clima de \u00e9poca (1979) argentino sino tambi\u00e9n la particular situaci\u00f3n que atraviesa el pianista, <strong>compa\u00f1ero de Miles Davis <\/strong>en uno de sus mejores momentos (\u00abKind of Blue\u00bb) y uno de los m\u00e1s destacados compositores y arregladores del jazz moderno.<\/p>\n<p>Cuano Evans llega en esa gira a la Argentina, que incluy\u00f3 tambi\u00e9n un concierto en la Ciudad de Buenos Aires, ven\u00eda del inmenso dolor del suicidio sucesivo de su hermano George (Jackob) y su esposa (Mart\u00ednez Rubio) y estaba ganado por su adicci\u00f3n a la hero\u00edna y su dependencia del alcohol, que no le imped\u00edan seguir entregando los brillos de un talento interminable, aunque acabar\u00edan con su vida un a\u00f1o m\u00e1s tarde.<\/p>\n<figure class=\"mb-3\"><img loading=\"lazy\" data-src=\"http:\/\/nuevacordoba.net\/wp-content\/uploads\/2023\/09\/grandes-peliculas-en-la-apertura-del-festival-internacional-de-cine-bonaerense-2.jpg\" src=\"https:\/\/www.telam.com.ar\/assets\/img\/not_image.png\" class=\" lazy \" width=\"100%\" height=\"100%\" alt=\"Foto Eva Cabrera \"><figcaption> Foto: Eva Cabrera. <\/figcaption><\/figure>\n<p>El primer turno de proyecciones fue para<strong> \u00abAmigas en un camino de campo\u00bb, del realizador y dramaturgo Santiago Loza<\/strong>, que tuvo su lanzamiento en el Festival de Cine de San Sebasti\u00e1n 2022 y forma parte de la Competencia de Largometrajes Bonaerenses.<\/p>\n<p>El filme pertenece a la provincia por geograf\u00eda, transcurrre en Sierra de la Ventana y localidades cercanas y por pertenencia cultural, ya que se estructura y funciona como una suerte de homenaje a la poest\u00eda de Roberta Iannamico, escritora de Bah\u00eda Blanca de 50 a\u00f1os que propone una obra de belleza sobrecogedora y rotunda materialidad para pintar los mundos externos e internos que transitamos.<\/p>\n<p>La nueva pel\u00edcula de Loza, que desde hace largos a\u00f1os viene construyendo una cinematograf\u00eda de rasgos particular\u00edsimos y que implican tambi\u00e9n modos alternativos de producci\u00f3n y realizaci\u00f3n, hace honor a la altura po\u00e9tica de los textos, para pintar una regi\u00f3n con raptos permanentes de belleza en una historia simple.<\/p>\n<figure class=\"mb-3\"><img loading=\"lazy\" data-src=\"http:\/\/nuevacordoba.net\/wp-content\/uploads\/2023\/09\/grandes-peliculas-en-la-apertura-del-festival-internacional-de-cine-bonaerense-3.jpg\" src=\"https:\/\/www.telam.com.ar\/assets\/img\/not_image.png\" class=\" lazy \" width=\"100%\" height=\"100%\" alt=\"Amigas en un camino de campo Foto Prensa\"><figcaption> \u00abAmigas en un camino de campo\u00bb \/ Foto: Prensa. <\/figcaption><\/figure>\n<p>\u00abAmigas en un camino de campo\u00bb, narra la caminata de dos amigas (excelentes Eva Bianco y Anabella Bacigalupo) que salen en busca de un meteorito que cay\u00f3 la noche anterior en un extenso paseo que es tambi\u00e9n una despedida y una bifurcaci\u00f3n de caminos.<\/p>\n<p>Loza imprime a su pel\u00edcula una belleza sorprendente en cada plano, desde los trenes cargueros lejanos sobre una loma, la sombra y las formas de unos \u00e1rboles, un r\u00edo de llanura, \u00e0rboles florecidos en oto\u00f1o, hasta un farol nocturno en el pueblo y una silueta doblando una esquina.<\/p>\n<figure class=\"mb-3\"><img loading=\"lazy\" data-src=\"http:\/\/nuevacordoba.net\/wp-content\/uploads\/2023\/09\/grandes-peliculas-en-la-apertura-del-festival-internacional-de-cine-bonaerense-4.jpg\" src=\"https:\/\/www.telam.com.ar\/assets\/img\/not_image.png\" class=\" lazy \" width=\"100%\" height=\"100%\" alt=\"Foto Eva Cabrera \"><figcaption> Foto: Eva Cabrera. <\/figcaption><\/figure>\n<p>En el Ficpba que arranc\u00f3 con excelente respuesta de p\u00fablico y que se prolongar\u00e1 con proyecciones hasta el domingo 10 hubo tambi\u00e9n una <strong>charla con la actriz Cecilia Dopazo <\/strong>y se habilit\u00f3 una<strong> ludoteca en la sala Pettoruti del Teatro Argentino.<\/strong><\/p>\n<p>Tambi\u00e9n se vieron <strong>\u00abAl impenetrable\u00bb de Sonia Bertotti<\/strong> en Panorama Argentino; <strong>\u00abLa terminal\u00bb, de Gustavo Font\u00e1n<\/strong>, en la Competencia de Documentales y la <strong>ucraniana \u00abKlondike\u00bb de Marina Gorbach <\/strong>y la <strong>argentina \u00abTrenque Lauquen\u00bb, de Laura Citarella<\/strong> en la Competencia Internacional de Ficci\u00f3n.<\/p>\n<figure class=\"mb-3\"><img loading=\"lazy\" data-src=\"http:\/\/nuevacordoba.net\/wp-content\/uploads\/2023\/09\/grandes-peliculas-en-la-apertura-del-festival-internacional-de-cine-bonaerense-5.jpg\" src=\"https:\/\/www.telam.com.ar\/assets\/img\/not_image.png\" class=\" lazy \" width=\"100%\" height=\"100%\" alt=\"Cecilia Dopazo Foto Eva Cabrera \"><figcaption> Cecilia Dopazo \/ Foto: Eva Cabrera. <\/figcaption><\/figure>\n<div class=\"card col-md-10 offset-md-1 mb-4\">\n<h3 class=\"pt-2\">Relacionadas<\/h3>\n<\/p><\/div>\n<p><\/p>\n","protected":false},"excerpt":{"rendered":"<p>El FICPBA se extiende hasta el domingo 10 de septiembre \/ Foto: Eva Cabrera. Tres grandes pel\u00edculas, dos argentinas y una colombiana, se vieron este s\u00e1bado en la primera jornada de proyecciones del Festival Internacional de Cine de la Provincia de Buenos Aires (Ficpba), que con funciones con entrada libre y gratuita arranc\u00f3 sus proyecciones [&hellip;]<\/p>\n","protected":false},"author":1,"featured_media":36143,"comment_status":"closed","ping_status":"closed","sticky":false,"template":"","format":"standard","meta":[],"categories":[9],"tags":[],"_links":{"self":[{"href":"http:\/\/nuevacordoba.net\/index.php\/wp-json\/wp\/v2\/posts\/36142"}],"collection":[{"href":"http:\/\/nuevacordoba.net\/index.php\/wp-json\/wp\/v2\/posts"}],"about":[{"href":"http:\/\/nuevacordoba.net\/index.php\/wp-json\/wp\/v2\/types\/post"}],"author":[{"embeddable":true,"href":"http:\/\/nuevacordoba.net\/index.php\/wp-json\/wp\/v2\/users\/1"}],"replies":[{"embeddable":true,"href":"http:\/\/nuevacordoba.net\/index.php\/wp-json\/wp\/v2\/comments?post=36142"}],"version-history":[{"count":0,"href":"http:\/\/nuevacordoba.net\/index.php\/wp-json\/wp\/v2\/posts\/36142\/revisions"}],"wp:featuredmedia":[{"embeddable":true,"href":"http:\/\/nuevacordoba.net\/index.php\/wp-json\/wp\/v2\/media\/36143"}],"wp:attachment":[{"href":"http:\/\/nuevacordoba.net\/index.php\/wp-json\/wp\/v2\/media?parent=36142"}],"wp:term":[{"taxonomy":"category","embeddable":true,"href":"http:\/\/nuevacordoba.net\/index.php\/wp-json\/wp\/v2\/categories?post=36142"},{"taxonomy":"post_tag","embeddable":true,"href":"http:\/\/nuevacordoba.net\/index.php\/wp-json\/wp\/v2\/tags?post=36142"}],"curies":[{"name":"wp","href":"https:\/\/api.w.org\/{rel}","templated":true}]}}