{"id":36144,"date":"2023-09-02T16:00:49","date_gmt":"2023-09-02T16:00:49","guid":{"rendered":"http:\/\/cordobanewsnet.wordpress.com\/2023\/09\/02\/alerta-meteorologica-por-el-cambio-de-tiempo-en-cordoba-donde-podria-caer-granizo\/"},"modified":"2023-09-02T16:00:49","modified_gmt":"2023-09-02T16:00:49","slug":"alerta-meteorologica-por-el-cambio-de-tiempo-en-cordoba-donde-podria-caer-granizo","status":"publish","type":"post","link":"http:\/\/nuevacordoba.net\/index.php\/2023\/09\/02\/alerta-meteorologica-por-el-cambio-de-tiempo-en-cordoba-donde-podria-caer-granizo\/","title":{"rendered":"Alerta meteorol\u00f3gica por el cambio de tiempo en C\u00f3rdoba: d\u00f3nde podr\u00eda caer granizo"},"content":{"rendered":"<p><!-- \/featured-media --> <\/p>\n<div class=\"post-content clear\" readability=\"40.474603174603\">\n<p>Despu\u00e9s de la llegada de la <a href=\"http:\/\/eldoce.tv\/sociedad\/cordoba-llega-tormenta-santa-rosa-que-hora-se-trata_153980\">tormenta de Santa Rosa<\/a> los cordobeses tuvieron un peque\u00f1o descanso a los vientos de agosto. Sin embargo, las fuertes r\u00e1fagas volvieron durante el primer fin de semana de septiembre y rige alerta amarilla.<\/p>\n<figure class=\"wp-block-image size-large\"><img loading=\"lazy\" data-attachment-id=\"8152\" data-permalink=\"https:\/\/cordobanewsnet.wordpress.com\/2023\/09\/02\/alerta-meteorologica-por-el-cambio-de-tiempo-en-cordoba-donde-podria-caer-granizo\/img_9629\/\" data-orig-file=\"http:\/\/nuevacordoba.net\/wp-content\/uploads\/2023\/09\/alerta-meteorologica-por-el-cambio-de-tiempo-en-cordoba-donde-podria-caer-granizo.jpg\" data-orig-size=\"791,445\" data-comments-opened=\"1\" data-image-meta=\"{&quot;aperture&quot;:&quot;0&quot;,&quot;credit&quot;:&quot;&quot;,&quot;camera&quot;:&quot;&quot;,&quot;caption&quot;:&quot;&quot;,&quot;created_timestamp&quot;:&quot;0&quot;,&quot;copyright&quot;:&quot;&quot;,&quot;focal_length&quot;:&quot;0&quot;,&quot;iso&quot;:&quot;0&quot;,&quot;shutter_speed&quot;:&quot;0&quot;,&quot;title&quot;:&quot;&quot;,&quot;orientation&quot;:&quot;1&quot;}\" data-image-title=\"img_9629\" data-image-description data-image-caption data-medium-file=\"http:\/\/nuevacordoba.net\/wp-content\/uploads\/2023\/09\/alerta-meteorologica-por-el-cambio-de-tiempo-en-cordoba-donde-podria-caer-granizo.jpg?w=300\" data-large-file=\"http:\/\/nuevacordoba.net\/wp-content\/uploads\/2023\/09\/alerta-meteorologica-por-el-cambio-de-tiempo-en-cordoba-donde-podria-caer-granizo.jpg?w=736\" width=\"791\" height=\"445\" src=\"http:\/\/nuevacordoba.net\/wp-content\/uploads\/2023\/09\/alerta-meteorologica-por-el-cambio-de-tiempo-en-cordoba-donde-podria-caer-granizo.jpg\" class=\"wp-image-8152\" srcset=\"http:\/\/nuevacordoba.net\/wp-content\/uploads\/2023\/09\/alerta-meteorologica-por-el-cambio-de-tiempo-en-cordoba-donde-podria-caer-granizo.jpg 791w, http:\/\/nuevacordoba.net\/wp-content\/uploads\/2023\/09\/alerta-meteorologica-por-el-cambio-de-tiempo-en-cordoba-donde-podria-caer-granizo.jpg?w=150 150w, http:\/\/nuevacordoba.net\/wp-content\/uploads\/2023\/09\/alerta-meteorologica-por-el-cambio-de-tiempo-en-cordoba-donde-podria-caer-granizo.jpg?w=300 300w, http:\/\/nuevacordoba.net\/wp-content\/uploads\/2023\/09\/alerta-meteorologica-por-el-cambio-de-tiempo-en-cordoba-donde-podria-caer-granizo.jpg?w=768 768w\" sizes=\"(max-width: 791px) 100vw, 791px\"><\/figure>\n<p>El Servicio Meteorol\u00f3gico Nacional emiti\u00f3 una alerta a corto plazo en las primeras horas de este s\u00e1bado. En el breve comunicado, se\u00f1al\u00f3 que se prev\u00e9n \u201clluvias intensas, r\u00e1fagas y ocasional ca\u00edda de granizo\u201d en el este de la provincia, justo en el l\u00edmite entre los departamentos de San Justo y Marcos Ju\u00e1rez.<\/p>\n<div id=\"jp-post-flair\" class=\"sharedaddy sd-like-enabled sd-sharing-enabled\">\n<div class=\"sharedaddy sd-sharing-enabled\">\n<div class=\"robots-nocontent sd-block sd-social sd-social-icon-text sd-sharing\">\n<h3 class=\"sd-title\">Share this:<\/h3>\n<\/div>\n<\/div>\n<div class=\"sharedaddy sd-block sd-like jetpack-likes-widget-wrapper jetpack-likes-widget-unloaded\" id=\"like-post-wrapper-143108178-8153-64f41e437e97e\" data-src=\"\/\/widgets.wp.com\/likes\/index.html?ver=20230309#blog_id=143108178&amp;post_id=8153&amp;origin=cordobanewsnet.wordpress.com&amp;obj_id=143108178-8153-64f41e437e97e\" data-name=\"like-post-frame-143108178-8153-64f41e437e97e\" data-title=\"Me gusta o Compartir\">\n<h3 class=\"sd-title\">Me gusta esto:<\/h3>\n<p><span class=\"button\"><span>Me gusta<\/span><\/span> <span class=\"loading\">Cargando&#8230;<\/span><\/p>\n<p><span class=\"sd-text-color\"><\/span><\/div>\n<p><h3 class=\"jp-relatedposts-headline\"><em>Relacionado<\/em><\/h3>\n<\/p>\n<\/div><\/div>\n<p><!--\/.post-content--> <\/p>\n<footer class=\"post-meta-container clear\" readability=\"0.65740740740741\">\n<div class=\"entry-author author-avatar-show\" readability=\"14.031746031746\">\n<div class=\"author-avatar\"> <img alt src=\"http:\/\/nuevacordoba.net\/wp-content\/uploads\/2023\/09\/alerta-meteorologica-por-el-cambio-de-tiempo-en-cordoba-donde-podria-caer-granizo-1.jpg\" srcset=\"http:\/\/nuevacordoba.net\/wp-content\/uploads\/2023\/09\/alerta-meteorologica-por-el-cambio-de-tiempo-en-cordoba-donde-podria-caer-granizo-1.jpg 1x, http:\/\/nuevacordoba.net\/wp-content\/uploads\/2023\/09\/alerta-meteorologica-por-el-cambio-de-tiempo-en-cordoba-donde-podria-caer-granizo-5.jpg 1.5x, http:\/\/nuevacordoba.net\/wp-content\/uploads\/2023\/09\/alerta-meteorologica-por-el-cambio-de-tiempo-en-cordoba-donde-podria-caer-granizo-6.jpg 2x, http:\/\/nuevacordoba.net\/wp-content\/uploads\/2023\/09\/alerta-meteorologica-por-el-cambio-de-tiempo-en-cordoba-donde-podria-caer-granizo-7.jpg 3x, http:\/\/nuevacordoba.net\/wp-content\/uploads\/2023\/09\/alerta-meteorologica-por-el-cambio-de-tiempo-en-cordoba-donde-podria-caer-granizo-8.jpg 4x\" class=\"avatar avatar-90\" height=\"90\" width=\"90\" loading=\"lazy\" decoding=\"async\"> <\/div>\n<p><!-- .author-avatar --> <\/p>\n<p><h2 class=\"author-title\">Publicado por <span class=\"author-name\">angelaponso<\/span><\/h2>\n<\/p>\n<p><!-- .author-heading --> <\/p>\n<p class=\"author-bio\"> <a class=\"author-link\" href=\"https:\/\/cordobanewsnet.wordpress.com\/author\/angelaponso\/\" rel=\"author\"> Ver todas las entradas de angelaponso <\/a> <\/p>\n<p><!-- .author-bio --> <\/div>\n<p><!-- .entry-auhtor --> <\/footer>\n<p> <!-- \/post-meta-container --> <!-- #respond --> <\/p>\n","protected":false},"excerpt":{"rendered":"<p>Despu\u00e9s de la llegada de la tormenta de Santa Rosa los cordobeses tuvieron un peque\u00f1o descanso a los vientos de agosto. Sin embargo, las fuertes r\u00e1fagas volvieron durante el primer fin de semana de septiembre y rige alerta amarilla. El Servicio Meteorol\u00f3gico Nacional emiti\u00f3 una alerta a corto plazo en las primeras horas de este [&hellip;]<\/p>\n","protected":false},"author":1,"featured_media":36145,"comment_status":"closed","ping_status":"closed","sticky":false,"template":"","format":"standard","meta":[],"categories":[14],"tags":[],"_links":{"self":[{"href":"http:\/\/nuevacordoba.net\/index.php\/wp-json\/wp\/v2\/posts\/36144"}],"collection":[{"href":"http:\/\/nuevacordoba.net\/index.php\/wp-json\/wp\/v2\/posts"}],"about":[{"href":"http:\/\/nuevacordoba.net\/index.php\/wp-json\/wp\/v2\/types\/post"}],"author":[{"embeddable":true,"href":"http:\/\/nuevacordoba.net\/index.php\/wp-json\/wp\/v2\/users\/1"}],"replies":[{"embeddable":true,"href":"http:\/\/nuevacordoba.net\/index.php\/wp-json\/wp\/v2\/comments?post=36144"}],"version-history":[{"count":0,"href":"http:\/\/nuevacordoba.net\/index.php\/wp-json\/wp\/v2\/posts\/36144\/revisions"}],"wp:featuredmedia":[{"embeddable":true,"href":"http:\/\/nuevacordoba.net\/index.php\/wp-json\/wp\/v2\/media\/36145"}],"wp:attachment":[{"href":"http:\/\/nuevacordoba.net\/index.php\/wp-json\/wp\/v2\/media?parent=36144"}],"wp:term":[{"taxonomy":"category","embeddable":true,"href":"http:\/\/nuevacordoba.net\/index.php\/wp-json\/wp\/v2\/categories?post=36144"},{"taxonomy":"post_tag","embeddable":true,"href":"http:\/\/nuevacordoba.net\/index.php\/wp-json\/wp\/v2\/tags?post=36144"}],"curies":[{"name":"wp","href":"https:\/\/api.w.org\/{rel}","templated":true}]}}