{"id":36146,"date":"2023-09-03T00:28:47","date_gmt":"2023-09-03T00:28:47","guid":{"rendered":"https:\/\/www.ole.com.ar\/futbol-ascenso\/ascenso_0_cSVwrtDUQq.html"},"modified":"2023-09-03T00:28:47","modified_gmt":"2023-09-03T00:28:47","slug":"victoria-agonica-e-independiente-nuevo-lider","status":"publish","type":"post","link":"http:\/\/nuevacordoba.net\/index.php\/2023\/09\/03\/victoria-agonica-e-independiente-nuevo-lider\/","title":{"rendered":"Victoria ag\u00f3nica e Independiente nuevo l\u00edder"},"content":{"rendered":"<p><time class=\"createDate\" datetime=\"2023-09-02T21:28:47-03:00\">02\/09\/2023 21:28hs.<\/time><time class=\"modificatedDate\" datetime=\"2023-09-02T21:28:46-03:00\"><\/time><\/p>\n<div id=\"storyBody\">\n<div class=\"custom-text \" readability=\"36.325088339223\">\n<p>A seis fechas para la finalizaci\u00f3n del campeonato, la Zona B de la <a href=\"https:\/\/www.ole.com.ar\/tema\/primera-nacional.html\" title=\"Primera Nacional\" alt=\"Primera Nacional\" class=\"slug\">Primera Nacional<\/a> est\u00e1 que arde. Cuando cada vez falta menos para conocer qui\u00e9n ser\u00e1 el finalista del grupo por el primer ascenso a la <a href=\"https:\/\/www.ole.com.ar\/tema\/liga-profesional.html\" title=\"Liga Profesional\" alt=\"Liga Profesional\" class=\"slug\">Liga Profesional<\/a>, tres equipos se disputan la posici\u00f3n de privilegio. Y para ponerle a\u00fan m\u00e1s picante al grupo, <a href=\"https:\/\/www.ole.com.ar\/tema\/independiente-rivadavia.html\" title=\"Independiente Rivadavia\" alt=\"Independiente Rivadavia\" class=\"slug\">I<\/a><strong><a href=\"https:\/\/www.ole.com.ar\/tema\/independiente-rivadavia.html\" title=\"Independiente Rivadavia\" alt=\"Independiente Rivadavia\" class=\"slug\">ndependiente <\/a>de Mendoza consigui\u00f3 un triunfazo en su visita a <a href=\"https:\/\/www.ole.com.ar\/tema\/quilmes.html\" title=\"Quilmes\" alt=\"Quilmes\" class=\"slug\">Quilmes<\/a> para superar a Chacarita <\/strong>(todav\u00eda debe disputar su duelo de esta fecha) <strong>y a Deportivo Maip\u00fa<\/strong>, otro que jug\u00f3 ayer (igual\u00f3 1-1 contra Brown de Adrogu\u00e9), y ser \u00fanico l\u00edder.<\/p>\n<\/div>\n<p><h2>EL GOL DE LA LEPRA<\/h2>\n<\/p>\n<div class=\"custom-text \" readability=\"38.242718446602\">\n<p><strong>La Lepra sufri\u00f3 mucho ya que nunca se sinti\u00f3 c\u00f3modo en el estadio Centenario<\/strong>, a pesar de la ausencia de p\u00fablico por la sanci\u00f3n de la <a href=\"https:\/\/www.ole.com.ar\/tema\/aprevide.html\" title=\"Aprevide\" alt=\"Aprevide\" class=\"slug\">Aprevide<\/a> por la aparici\u00f3n de una bandera durante la semana amenazando a los \u00e1rbitros. El equipo, uno de los mejores con la pelota en los pies, le falt\u00f3 circulaci\u00f3n de juego, conexi\u00f3n entre las l\u00edneas y creaci\u00f3n de jugadas de peligro para meter peligro al \u00e1rea rival.<\/p>\n<\/div>\n<div class=\"custom-text \" readability=\"38.13880126183\">\n<p><strong>Las lesiones de Alex Arce, Luciano Abecasis y Mat\u00edas Reali atentaron contra un Independiente que nunca se dio por vencido<\/strong>, quiz\u00e1 la mejor virtud que tuvo en el Sur del GBA. Porque <a href=\"https:\/\/www.ole.com.ar\/tema\/quilmes.html\" title=\"Quilmes\" alt=\"Quilmes\" class=\"slug\">Quilmes<\/a>, sin ser un vendaval, fue superior y tuvo algunas situaciones para romper con la paridad y tratar de acercarse a los de arriba.<\/p>\n<\/div>\n<div class=\"custom-text \" readability=\"38\">\n<p>Y cuando parec\u00eda que La Lepra se conformaba con el punto para alcanzar al Funebrero y al Cruzado, <strong>Mauro Maidana apareci\u00f3 en ataque y puso la cabeza para desatar la locura<\/strong>, darle los tres puntos a su equipo y, como si fuera poco, la punta del grupo.<\/p>\n<\/div>\n<div class=\"custom-text \">\n<p>Y no hay Maidana&#8230;<\/p>\n<\/div>\n<div class=\"sc-a7166897-0 exHLBh\" readability=\"6\">\n<section readability=\"2\"><picture><img alt=\"El posteo Bilardista de Javier Milei\" src=\"http:\/\/nuevacordoba.net\/wp-content\/uploads\/2023\/09\/victoria-agonica-e-independiente-nuevo-lider.jpg\" width=\"290\" height=\"290\" decoding=\"async\" data-nimg=\"future\" loading=\"lazy\"><\/picture>\n<p><span>Mir\u00e1 tambi\u00e9n<\/span><\/p>\n<hr>\n<h3>El posteo Bilardista de Javier Milei<\/h3>\n<\/p>\n<\/section>\n<\/div>\n<div class=\"sc-a7166897-0 exHLBh\" readability=\"7\">\n<section readability=\"4\"><picture><img alt=\"La lucha por no descender: Gimnasia en descenso y aire para Independiente, Hurac\u00e1n y V\u00e9lez\" src=\"http:\/\/nuevacordoba.net\/wp-content\/uploads\/2023\/09\/victoria-agonica-e-independiente-nuevo-lider-1.jpg\" width=\"290\" height=\"290\" decoding=\"async\" data-nimg=\"future\" loading=\"lazy\"><\/picture>\n<p><span>Mir\u00e1 tambi\u00e9n<\/span><\/p>\n<hr>\n<h3>La lucha por no descender: Gimnasia en descenso y aire para Independiente, Hurac\u00e1n y V\u00e9lez<\/h3>\n<\/p>\n<\/section>\n<\/div>\n<div class=\"sc-a7166897-0 exHLBh\" readability=\"6.5\">\n<section readability=\"3\"><picture><img alt=\"Copa de la Liga: perdi\u00f3 River, gan\u00f3 Independiente y c\u00f3mo sigue la fecha tres\" src=\"http:\/\/nuevacordoba.net\/wp-content\/uploads\/2023\/09\/victoria-agonica-e-independiente-nuevo-lider-2.jpg\" width=\"290\" height=\"290\" decoding=\"async\" data-nimg=\"future\" loading=\"lazy\"><\/picture>\n<p><span>Mir\u00e1 tambi\u00e9n<\/span><\/p>\n<hr>\n<h3>Copa de la Liga: perdi\u00f3 River, gan\u00f3 Independiente y c\u00f3mo sigue la fecha tres<\/h3>\n<\/p>\n<\/section>\n<\/div>\n<div class=\"sc-a7166897-0 exHLBh\" readability=\"6\">\n<section readability=\"2\"><picture><img alt=\"Hurac\u00e1n se lo dio vuelta a Col\u00f3n y sali\u00f3 de la zona roja\" src=\"http:\/\/nuevacordoba.net\/wp-content\/uploads\/2023\/09\/victoria-agonica-e-independiente-nuevo-lider-3.jpg\" width=\"290\" height=\"290\" decoding=\"async\" data-nimg=\"future\" loading=\"lazy\"><\/picture>\n<p><span>Mir\u00e1 tambi\u00e9n<\/span><\/p>\n<hr>\n<h3>Hurac\u00e1n se lo dio vuelta a Col\u00f3n y sali\u00f3 de la zona roja<\/h3>\n<\/p>\n<\/section>\n<\/div>\n<div class=\"sc-a7166897-0 exHLBh\" readability=\"6\">\n<section readability=\"2\"><picture><img alt=\"Newell's empat\u00f3 y es puntero\" src=\"http:\/\/nuevacordoba.net\/wp-content\/uploads\/2023\/09\/victoria-agonica-e-independiente-nuevo-lider-4.jpg\" width=\"290\" height=\"290\" decoding=\"async\" data-nimg=\"future\" loading=\"lazy\"><\/picture>\n<p><span>Mir\u00e1 tambi\u00e9n<\/span><\/p>\n<hr>\n<h3>Newell&#8217;s empat\u00f3 y es puntero<\/h3>\n<\/p>\n<\/section>\n<\/div>\n<\/div>\n","protected":false},"excerpt":{"rendered":"<p>02\/09\/2023 21:28hs. A seis fechas para la finalizaci\u00f3n del campeonato, la Zona B de la Primera Nacional est\u00e1 que arde. Cuando cada vez falta menos para conocer qui\u00e9n ser\u00e1 el finalista del grupo por el primer ascenso a la Liga Profesional, tres equipos se disputan la posici\u00f3n de privilegio. Y para ponerle a\u00fan m\u00e1s picante [&hellip;]<\/p>\n","protected":false},"author":1,"featured_media":36147,"comment_status":"closed","ping_status":"closed","sticky":false,"template":"","format":"standard","meta":[],"categories":[10],"tags":[],"_links":{"self":[{"href":"http:\/\/nuevacordoba.net\/index.php\/wp-json\/wp\/v2\/posts\/36146"}],"collection":[{"href":"http:\/\/nuevacordoba.net\/index.php\/wp-json\/wp\/v2\/posts"}],"about":[{"href":"http:\/\/nuevacordoba.net\/index.php\/wp-json\/wp\/v2\/types\/post"}],"author":[{"embeddable":true,"href":"http:\/\/nuevacordoba.net\/index.php\/wp-json\/wp\/v2\/users\/1"}],"replies":[{"embeddable":true,"href":"http:\/\/nuevacordoba.net\/index.php\/wp-json\/wp\/v2\/comments?post=36146"}],"version-history":[{"count":0,"href":"http:\/\/nuevacordoba.net\/index.php\/wp-json\/wp\/v2\/posts\/36146\/revisions"}],"wp:featuredmedia":[{"embeddable":true,"href":"http:\/\/nuevacordoba.net\/index.php\/wp-json\/wp\/v2\/media\/36147"}],"wp:attachment":[{"href":"http:\/\/nuevacordoba.net\/index.php\/wp-json\/wp\/v2\/media?parent=36146"}],"wp:term":[{"taxonomy":"category","embeddable":true,"href":"http:\/\/nuevacordoba.net\/index.php\/wp-json\/wp\/v2\/categories?post=36146"},{"taxonomy":"post_tag","embeddable":true,"href":"http:\/\/nuevacordoba.net\/index.php\/wp-json\/wp\/v2\/tags?post=36146"}],"curies":[{"name":"wp","href":"https:\/\/api.w.org\/{rel}","templated":true}]}}