{"id":36150,"date":"2023-09-01T17:18:38","date_gmt":"2023-09-01T17:18:38","guid":{"rendered":"https:\/\/cordoba.gob.ar\/?p=50773"},"modified":"2023-09-01T17:18:38","modified_gmt":"2023-09-01T17:18:38","slug":"comenzo-la-transformacion-de-la-plaza-de-la-terminal-instalaran-nuevos-juegos-veredas-luces-led-y-mobiliario-urbano","status":"publish","type":"post","link":"http:\/\/nuevacordoba.net\/index.php\/2023\/09\/01\/comenzo-la-transformacion-de-la-plaza-de-la-terminal-instalaran-nuevos-juegos-veredas-luces-led-y-mobiliario-urbano\/","title":{"rendered":"Comenz\u00f3 la transformaci\u00f3n de la \u201cplaza de la terminal\u201d: instalar\u00e1n nuevos juegos, veredas, luces led y mobiliario urbano"},"content":{"rendered":"<div><img src=\"http:\/\/nuevacordoba.net\/wp-content\/uploads\/2023\/09\/comenzo-la-transformacion-de-la-plaza-de-la-terminal-instalaran-nuevos-juegos-veredas-luces-led-y-mobiliario-urbano.jpg\" class=\"ff-og-image-inserted\"><\/div>\n<ul>\n<li><strong>Todo el espacio tendr\u00e1 reja perimetral con acceso controlado y horarios de ingreso y egreso.<\/strong><\/li>\n<li><strong>La remodelaci\u00f3n incluye una extensa parquizaci\u00f3n, que ser\u00e1 sostenida con un sistema de riego automatizado por aspersi\u00f3n.<\/strong><\/li>\n<li><strong>La Municipalidad de C\u00f3rdoba ejecuta las tareas en el marco del Proyecto Respira C\u00f3rdoba, con el apoyo de la Uni\u00f3n Europea.<\/strong><\/li>\n<\/ul>\n<hr>\n<p>Los 5.500 m\u00b2 de la plaza ubicada entre las calles Balcarce, Corrientes, pasaje Tom\u00e1s Oliver y Tr\u00e1nsito C\u00e1ceres de Allende son intervenidos por la Municipalidad de C\u00f3rdoba con el objetivo de transformar este espacio verde en un punto de referencia ambiental y comunitario.<\/p>\n<p>Las obras incluir\u00e1n la creaci\u00f3n de un innovador Patio de las Infancias con juegos inclusivos y medidas de seguridad, as\u00ed como un \u00e1rea de postas gimn\u00e1sticas sobre c\u00e9sped sint\u00e9tico.<\/p>\n<p>En la primera etapa el proyecto comprende el desarrollo de nueva infraestructura en todo el espacio, entre ellos la mejora en la iluminaci\u00f3n, que incorporar\u00e1 tecnolog\u00eda LED.<\/p>\n<p>La iniciativa tambi\u00e9n resaltar\u00e1 el valor ambiental al embellecer el \u00e1rea con una amplia parquizaci\u00f3n que incorporar\u00e1 canteros con arbustivas y rejas bajas, as\u00ed como extensas \u00e1reas de c\u00e9sped. Se instalar\u00e1 un sistema de riego por aspersi\u00f3n para mantener adecuadamente las especies vegetales y realzar la belleza natural del lugar.<\/p>\n<p>Posteriormente se colocar\u00e1n rejas en todo el per\u00edmetro, con portones y horarios de ingreso y egreso, un concepto que ya se aplica en otros espacios verdes de la ciudad.<\/p>\n<p>El acceso controlado mediante horarios de apertura y cierre contribuye a la seguridad y la conservaci\u00f3n del espacio.<\/p>\n<p>Ubicada frente a la Terminal de \u00d3mnibus de la ciudad, la transformaci\u00f3n de la plaza Jos\u00e9 Ignacio Rucci, conocida tambi\u00e9n como Plaza de los Ni\u00f1os o la \u00abPlaza de la Terminal\u00bb, es abordada en el marco del proyecto \u00abRespira C\u00f3rdoba\u00bb, con el apoyo de la Uni\u00f3n Europea (UE). Las obras son ejecutadas por la Secretar\u00eda de Planeamiento, Modernizaci\u00f3n y Relaciones Internacionales junto a su par municipal de Gesti\u00f3n Ambiental y Sostenibilidad, y en colaboraci\u00f3n de la C\u00e1mara de Comercio de C\u00f3rdoba, la Asociaci\u00f3n C\u00f3rdoba Nuestra y el Distrito Centro Hist\u00f3rico.<\/p>\n<p><em>\u00abContar con el apoyo de la Uni\u00f3n Europea, y el aporte de las distintas organizaciones de la sociedad civil que nos acompa\u00f1an en la planificaci\u00f3n de nuestra ciudad, nos anima a seguir concretando cada paso planificado en el proyecto Respira C\u00f3rdoba, a trav\u00e9s del cu\u00e1l buscamos la conciliaci\u00f3n entre lo ecol\u00f3gico y lo patrimonial, poniendo en valor la rica historia de C\u00f3rdoba cuidando y respetando el ambiente<\/em>\u00ab, sostuvo Alejandra Torres, secretaria de Planeamiento, Modernizaci\u00f3n y Relaciones Internacionales.<\/p>\n<p><strong>M\u00e1s verde urbano<\/strong><\/p>\n<p>La postal verde de los frondosos \u00e1rboles del lugar ser\u00e1 embellecida por una extensa parquizaci\u00f3n que agregar\u00e1 canteros con arbustivas y rejas bajas, adem\u00e1s de extensos sectores de nuevo c\u00e9sped. Se instalar\u00e1 a su vez un nuevo sistema de riego por aspersi\u00f3n para facilitar el mantenimiento de las especies vegetales.<\/p>\n<p><em>\u201cEl impacto desde el punto de vista ambiental ser\u00e1 muy positivo porque reforzamos el verde en esta \u00e1rea central, en el ingreso por la Terminal de \u00d3mnibus. Aquel que visita la ciudad , el primer punto que se va a encontrar ser\u00e1 esta plaza, que estar\u00e1 totalmente remodelada\u201d,<\/em> expres\u00f3 durante un recorrido de obra el secretario de Gesti\u00f3n Ambiental y Sostenibilidad, Jorge Folloni.<\/p>\n<p>El trabajo en las plazas y parques potencia esos lugares como peque\u00f1os \u201cpulmones verdes\u201d en los barrios. De esta manera, mejoran el ambiente mediante la absorci\u00f3n de Gases de Efecto Invernadero y reducen la temperatura de las ciudades, entre muchos otros beneficios. Una l\u00ednea de intervenci\u00f3n tambi\u00e9n acentuada desde el programa Respira C\u00f3rdoba.<\/p>\n<p>Desde el programa \u201cLa Plaza de tu Barrio\u201d ya se transformaron 25 plazas y parques de calidad y es una de las m\u00faltiples iniciativas en curso para revalorizar cientos de espacios verdes, especialmente en los barrios.<\/p>\n<p>En tres a\u00f1os y medio la Municipalidad recuper\u00f3 casi 1.500 espacios verdes y articulando con el Gobierno Provincial se pudieron crear nuevas \u00e1reas, como las de las exc\u00e1rceles de Encausados y de barrio San Mart\u00edn.<\/p>\n<p>Actualmente el municipio realiza tareas de mantenimiento mensuales en 12 millones de metros cuadrados.<\/p>\n","protected":false},"excerpt":{"rendered":"<p>Todo el espacio tendr\u00e1 reja perimetral con acceso controlado y horarios de ingreso y egreso. La remodelaci\u00f3n incluye una extensa parquizaci\u00f3n, que ser\u00e1 sostenida con un sistema de riego automatizado por aspersi\u00f3n. La Municipalidad de C\u00f3rdoba ejecuta las tareas en el marco del Proyecto Respira C\u00f3rdoba, con el apoyo de la Uni\u00f3n Europea. Los 5.500 [&hellip;]<\/p>\n","protected":false},"author":1,"featured_media":36151,"comment_status":"closed","ping_status":"closed","sticky":false,"template":"","format":"standard","meta":[],"categories":[14],"tags":[],"_links":{"self":[{"href":"http:\/\/nuevacordoba.net\/index.php\/wp-json\/wp\/v2\/posts\/36150"}],"collection":[{"href":"http:\/\/nuevacordoba.net\/index.php\/wp-json\/wp\/v2\/posts"}],"about":[{"href":"http:\/\/nuevacordoba.net\/index.php\/wp-json\/wp\/v2\/types\/post"}],"author":[{"embeddable":true,"href":"http:\/\/nuevacordoba.net\/index.php\/wp-json\/wp\/v2\/users\/1"}],"replies":[{"embeddable":true,"href":"http:\/\/nuevacordoba.net\/index.php\/wp-json\/wp\/v2\/comments?post=36150"}],"version-history":[{"count":0,"href":"http:\/\/nuevacordoba.net\/index.php\/wp-json\/wp\/v2\/posts\/36150\/revisions"}],"wp:featuredmedia":[{"embeddable":true,"href":"http:\/\/nuevacordoba.net\/index.php\/wp-json\/wp\/v2\/media\/36151"}],"wp:attachment":[{"href":"http:\/\/nuevacordoba.net\/index.php\/wp-json\/wp\/v2\/media?parent=36150"}],"wp:term":[{"taxonomy":"category","embeddable":true,"href":"http:\/\/nuevacordoba.net\/index.php\/wp-json\/wp\/v2\/categories?post=36150"},{"taxonomy":"post_tag","embeddable":true,"href":"http:\/\/nuevacordoba.net\/index.php\/wp-json\/wp\/v2\/tags?post=36150"}],"curies":[{"name":"wp","href":"https:\/\/api.w.org\/{rel}","templated":true}]}}