{"id":36156,"date":"2023-09-03T16:33:14","date_gmt":"2023-09-03T16:33:14","guid":{"rendered":"http:\/\/nuevacordoba.net\/index.php\/2023\/09\/03\/el-cine-argentino-llego-a-venecia-con-el-lado-oscuro-de-la-democracia\/"},"modified":"2023-09-03T16:33:14","modified_gmt":"2023-09-03T16:33:14","slug":"el-cine-argentino-llego-a-venecia-con-el-lado-oscuro-de-la-democracia","status":"publish","type":"post","link":"http:\/\/nuevacordoba.net\/index.php\/2023\/09\/03\/el-cine-argentino-llego-a-venecia-con-el-lado-oscuro-de-la-democracia\/","title":{"rendered":"El cine argentino lleg\u00f3 a Venecia con el \u00ablado oscuro\u00bb de la democracia"},"content":{"rendered":"<figure class=\"mb-3\"><img loading=\"lazy\" data-src=\"http:\/\/nuevacordoba.net\/wp-content\/uploads\/2023\/09\/el-cine-argentino-llego-a-venecia-con-el-lado-oscuro-de-la-democracia.jpg\" src=\"https:\/\/www.telam.com.ar\/assets\/img\/not_image.png\" class=\" lazy \" width=\"100%\" height=\"100%\" alt=\"El cine argentino lleg a Venecia con el lado oscuro de la democracia Foto Prensa\"><figcaption> El cine argentino lleg\u00f3 a Venecia con el \u00ablado oscuro\u00bb de la democracia. Foto: Prensa <\/figcaption><\/figure>\n<p>\u00abEl rapto\u00bb, cuarto largometraje de Daniela Goggi y<strong> \u00fanico t\u00edtulo argentino en el 80\u00b0 Festival de Cine de Venecia<\/strong> tuvo su aclamado estreno mundial en La Mostra donde compite en el apartado Orizzonti Extra.<\/p>\n<p><strong>El filme, inspirado en el libro \u00abEl salto de pap\u00e1\u00bb, de Mart\u00edn Sivak, y protagonizado por Rodrigo de la Serna<\/strong>, logra para su directora mostrar a ese \u00abenemigo invisible que segu\u00eda funcionando, los servicios de inteligencia de la dictadura\u00bb, seg\u00fan se\u00f1al\u00f3 en una entrevista con la agencia de noticias ANSA .<\/p>\n<p>La autora de las pel\u00edculas \u00abV\u00edsperas\u00bb (2007), \u00abAbzurdah\u00bb (2015)<\/p>\n<p>y \u00abEl hilo rojo\u00bb (2016), consider\u00f3 que en este nuevo trabajo aborda a \u00abese enemigo invisible que segu\u00eda funcionando, los servicios de inteligencia de la dictadura, que hac\u00edan de dobles agentes, pues ten\u00edan toda la informaci\u00f3n de la dictadura. No era un enemigo puntual. El mal era capilar, y cuando eso pasa no se controla\u00bb.<\/p>\n<figure class=\"mb-3\"><img loading=\"lazy\" data-src=\"http:\/\/nuevacordoba.net\/wp-content\/uploads\/2023\/09\/el-cine-argentino-llego-a-venecia-con-el-lado-oscuro-de-la-democracia-1.jpg\" src=\"https:\/\/www.telam.com.ar\/assets\/img\/not_image.png\" class=\" lazy \" width=\"100%\" height=\"100%\" alt=\"El filme es del director Martn Sivak y protagonizado por Rodrigo de la Serna Foto Prensa\"><figcaption> El filme es del director Mart\u00edn Sivak y protagonizado por Rodrigo de la Serna. Foto: Prensa <\/figcaption><\/figure>\n<p>En la cinta, <strong>De la Serna encarna a Julio Levy, quien tras el exilio regresa en los a\u00f1os 80 a la empresa familiar que funcionaba en Argentina y su hermano es secuestrado.<\/strong><\/p>\n<p>Goggi, una ni\u00f1a en la transici\u00f3n, recuerda de aquel periodo <strong>\u00abla sensaci\u00f3n de euforia e incertidumbre. Era tal el deseo de tener un pa\u00eds democr\u00e1tico que se pensaba que las instituciones se iban a alinear con el proyecto democr\u00e1tico\u00bb.<\/strong><\/p>\n<p>La cineasta apunt\u00f3 que con esta pel\u00edcula quiso hacer un homenaje a la generaci\u00f3n de sus padres, \u00abque fue muy golpeada y a todo el esfuerzo que hicieron, con un blindaje emocional incluido para poder sobrevivir\u00bb.<\/p>\n<figure class=\"mb-3\"><img loading=\"lazy\" data-src=\"http:\/\/nuevacordoba.net\/wp-content\/uploads\/2023\/09\/el-cine-argentino-llego-a-venecia-con-el-lado-oscuro-de-la-democracia-2.jpg\" src=\"https:\/\/www.telam.com.ar\/assets\/img\/not_image.png\" class=\" lazy \" width=\"100%\" height=\"100%\" alt=\"De la Serna encarna a Julio Levy quien tras el exilio regresa en los aos 80 a la empresa familiar que funcionaba en Argentina Foto Prensa\"><figcaption> De la Serna encarna a Julio Levy, quien tras el exilio regresa en los a\u00f1os 80 a la empresa familiar que funcionaba en Argentina. Foto: Prensa <\/figcaption><\/figure>\n<p><strong>De la premiere de \u00abEl rapto\u00bb en Venecia tomaron parte su directora y su protagonista<\/strong>, adem\u00e1s de los productores del filme generado por Paramount+, Benjam\u00edn Domenech (Rei Cine) y Cindy Teperman y Phin Glynn (Infinity Hill).<\/p>\n<p>El camino internacional de la pel\u00edcula tambi\u00e9n actuada por Julieta Zylberberg, Lautaro P\u00e9rez Hillal, Lola Loyacono, Andrea Garrote, Germ\u00e1n Palacios y Jorge Marrale, seguir\u00e1 en la categor\u00eda \u201cSpecial Presentations\u201d del Festival de Cine de Toronto (a realizarse entre el 7 y el 17 del corriente) y su estreno nacional se concretar\u00e1 en octubre. <\/p>\n","protected":false},"excerpt":{"rendered":"<p>El cine argentino lleg\u00f3 a Venecia con el \u00ablado oscuro\u00bb de la democracia. Foto: Prensa \u00abEl rapto\u00bb, cuarto largometraje de Daniela Goggi y \u00fanico t\u00edtulo argentino en el 80\u00b0 Festival de Cine de Venecia tuvo su aclamado estreno mundial en La Mostra donde compite en el apartado Orizzonti Extra. El filme, inspirado en el libro [&hellip;]<\/p>\n","protected":false},"author":1,"featured_media":36157,"comment_status":"closed","ping_status":"closed","sticky":false,"template":"","format":"standard","meta":[],"categories":[9],"tags":[],"_links":{"self":[{"href":"http:\/\/nuevacordoba.net\/index.php\/wp-json\/wp\/v2\/posts\/36156"}],"collection":[{"href":"http:\/\/nuevacordoba.net\/index.php\/wp-json\/wp\/v2\/posts"}],"about":[{"href":"http:\/\/nuevacordoba.net\/index.php\/wp-json\/wp\/v2\/types\/post"}],"author":[{"embeddable":true,"href":"http:\/\/nuevacordoba.net\/index.php\/wp-json\/wp\/v2\/users\/1"}],"replies":[{"embeddable":true,"href":"http:\/\/nuevacordoba.net\/index.php\/wp-json\/wp\/v2\/comments?post=36156"}],"version-history":[{"count":0,"href":"http:\/\/nuevacordoba.net\/index.php\/wp-json\/wp\/v2\/posts\/36156\/revisions"}],"wp:featuredmedia":[{"embeddable":true,"href":"http:\/\/nuevacordoba.net\/index.php\/wp-json\/wp\/v2\/media\/36157"}],"wp:attachment":[{"href":"http:\/\/nuevacordoba.net\/index.php\/wp-json\/wp\/v2\/media?parent=36156"}],"wp:term":[{"taxonomy":"category","embeddable":true,"href":"http:\/\/nuevacordoba.net\/index.php\/wp-json\/wp\/v2\/categories?post=36156"},{"taxonomy":"post_tag","embeddable":true,"href":"http:\/\/nuevacordoba.net\/index.php\/wp-json\/wp\/v2\/tags?post=36156"}],"curies":[{"name":"wp","href":"https:\/\/api.w.org\/{rel}","templated":true}]}}