{"id":36158,"date":"2023-09-03T17:58:03","date_gmt":"2023-09-03T17:58:03","guid":{"rendered":"https:\/\/www.bbc.com\/mundo\/articles\/cm5x39rkxxro"},"modified":"2023-09-03T17:58:03","modified_gmt":"2023-09-03T17:58:03","slug":"golda-meir-la-dama-de-hierro-de-medio-oriente-cuyo-legado-en-israel-quedo-arruinado-por-la-guerra-de-yom-kipur","status":"publish","type":"post","link":"http:\/\/nuevacordoba.net\/index.php\/2023\/09\/03\/golda-meir-la-dama-de-hierro-de-medio-oriente-cuyo-legado-en-israel-quedo-arruinado-por-la-guerra-de-yom-kipur\/","title":{"rendered":"Golda Meir, la \u00abdama de hierro de Medio Oriente\u00bb cuyo legado en Israel qued\u00f3 arruinado por la guerra de Yom Kipur"},"content":{"rendered":"<div dir=\"ltr\" class=\"bbc-1ka88fa ebmt73l0\">\n<figure class=\"bbc-1qdcvv9 e1aczekt0\">\n<div dir=\"ltr\" class=\"bbc-172p16q ebmt73l0\">\n<div dir=\"ltr\" class=\"bbc-189y18v ebmt73l0\" readability=\"6.5\">\n<div data-e2e=\"image-placeholder\" class=\"bbc-997y1y eihqrxw0\" readability=\"8\"><img loading=\"lazy\" sizes=\"(min-width: 1008px) 760px, 100vw\" srcset=\"http:\/\/nuevacordoba.net\/wp-content\/uploads\/2023\/09\/golda-meir-la-dama-de-hierro-de-medio-oriente-cuyo-legado-en-israel-quedo-arruinado-por-la-guerra-de-yom-kipur-10.jpg 240w, http:\/\/nuevacordoba.net\/wp-content\/uploads\/2023\/09\/golda-meir-la-dama-de-hierro-de-medio-oriente-cuyo-legado-en-israel-quedo-arruinado-por-la-guerra-de-yom-kipur-11.jpg 320w, http:\/\/nuevacordoba.net\/wp-content\/uploads\/2023\/09\/golda-meir-la-dama-de-hierro-de-medio-oriente-cuyo-legado-en-israel-quedo-arruinado-por-la-guerra-de-yom-kipur-12.jpg 480w, http:\/\/nuevacordoba.net\/wp-content\/uploads\/2023\/09\/golda-meir-la-dama-de-hierro-de-medio-oriente-cuyo-legado-en-israel-quedo-arruinado-por-la-guerra-de-yom-kipur-13.jpg 624w, http:\/\/nuevacordoba.net\/wp-content\/uploads\/2023\/09\/golda-meir-la-dama-de-hierro-de-medio-oriente-cuyo-legado-en-israel-quedo-arruinado-por-la-guerra-de-yom-kipur-14.jpg 800w\" src=\"http:\/\/nuevacordoba.net\/wp-content\/uploads\/2023\/09\/golda-meir-la-dama-de-hierro-de-medio-oriente-cuyo-legado-en-israel-quedo-arruinado-por-la-guerra-de-yom-kipur.jpg\" alt=\"Golda Meir\" width=\"940\" height=\"529\" class=\"e3vrtyk0 bbc-rb7xa0 e1mo64ex0\"><\/p>\n<p role=\"text\" class=\"bbc-1s1cxbv ewbcsnk0\"><span class=\"bbc-m04vo2\">Fuente de la imagen, <\/span><span lang=\"en-GB\">Getty<\/span><\/p>\n<\/div>\n<\/div>\n<div dir=\"ltr\" class=\"bbc-3edg7g ebmt73l0\" readability=\"6\"><figcaption dir=\"ltr\" class=\"bbc-rhuvwm e6i104o0\" readability=\"2\"><span class=\"bbc-m04vo2\">Pie de foto, <\/span><\/p>\n<p>Golda Meir fue una figura clave en la creaci\u00f3n y en la consolidaci\u00f3n del Estado de Israel.<\/p>\n<\/figcaption><\/div>\n<\/div>\n<\/figure>\n<\/div>\n<section role=\"region\" aria-labelledby=\"article-byline\" class=\"bbc-1vjaf6b\"><strong id=\"article-byline\" aria-hidden=\"true\" class=\"bbc-m04vo2\">Article information<\/strong><\/section>\n<div dir=\"ltr\" class=\"bbc-19j92fr ebmt73l0\" readability=\"7\">\n<p dir=\"ltr\" class=\"bbc-hhl7in e17g058b0\"><b>Golda Meir vivi\u00f3 su vida siendo casi siempre la \u00fanica mujer en un cuarto lleno de hombres. <\/b><\/p>\n<\/div>\n<div dir=\"ltr\" class=\"bbc-19j92fr ebmt73l0\" readability=\"10\">\n<p dir=\"ltr\" class=\"bbc-hhl7in e17g058b0\">Nacida en una familia jud\u00eda en el imperio ruso, fue una pol\u00edtica y diplom\u00e1tica que impuls\u00f3 la creaci\u00f3n del Estado de Israel y lleg\u00f3 a convertirse en <b>la \u00fanica mujer hasta ahora en ser primera ministra de ese pa\u00eds. <\/b><\/p>\n<\/div>\n<div dir=\"ltr\" class=\"bbc-19j92fr ebmt73l0\" readability=\"10\">\n<p dir=\"ltr\" class=\"bbc-hhl7in e17g058b0\">Estando en ese cargo, tuvo que enfrentar en 1973 <b>la guerra de Yom Kipur<\/b>, contra una coalici\u00f3n \u00e1rabe liderada por Egipto y Siria; un conflicto que transform\u00f3 el mapa de Medio Oriente hasta hoy. <\/p>\n<\/div>\n<div dir=\"ltr\" class=\"bbc-19j92fr ebmt73l0\" readability=\"7\">\n<p dir=\"ltr\" class=\"bbc-hhl7in e17g058b0\">Fue una guerra que tom\u00f3 por sorpresa a Israel y le cost\u00f3 a ella su cargo y su prestigio.<\/p>\n<\/div>\n<div dir=\"ltr\" class=\"bbc-19j92fr ebmt73l0\" readability=\"10\">\n<p dir=\"ltr\" class=\"bbc-hhl7in e17g058b0\">Esa es la historia que retrata \u201cGolda\u201d, el drama b\u00e9lico del director israel\u00ed ganador del \u00d3scar <b>Guy Nattiv<\/b> que protagoniza la legendaria actriz brit\u00e1nica <b>Helen Mirren<\/b> -tambi\u00e9n ganadora del \u00d3scar- y que llegar\u00e1 a las salas de cine en Am\u00e9rica Latina en septiembre. <\/p>\n<\/div>\n<div dir=\"ltr\" class=\"bbc-19j92fr ebmt73l0\" readability=\"12\">\n<p dir=\"ltr\" class=\"bbc-hhl7in e17g058b0\">Meir dedic\u00f3 su vida entera al sue\u00f1o de un Estado jud\u00edo. Tras su muerte, Shimon Peres, quien entonces era l\u00edder del Partido Laborista, la describi\u00f3 como una \u201cleona leal\u201d. Y ese mismo nombre le dio la escritora Francine Klagsbrun a una de las muchas biograf\u00edas que se han escrito sobre Meir.<\/p>\n<\/div>\n<div dir=\"ltr\" class=\"bbc-19j92fr ebmt73l0\" readability=\"7\">\n<p dir=\"ltr\" class=\"bbc-hhl7in e17g058b0\">Tambi\u00e9n se le conoce como la \u00abdama de hierro de Medio Oriente\u00bb.<\/p>\n<\/div>\n<div dir=\"ltr\" class=\"bbc-19j92fr ebmt73l0\" readability=\"9\">\n<p dir=\"ltr\" class=\"bbc-hhl7in e17g058b0\">Sin duda, fue una mujer que dej\u00f3 en Israel un legado indeleble pero para nada exento de controversias. <\/p>\n<\/div>\n<p><h2 id=\"Un-sue\u00f1o-llamado-Israel\" tabindex=\"-1\" class=\"bbc-1f03ibc eglt09e0\">Un sue\u00f1o llamado Israel<\/h2>\n<\/p>\n<div dir=\"ltr\" class=\"bbc-1ka88fa ebmt73l0\">\n<figure class=\"bbc-1qdcvv9 e1aczekt0\">\n<div dir=\"ltr\" class=\"bbc-172p16q ebmt73l0\">\n<div dir=\"ltr\" class=\"bbc-189y18v ebmt73l0\" readability=\"6.5\">\n<div data-e2e=\"image-placeholder\" class=\"bbc-997y1y eihqrxw0\" readability=\"8\"><noscript><img loading=\"lazy\" sizes=\"(min-width: 1008px) 760px, 100vw\" srcset=\"http:\/\/nuevacordoba.net\/wp-content\/uploads\/2023\/09\/golda-meir-la-dama-de-hierro-de-medio-oriente-cuyo-legado-en-israel-quedo-arruinado-por-la-guerra-de-yom-kipur-15.jpg 240w, http:\/\/nuevacordoba.net\/wp-content\/uploads\/2023\/09\/golda-meir-la-dama-de-hierro-de-medio-oriente-cuyo-legado-en-israel-quedo-arruinado-por-la-guerra-de-yom-kipur-16.jpg 320w, http:\/\/nuevacordoba.net\/wp-content\/uploads\/2023\/09\/golda-meir-la-dama-de-hierro-de-medio-oriente-cuyo-legado-en-israel-quedo-arruinado-por-la-guerra-de-yom-kipur-17.jpg 480w, http:\/\/nuevacordoba.net\/wp-content\/uploads\/2023\/09\/golda-meir-la-dama-de-hierro-de-medio-oriente-cuyo-legado-en-israel-quedo-arruinado-por-la-guerra-de-yom-kipur-18.jpg 624w, http:\/\/nuevacordoba.net\/wp-content\/uploads\/2023\/09\/golda-meir-la-dama-de-hierro-de-medio-oriente-cuyo-legado-en-israel-quedo-arruinado-por-la-guerra-de-yom-kipur-19.jpg 800w\" src=\"http:\/\/nuevacordoba.net\/wp-content\/uploads\/2023\/09\/golda-meir-la-dama-de-hierro-de-medio-oriente-cuyo-legado-en-israel-quedo-arruinado-por-la-guerra-de-yom-kipur-1.jpg\" alt=\"Golda Meir\" width=\"1024\" height=\"576\" class=\"e3vrtyk0 bbc-rb7xa0 e1mo64ex0\"><\/noscript><\/p>\n<p role=\"text\" class=\"bbc-1s1cxbv ewbcsnk0\"><span class=\"bbc-m04vo2\">Fuente de la imagen, <\/span><span lang=\"en-GB\">Getty Images<\/span><\/p>\n<\/div>\n<\/div>\n<div dir=\"ltr\" class=\"bbc-3edg7g ebmt73l0\" readability=\"6\"><figcaption dir=\"ltr\" class=\"bbc-rhuvwm e6i104o0\" readability=\"2\"><span class=\"bbc-m04vo2\">Pie de foto, <\/span><\/p>\n<p>Meir fue casi siempre la \u00fanica mujer en las salas del poder.<\/p>\n<\/figcaption><\/div>\n<\/div>\n<\/figure>\n<\/div>\n<div dir=\"ltr\" class=\"bbc-19j92fr ebmt73l0\" readability=\"12\">\n<p dir=\"ltr\" class=\"bbc-hhl7in e17g058b0\">El a\u00f1o 1898, cuando naci\u00f3 Meir, en Kyiv, Ucrania (que entonces estaba anexada al Imperio ruso), no era un momento ni un lugar exactamente favorable para una familia jud\u00eda como la suya. <\/p>\n<\/div>\n<div dir=\"ltr\" class=\"bbc-19j92fr ebmt73l0\" readability=\"9\">\n<p dir=\"ltr\" class=\"bbc-hhl7in e17g058b0\">Meir misma contaba que sus primeros recuerdos de infancia eran de su pap\u00e1 tratando de asegurar su casa cuando se ven\u00edan los pogromos, los linchamientos antisemitas entonces comunes en Rusia. <\/p>\n<\/div>\n<div dir=\"ltr\" class=\"bbc-19j92fr ebmt73l0\" readability=\"11\">\n<p dir=\"ltr\" class=\"bbc-hhl7in e17g058b0\">Asediados por la pobreza y la exclusi\u00f3n, cuando Meir ten\u00eda 8 a\u00f1os, ella y su familia migraron a Estados Unidos, donde vivi\u00f3 durante 15 a\u00f1os. <\/p>\n<\/div>\n<div dir=\"ltr\" class=\"bbc-19j92fr ebmt73l0\" readability=\"9\">\n<p dir=\"ltr\" class=\"bbc-hhl7in e17g058b0\">Fue en la cocina de la casa de su hermana en Denver donde Meir oy\u00f3 por primera vez hablar de lo que ser\u00eda su obsesi\u00f3n desde entonces: <b>el proyecto de que el pueblo jud\u00edo retornara a la antigua tierra de Israel y fundara un Estado all\u00ed. <\/b><\/p>\n<\/div>\n<div dir=\"ltr\" class=\"bbc-19j92fr ebmt73l0\" readability=\"11\">\n<p dir=\"ltr\" class=\"bbc-hhl7in e17g058b0\">Unos a\u00f1os despu\u00e9s, convencida de ese sue\u00f1o, Meir se mud\u00f3 a un kibutz (una peque\u00f1a comuna agr\u00edcola jud\u00eda) en Palestina, en 1921. <\/p>\n<\/div>\n<div dir=\"ltr\" class=\"bbc-19j92fr ebmt73l0\" readability=\"13\">\n<p dir=\"ltr\" class=\"bbc-hhl7in e17g058b0\">\u201cCre\u00eda que, como jud\u00eda, pertenec\u00eda a Palestina\u201d, escribi\u00f3 en 1975 en su autobiograf\u00eda \u201cMi vida\u201d, refiri\u00e9ndose al territorio entonces administrado por Reino Unido y que durante cuatro siglos hab\u00eda estado dominado por el Imperio Otomano. <\/p>\n<\/div>\n<div dir=\"ltr\" class=\"bbc-19j92fr ebmt73l0\" readability=\"8\">\n<p dir=\"ltr\" class=\"bbc-hhl7in e17g058b0\">Ya en Palestina, form\u00f3 una familia y comenz\u00f3 su carrera pol\u00edtica en los sindicatos de mujeres. <\/p>\n<\/div>\n<div dir=\"ltr\" class=\"bbc-19j92fr ebmt73l0\">\n<figure class=\"bbc-1qdcvv9 e1aczekt0\">\n<div dir=\"ltr\" class=\"bbc-37mmq3 ebmt73l0\">\n<div dir=\"ltr\" class=\"bbc-189y18v ebmt73l0\" readability=\"6.5\">\n<div data-e2e=\"image-placeholder\" class=\"bbc-997y1y eihqrxw0\" readability=\"8\"><noscript><img loading=\"lazy\" sizes=\"(min-width: 1008px) 760px, 100vw\" srcset=\"http:\/\/nuevacordoba.net\/wp-content\/uploads\/2023\/09\/golda-meir-la-dama-de-hierro-de-medio-oriente-cuyo-legado-en-israel-quedo-arruinado-por-la-guerra-de-yom-kipur-20.jpg 240w, http:\/\/nuevacordoba.net\/wp-content\/uploads\/2023\/09\/golda-meir-la-dama-de-hierro-de-medio-oriente-cuyo-legado-en-israel-quedo-arruinado-por-la-guerra-de-yom-kipur-21.jpg 320w, http:\/\/nuevacordoba.net\/wp-content\/uploads\/2023\/09\/golda-meir-la-dama-de-hierro-de-medio-oriente-cuyo-legado-en-israel-quedo-arruinado-por-la-guerra-de-yom-kipur-22.jpg 480w, http:\/\/nuevacordoba.net\/wp-content\/uploads\/2023\/09\/golda-meir-la-dama-de-hierro-de-medio-oriente-cuyo-legado-en-israel-quedo-arruinado-por-la-guerra-de-yom-kipur-23.jpg 624w, http:\/\/nuevacordoba.net\/wp-content\/uploads\/2023\/09\/golda-meir-la-dama-de-hierro-de-medio-oriente-cuyo-legado-en-israel-quedo-arruinado-por-la-guerra-de-yom-kipur-24.jpg 800w\" src=\"http:\/\/nuevacordoba.net\/wp-content\/uploads\/2023\/09\/golda-meir-la-dama-de-hierro-de-medio-oriente-cuyo-legado-en-israel-quedo-arruinado-por-la-guerra-de-yom-kipur-2.jpg\" alt=\"Golda Meir\" width=\"821\" height=\"821\" class=\"e3vrtyk0 bbc-rb7xa0 e1mo64ex0\"><\/noscript><\/p>\n<p role=\"text\" class=\"bbc-1s1cxbv ewbcsnk0\"><span class=\"bbc-m04vo2\">Fuente de la imagen, <\/span><span lang=\"en-GB\">Getty Images<\/span><\/p>\n<\/div>\n<\/div>\n<div dir=\"ltr\" class=\"bbc-3edg7g ebmt73l0\" readability=\"6\"><figcaption dir=\"ltr\" class=\"bbc-rhuvwm e6i104o0\" readability=\"2\"><span class=\"bbc-m04vo2\">Pie de foto, <\/span><\/p>\n<p>Golda Meir en la conmemoraci\u00f3n de los cinco a\u00f1os del Estado de Israel en las Naciones Unidas.<\/p>\n<\/figcaption><\/div>\n<\/div>\n<\/figure>\n<\/div>\n<p><h2 id=\"Su-firma-en-la-independencia\" tabindex=\"-1\" class=\"bbc-1f03ibc eglt09e0\">Su firma en la independencia<\/h2>\n<\/p>\n<div dir=\"ltr\" class=\"bbc-19j92fr ebmt73l0\" readability=\"11\">\n<p dir=\"ltr\" class=\"bbc-hhl7in e17g058b0\">Despu\u00e9s de la Segunda Guerra Mundial, Meir cobr\u00f3 una especial relevancia porque se convirti\u00f3 en <b>la principal negociadora entre los jud\u00edos en Palestina y las autoridades brit\u00e1nicas, <\/b>que entonces administraban la regi\u00f3n. <\/p>\n<\/div>\n<div dir=\"ltr\" class=\"bbc-19j92fr ebmt73l0\" readability=\"11\">\n<p dir=\"ltr\" class=\"bbc-hhl7in e17g058b0\">Como resultado de esa negociaci\u00f3n y con la sensibilidad del mundo puesta en el pueblo jud\u00edo despu\u00e9s de la tragedia del Holocausto, termin\u00f3 en 1948 la administraci\u00f3n brit\u00e1nica sobre ese territorio y <b>se declar\u00f3 la independencia de Israel, de la que ella fue firmante. <\/b><\/p>\n<\/div>\n<div dir=\"ltr\" class=\"bbc-19j92fr ebmt73l0\" readability=\"7\">\n<p dir=\"ltr\" class=\"bbc-hhl7in e17g058b0\">Ese fue tambi\u00e9n el inicio del largo conflicto \u00e1rabe-israel\u00ed que se prolonga hasta hoy. <\/p>\n<\/div>\n<div dir=\"ltr\" class=\"bbc-19j92fr ebmt73l0\" readability=\"10\">\n<p dir=\"ltr\" class=\"bbc-hhl7in e17g058b0\">En ese contexto, Meir recaud\u00f3 en Estados Unidos US$50 millones para financiar el Estado naciente, dinero que se us\u00f3 para armar a Israel contra sus enemigos \u00e1rabes. <\/p>\n<\/div>\n<div dir=\"ltr\" class=\"bbc-19j92fr ebmt73l0\" readability=\"15\">\n<p dir=\"ltr\" class=\"bbc-hhl7in e17g058b0\">Para los \u00e1rabes que viv\u00edan en Palestina, la independencia de Israel signific\u00f3 el comienzo de la Nakba, el \u00e9xodo al que se vieron sometidos y por el que hasta hoy muchas familias permanecen refugiadas en Jordania, L\u00edbano, Siria, as\u00ed como en Cisjordania, la Franja de Gaza y otros lugares. <\/p>\n<\/div>\n<div dir=\"ltr\" class=\"bbc-1ka88fa ebmt73l0\">\n<figure class=\"bbc-1qdcvv9 e1aczekt0\">\n<div dir=\"ltr\" class=\"bbc-172p16q ebmt73l0\">\n<div dir=\"ltr\" class=\"bbc-189y18v ebmt73l0\" readability=\"6.5\">\n<div data-e2e=\"image-placeholder\" class=\"bbc-997y1y eihqrxw0\" readability=\"8\"><noscript><img loading=\"lazy\" sizes=\"(min-width: 1008px) 760px, 100vw\" srcset=\"http:\/\/nuevacordoba.net\/wp-content\/uploads\/2023\/09\/golda-meir-la-dama-de-hierro-de-medio-oriente-cuyo-legado-en-israel-quedo-arruinado-por-la-guerra-de-yom-kipur-25.jpg 240w, http:\/\/nuevacordoba.net\/wp-content\/uploads\/2023\/09\/golda-meir-la-dama-de-hierro-de-medio-oriente-cuyo-legado-en-israel-quedo-arruinado-por-la-guerra-de-yom-kipur-26.jpg 320w, http:\/\/nuevacordoba.net\/wp-content\/uploads\/2023\/09\/golda-meir-la-dama-de-hierro-de-medio-oriente-cuyo-legado-en-israel-quedo-arruinado-por-la-guerra-de-yom-kipur-27.jpg 480w, http:\/\/nuevacordoba.net\/wp-content\/uploads\/2023\/09\/golda-meir-la-dama-de-hierro-de-medio-oriente-cuyo-legado-en-israel-quedo-arruinado-por-la-guerra-de-yom-kipur-28.jpg 624w, http:\/\/nuevacordoba.net\/wp-content\/uploads\/2023\/09\/golda-meir-la-dama-de-hierro-de-medio-oriente-cuyo-legado-en-israel-quedo-arruinado-por-la-guerra-de-yom-kipur-29.jpg 800w\" src=\"http:\/\/nuevacordoba.net\/wp-content\/uploads\/2023\/09\/golda-meir-la-dama-de-hierro-de-medio-oriente-cuyo-legado-en-israel-quedo-arruinado-por-la-guerra-de-yom-kipur-3.jpg\" alt=\"Declaraci\u00f3n de independencia de Israel\" width=\"1610\" height=\"906\" class=\"e3vrtyk0 bbc-rb7xa0 e1mo64ex0\"><\/noscript><\/p>\n<p role=\"text\" class=\"bbc-1s1cxbv ewbcsnk0\"><span class=\"bbc-m04vo2\">Fuente de la imagen, <\/span><span lang=\"en-GB\">Getty Images<\/span><\/p>\n<\/div>\n<\/div>\n<div dir=\"ltr\" class=\"bbc-3edg7g ebmt73l0\" readability=\"7.5\"><figcaption dir=\"ltr\" class=\"bbc-rhuvwm e6i104o0\" readability=\"5\"><span class=\"bbc-m04vo2\">Pie de foto, <\/span><\/p>\n<p>Declaraci\u00f3n de independencia de Israel en mayo de 1948. El entonces primer ministro, David Ben Gurion (en la foto), describi\u00f3 a Meir como \u201cel \u00fanico hombre en su gabinete\u201d.<\/p>\n<\/figcaption><\/div>\n<\/div>\n<\/figure>\n<\/div>\n<p><h2 id=\"Una-mujer-de-Estado\" tabindex=\"-1\" class=\"bbc-1f03ibc eglt09e0\">Una mujer de Estado<\/h2>\n<\/p>\n<div dir=\"ltr\" class=\"bbc-19j92fr ebmt73l0\" readability=\"10\">\n<p dir=\"ltr\" class=\"bbc-hhl7in e17g058b0\">Despu\u00e9s de la fundaci\u00f3n de Israel, Meir lider\u00f3 las complicadas relaciones diplom\u00e1ticas con Rusia, fue ministra de Trabajo por 7 a\u00f1os y ministra de Relaciones Exteriores por 10 a\u00f1os m\u00e1s. <\/p>\n<\/div>\n<div dir=\"ltr\" class=\"bbc-19j92fr ebmt73l0\" readability=\"9\">\n<p dir=\"ltr\" class=\"bbc-hhl7in e17g058b0\"><b>Fueron a\u00f1os en los que ella logr\u00f3 misiones tit\u00e1nicas en medio de aguas turbulentas. <\/b>En su autobiograf\u00eda, los describi\u00f3 como los m\u00e1s felices de su vida. <\/p>\n<\/div>\n<div dir=\"ltr\" class=\"bbc-19j92fr ebmt73l0\" readability=\"8\">\n<p dir=\"ltr\" class=\"bbc-hhl7in e17g058b0\">Estuvo al frente de la construcci\u00f3n de unas 200.000 viviendas para integrar en la fuerza laboral de Israel a los cientos de miles de migrantes jud\u00edos que llegaron en esos a\u00f1os. <\/p>\n<\/div>\n<div dir=\"ltr\" class=\"bbc-19j92fr ebmt73l0\" readability=\"9\">\n<p dir=\"ltr\" class=\"bbc-hhl7in e17g058b0\">Y a pesar de las fragilidades econ\u00f3micas del pa\u00eds, logr\u00f3 construir un sistema de seguridad social y licencias de maternidad. <\/p>\n<\/div>\n<div dir=\"ltr\" class=\"bbc-19j92fr ebmt73l0\" readability=\"9\">\n<p dir=\"ltr\" class=\"bbc-hhl7in e17g058b0\">Luego, como la l\u00edder diplom\u00e1tica de su pa\u00eds se volvi\u00f3 un personaje crucial en la geopol\u00edtica mundial. <\/p>\n<\/div>\n<div dir=\"ltr\" class=\"bbc-19j92fr ebmt73l0\" readability=\"8\">\n<p dir=\"ltr\" class=\"bbc-hhl7in e17g058b0\">Fue la voz de Israel en las Naciones Unidas cuando su pa\u00eds lanz\u00f3 un ataque contra Egipto en 1956 para ganar el control sobre el Canal de Suez y convenci\u00f3 a Estados Unidos de que le vendiera armas. <\/p>\n<\/div>\n<div dir=\"ltr\" class=\"bbc-19j92fr ebmt73l0\" readability=\"14\">\n<p dir=\"ltr\" class=\"bbc-hhl7in e17g058b0\">\u201cLa gente olvida que la alianza entre Estados Unidos e Israel, que ven\u00eda de la cima del gobierno estadounidense, no era tan clara antes de que Golda fuera ministra de Relaciones Exteriores. <b>Pero Golda hizo que eso sucediera<\/b>\u00ab, le dijo Elinor Burkett, bi\u00f3grafa de Meir, al medio Al Jazeera. <\/p>\n<\/div>\n<div dir=\"ltr\" class=\"bbc-19j92fr ebmt73l0\" readability=\"8\">\n<p dir=\"ltr\" class=\"bbc-hhl7in e17g058b0\">Tambi\u00e9n logr\u00f3 sumar el apoyo y el reconocimiento al Estado de Israel de muchos Estados africanos tambi\u00e9n reci\u00e9n independizados.<\/p>\n<\/div>\n<div dir=\"ltr\" class=\"bbc-1ka88fa ebmt73l0\">\n<figure class=\"bbc-1qdcvv9 e1aczekt0\">\n<div dir=\"ltr\" class=\"bbc-172p16q ebmt73l0\">\n<div dir=\"ltr\" class=\"bbc-189y18v ebmt73l0\" readability=\"6.5\">\n<div data-e2e=\"image-placeholder\" class=\"bbc-997y1y eihqrxw0\" readability=\"8\"><noscript><img loading=\"lazy\" sizes=\"(min-width: 1008px) 760px, 100vw\" srcset=\"http:\/\/nuevacordoba.net\/wp-content\/uploads\/2023\/09\/golda-meir-la-dama-de-hierro-de-medio-oriente-cuyo-legado-en-israel-quedo-arruinado-por-la-guerra-de-yom-kipur-30.jpg 240w, http:\/\/nuevacordoba.net\/wp-content\/uploads\/2023\/09\/golda-meir-la-dama-de-hierro-de-medio-oriente-cuyo-legado-en-israel-quedo-arruinado-por-la-guerra-de-yom-kipur-31.jpg 320w, http:\/\/nuevacordoba.net\/wp-content\/uploads\/2023\/09\/golda-meir-la-dama-de-hierro-de-medio-oriente-cuyo-legado-en-israel-quedo-arruinado-por-la-guerra-de-yom-kipur-32.jpg 480w, http:\/\/nuevacordoba.net\/wp-content\/uploads\/2023\/09\/golda-meir-la-dama-de-hierro-de-medio-oriente-cuyo-legado-en-israel-quedo-arruinado-por-la-guerra-de-yom-kipur-33.jpg 624w, http:\/\/nuevacordoba.net\/wp-content\/uploads\/2023\/09\/golda-meir-la-dama-de-hierro-de-medio-oriente-cuyo-legado-en-israel-quedo-arruinado-por-la-guerra-de-yom-kipur-34.jpg 800w\" src=\"http:\/\/nuevacordoba.net\/wp-content\/uploads\/2023\/09\/golda-meir-la-dama-de-hierro-de-medio-oriente-cuyo-legado-en-israel-quedo-arruinado-por-la-guerra-de-yom-kipur-4.jpg\" alt=\"Golda Meir\" width=\"1024\" height=\"576\" class=\"e3vrtyk0 bbc-rb7xa0 e1mo64ex0\"><\/noscript><\/p>\n<p role=\"text\" class=\"bbc-1s1cxbv ewbcsnk0\"><span class=\"bbc-m04vo2\">Fuente de la imagen, <\/span><span lang=\"en-GB\">Getty Images<\/span><\/p>\n<\/div>\n<\/div>\n<div dir=\"ltr\" class=\"bbc-3edg7g ebmt73l0\" readability=\"6\"><figcaption dir=\"ltr\" class=\"bbc-rhuvwm e6i104o0\" readability=\"2\"><span class=\"bbc-m04vo2\">Pie de foto, <\/span><\/p>\n<p>Golda Meir cuando era Ministra de Trabajo de Israel.<\/p>\n<\/figcaption><\/div>\n<\/div>\n<\/figure>\n<\/div>\n<p><h2 id=\"La-guerra-que-arruin\u00f3-su-reputaci\u00f3n\" tabindex=\"-1\" class=\"bbc-1f03ibc eglt09e0\">La guerra que arruin\u00f3 su reputaci\u00f3n<\/h2>\n<\/p>\n<div dir=\"ltr\" class=\"bbc-1ka88fa ebmt73l0\">\n<figure class=\"bbc-1qdcvv9 e1aczekt0\">\n<div dir=\"ltr\" class=\"bbc-172p16q ebmt73l0\">\n<div dir=\"ltr\" class=\"bbc-189y18v ebmt73l0\" readability=\"6.5\">\n<div data-e2e=\"image-placeholder\" class=\"bbc-997y1y eihqrxw0\" readability=\"8\"><noscript><img loading=\"lazy\" sizes=\"(min-width: 1008px) 760px, 100vw\" srcset=\"http:\/\/nuevacordoba.net\/wp-content\/uploads\/2023\/09\/golda-meir-la-dama-de-hierro-de-medio-oriente-cuyo-legado-en-israel-quedo-arruinado-por-la-guerra-de-yom-kipur-35.jpg 240w, http:\/\/nuevacordoba.net\/wp-content\/uploads\/2023\/09\/golda-meir-la-dama-de-hierro-de-medio-oriente-cuyo-legado-en-israel-quedo-arruinado-por-la-guerra-de-yom-kipur-36.jpg 320w, http:\/\/nuevacordoba.net\/wp-content\/uploads\/2023\/09\/golda-meir-la-dama-de-hierro-de-medio-oriente-cuyo-legado-en-israel-quedo-arruinado-por-la-guerra-de-yom-kipur-37.jpg 480w, http:\/\/nuevacordoba.net\/wp-content\/uploads\/2023\/09\/golda-meir-la-dama-de-hierro-de-medio-oriente-cuyo-legado-en-israel-quedo-arruinado-por-la-guerra-de-yom-kipur-38.jpg 624w, http:\/\/nuevacordoba.net\/wp-content\/uploads\/2023\/09\/golda-meir-la-dama-de-hierro-de-medio-oriente-cuyo-legado-en-israel-quedo-arruinado-por-la-guerra-de-yom-kipur-39.jpg 800w\" src=\"http:\/\/nuevacordoba.net\/wp-content\/uploads\/2023\/09\/golda-meir-la-dama-de-hierro-de-medio-oriente-cuyo-legado-en-israel-quedo-arruinado-por-la-guerra-de-yom-kipur-5.jpg\" alt=\"Golda Meir\" width=\"1024\" height=\"576\" class=\"e3vrtyk0 bbc-rb7xa0 e1mo64ex0\"><\/noscript><\/p>\n<p role=\"text\" class=\"bbc-1s1cxbv ewbcsnk0\"><span class=\"bbc-m04vo2\">Fuente de la imagen, <\/span><span lang=\"en-GB\">Getty Images<\/span><\/p>\n<\/div>\n<\/div>\n<div dir=\"ltr\" class=\"bbc-3edg7g ebmt73l0\" readability=\"7\"><figcaption dir=\"ltr\" class=\"bbc-rhuvwm e6i104o0\" readability=\"4\"><span class=\"bbc-m04vo2\">Pie de foto, <\/span><\/p>\n<p>Durante sus a\u00f1os como primera ministra, Meir dijo que el mayor logro del pa\u00eds hab\u00eda sido su mera supervivencia.<\/p>\n<\/figcaption><\/div>\n<\/div>\n<\/figure>\n<\/div>\n<div dir=\"ltr\" class=\"bbc-19j92fr ebmt73l0\" readability=\"7\">\n<p dir=\"ltr\" class=\"bbc-hhl7in e17g058b0\">Meir fue elegida primera ministra cuando ya ten\u00eda 71 a\u00f1os. <\/p>\n<\/div>\n<div dir=\"ltr\" class=\"bbc-19j92fr ebmt73l0\" readability=\"12\">\n<p dir=\"ltr\" class=\"bbc-hhl7in e17g058b0\">Para entonces, ya hab\u00eda dado un paso al costado de los asuntos de Estado para lidiar con problemas de salud, pero ante la repentina muerte del primer ministro de turno en 1969, su partido clam\u00f3 su nombre para dirigir el pa\u00eds.<\/p>\n<\/div>\n<div dir=\"ltr\" class=\"bbc-19j92fr ebmt73l0\" readability=\"7\">\n<p dir=\"ltr\" class=\"bbc-hhl7in e17g058b0\">Eran tiempos dif\u00edciles para Israel.<\/p>\n<\/div>\n<div dir=\"ltr\" class=\"bbc-19j92fr ebmt73l0\" readability=\"10\">\n<p dir=\"ltr\" class=\"bbc-hhl7in e17g058b0\">Meir tuvo que enfrentar la masacre de M\u00fanich, ocurrida durante los Juegos Ol\u00edmpicos de 1972, en la que 11 atletas israel\u00edes fueron secuestrados y asesinados por un grupo armado palestino.<\/p>\n<\/div>\n<div dir=\"ltr\" class=\"bbc-19j92fr ebmt73l0\" readability=\"9\">\n<p dir=\"ltr\" class=\"bbc-hhl7in e17g058b0\">En ese momento, ella hizo un llamado al mundo para \u201csalvar a nuestros ciudadanos y condenar los atroces actos criminales cometidos\u201d. <\/p>\n<\/div>\n<div dir=\"ltr\" class=\"bbc-19j92fr ebmt73l0\" readability=\"12\">\n<p dir=\"ltr\" class=\"bbc-hhl7in e17g058b0\">Indignada por la falta de acci\u00f3n y presionada por la opini\u00f3n p\u00fablica, Meir mand\u00f3 a matar, a trav\u00e9s de una de las agencias de inteligencia de Israel, a los responsables. La operaci\u00f3n se conoci\u00f3 como<b> C\u00f3lera de Dios<\/b>.<\/p>\n<\/div>\n<div dir=\"ltr\" class=\"bbc-19j92fr ebmt73l0\" readability=\"10\">\n<p dir=\"ltr\" class=\"bbc-hhl7in e17g058b0\"><b>Pero lo que realmente eclips\u00f3 su gobierno y su legado fue su manejo de la guerra de Yom Kipur<\/b>, bautizada as\u00ed porque estall\u00f3 en octubre de 1973 durante la festividad jud\u00eda que lleva ese nombre y que es el d\u00eda m\u00e1s sagrado en esa religi\u00f3n. <\/p>\n<\/div>\n<div dir=\"ltr\" class=\"bbc-19j92fr ebmt73l0\" readability=\"9\">\n<p dir=\"ltr\" class=\"bbc-hhl7in e17g058b0\">A pesar de la experiencia que sumaba y de que conoc\u00eda por dentro el conflicto \u00e1rabe-israel\u00ed,<b> la ofensiva la tom\u00f3 por sorpresa<\/b>. <\/p>\n<\/div>\n<div dir=\"ltr\" class=\"bbc-19j92fr ebmt73l0\" readability=\"10\">\n<p dir=\"ltr\" class=\"bbc-hhl7in e17g058b0\">Despu\u00e9s de que el Rey de Jordania la alertara sobre la posibilidad de que se desatase una guerra, sus agentes de inteligencia determinaron que el riesgo era bajo y ella decidi\u00f3 no alistar las reservas. <\/p>\n<\/div>\n<div dir=\"ltr\" class=\"bbc-19j92fr ebmt73l0\" readability=\"7\">\n<p dir=\"ltr\" class=\"bbc-hhl7in e17g058b0\">Cuando los ataques simult\u00e1neos de Siria y Egipto se desataron ya era demasiado tarde. <\/p>\n<\/div>\n<div dir=\"ltr\" class=\"bbc-19j92fr ebmt73l0\" readability=\"8\">\n<p dir=\"ltr\" class=\"bbc-hhl7in e17g058b0\">El objetivo de los \u00e1rabes era recuperar territorio que hab\u00edan perdido a\u00f1os atr\u00e1s en la Guerra de los Seis D\u00edas de 1967. <\/p>\n<\/div>\n<div dir=\"ltr\" class=\"bbc-19j92fr ebmt73l0\" readability=\"10\">\n<p dir=\"ltr\" class=\"bbc-hhl7in e17g058b0\">Aunque Israel logr\u00f3 grandes triunfos militares tras la ofensiva, <b>las m\u00e1s de 2.700 bajas sufridas fueron vistas como un fracaso de Meir, quien renunci\u00f3 a su cargo en 1974. <\/b><\/p>\n<\/div>\n<div dir=\"ltr\" class=\"bbc-19j92fr ebmt73l0\" readability=\"9\">\n<p dir=\"ltr\" class=\"bbc-hhl7in e17g058b0\">La guerra dio paso a los Acuerdos de Camp David de 1978, que sellaron la paz entre Israel y Egipto y permitieron que este \u00faltimo recuperara el Sina\u00ed. <\/p>\n<\/div>\n<div dir=\"ltr\" class=\"bbc-1ka88fa ebmt73l0\">\n<figure class=\"bbc-1qdcvv9 e1aczekt0\">\n<div dir=\"ltr\" class=\"bbc-172p16q ebmt73l0\">\n<div dir=\"ltr\" class=\"bbc-189y18v ebmt73l0\" readability=\"6.5\">\n<div data-e2e=\"image-placeholder\" class=\"bbc-997y1y eihqrxw0\" readability=\"8\"><noscript><img loading=\"lazy\" sizes=\"(min-width: 1008px) 760px, 100vw\" srcset=\"http:\/\/nuevacordoba.net\/wp-content\/uploads\/2023\/09\/golda-meir-la-dama-de-hierro-de-medio-oriente-cuyo-legado-en-israel-quedo-arruinado-por-la-guerra-de-yom-kipur-40.jpg 240w, http:\/\/nuevacordoba.net\/wp-content\/uploads\/2023\/09\/golda-meir-la-dama-de-hierro-de-medio-oriente-cuyo-legado-en-israel-quedo-arruinado-por-la-guerra-de-yom-kipur-41.jpg 320w, http:\/\/nuevacordoba.net\/wp-content\/uploads\/2023\/09\/golda-meir-la-dama-de-hierro-de-medio-oriente-cuyo-legado-en-israel-quedo-arruinado-por-la-guerra-de-yom-kipur-42.jpg 480w, http:\/\/nuevacordoba.net\/wp-content\/uploads\/2023\/09\/golda-meir-la-dama-de-hierro-de-medio-oriente-cuyo-legado-en-israel-quedo-arruinado-por-la-guerra-de-yom-kipur-43.jpg 624w, http:\/\/nuevacordoba.net\/wp-content\/uploads\/2023\/09\/golda-meir-la-dama-de-hierro-de-medio-oriente-cuyo-legado-en-israel-quedo-arruinado-por-la-guerra-de-yom-kipur-44.jpg 800w\" src=\"http:\/\/nuevacordoba.net\/wp-content\/uploads\/2023\/09\/golda-meir-la-dama-de-hierro-de-medio-oriente-cuyo-legado-en-israel-quedo-arruinado-por-la-guerra-de-yom-kipur-6.jpg\" alt=\"Golda Meir\" width=\"1024\" height=\"576\" class=\"e3vrtyk0 bbc-rb7xa0 e1mo64ex0\"><\/noscript><\/p>\n<p role=\"text\" class=\"bbc-1s1cxbv ewbcsnk0\"><span class=\"bbc-m04vo2\">Fuente de la imagen, <\/span><span lang=\"en-GB\">Getty Images<\/span><\/p>\n<\/div>\n<\/div>\n<div dir=\"ltr\" class=\"bbc-3edg7g ebmt73l0\" readability=\"6.5\"><figcaption dir=\"ltr\" class=\"bbc-rhuvwm e6i104o0\" readability=\"3\"><span class=\"bbc-m04vo2\">Pie de foto, <\/span><\/p>\n<p>Golda Meir dirigi\u00e9ndose al pa\u00eds en plena guerra de Yom Kipur, en 1973.<\/p>\n<\/figcaption><\/div>\n<\/div>\n<\/figure>\n<\/div>\n<p><h2 id=\"Un-legado-en-disputa\" tabindex=\"-1\" class=\"bbc-1f03ibc eglt09e0\">Un legado en disputa<\/h2>\n<\/p>\n<div dir=\"ltr\" class=\"bbc-19j92fr ebmt73l0\" readability=\"7\">\n<p dir=\"ltr\" class=\"bbc-hhl7in e17g058b0\">Meir dijo que lament\u00f3 el resto de su vida no haber seguido su instinto de preparar las tropas. <\/p>\n<\/div>\n<div dir=\"ltr\" class=\"bbc-19j92fr ebmt73l0\" readability=\"10\">\n<p dir=\"ltr\" class=\"bbc-hhl7in e17g058b0\">Envuelta en la tragedia de la guerra, <b>la poblaci\u00f3n se puso severamente en su contra<\/b>. Meir carg\u00f3 junto a su gabinete la culpa por las miles de v\u00edctimas fatales. Fue su muerte pol\u00edtica y tuvo que renunciar. <\/p>\n<\/div>\n<div dir=\"ltr\" class=\"bbc-19j92fr ebmt73l0\" readability=\"8\">\n<p dir=\"ltr\" class=\"bbc-hhl7in e17g058b0\">Por eso, muchos la terminaron calificando \u201cla peor primera ministra de la historia de Israel\u201d. <\/p>\n<\/div>\n<div dir=\"ltr\" class=\"bbc-19j92fr ebmt73l0\" readability=\"9\">\n<p dir=\"ltr\" class=\"bbc-hhl7in e17g058b0\">50 a\u00f1os despu\u00e9s del estallido de la guerra, la figura de Golda Meir sigue estando sujeta a revisi\u00f3n. <\/p>\n<\/div>\n<div dir=\"ltr\" class=\"bbc-19j92fr ebmt73l0\" readability=\"12\">\n<p dir=\"ltr\" class=\"bbc-hhl7in e17g058b0\">Recientemente, uno de los nietos de Meir le dijo al medio Ynetnews que el desprecio a la exprimera ministra, sobre todo de sus propios copartidarios, despu\u00e9s de la guerra \u201cfue una terrible injusticia con elementos de misoginia y difamaci\u00f3n\u201d. <\/p>\n<\/div>\n<div dir=\"ltr\" class=\"bbc-19j92fr ebmt73l0\" readability=\"11\">\n<p dir=\"ltr\" class=\"bbc-hhl7in e17g058b0\">Tambi\u00e9n, dos veteranos de la guerra de Yom Kipur publicaron un libro recientemente en el que defienden que \u201cla percepci\u00f3n com\u00fanmente aceptada de que Golda es la \u00fanica responsable de la guerra <b>no es completa, equilibrada ni justa\u201d.<\/b><\/p>\n<\/div>\n<div dir=\"ltr\" class=\"bbc-1ka88fa ebmt73l0\">\n<figure class=\"bbc-1qdcvv9 e1aczekt0\">\n<div dir=\"ltr\" class=\"bbc-172p16q ebmt73l0\">\n<div dir=\"ltr\" class=\"bbc-189y18v ebmt73l0\" readability=\"6.5\">\n<div data-e2e=\"image-placeholder\" class=\"bbc-997y1y eihqrxw0\" readability=\"8\"><noscript><img loading=\"lazy\" sizes=\"(min-width: 1008px) 760px, 100vw\" srcset=\"http:\/\/nuevacordoba.net\/wp-content\/uploads\/2023\/09\/golda-meir-la-dama-de-hierro-de-medio-oriente-cuyo-legado-en-israel-quedo-arruinado-por-la-guerra-de-yom-kipur-45.jpg 240w, http:\/\/nuevacordoba.net\/wp-content\/uploads\/2023\/09\/golda-meir-la-dama-de-hierro-de-medio-oriente-cuyo-legado-en-israel-quedo-arruinado-por-la-guerra-de-yom-kipur-46.jpg 320w, http:\/\/nuevacordoba.net\/wp-content\/uploads\/2023\/09\/golda-meir-la-dama-de-hierro-de-medio-oriente-cuyo-legado-en-israel-quedo-arruinado-por-la-guerra-de-yom-kipur-47.jpg 480w, http:\/\/nuevacordoba.net\/wp-content\/uploads\/2023\/09\/golda-meir-la-dama-de-hierro-de-medio-oriente-cuyo-legado-en-israel-quedo-arruinado-por-la-guerra-de-yom-kipur-48.jpg 624w, http:\/\/nuevacordoba.net\/wp-content\/uploads\/2023\/09\/golda-meir-la-dama-de-hierro-de-medio-oriente-cuyo-legado-en-israel-quedo-arruinado-por-la-guerra-de-yom-kipur-49.jpg 800w\" src=\"http:\/\/nuevacordoba.net\/wp-content\/uploads\/2023\/09\/golda-meir-la-dama-de-hierro-de-medio-oriente-cuyo-legado-en-israel-quedo-arruinado-por-la-guerra-de-yom-kipur-7.jpg\" alt=\"Golda Meir\" width=\"1024\" height=\"576\" class=\"e3vrtyk0 bbc-rb7xa0 e1mo64ex0\"><\/noscript><\/p>\n<p role=\"text\" class=\"bbc-1s1cxbv ewbcsnk0\"><span class=\"bbc-m04vo2\">Fuente de la imagen, <\/span><span lang=\"en-GB\">Getty Images<\/span><\/p>\n<\/div>\n<\/div>\n<div dir=\"ltr\" class=\"bbc-3edg7g ebmt73l0\" readability=\"7\"><figcaption dir=\"ltr\" class=\"bbc-rhuvwm e6i104o0\" readability=\"4\"><span class=\"bbc-m04vo2\">Pie de foto, <\/span><\/p>\n<p>\u201cCinco a\u00f1os son suficientes&#8230; Est\u00e1 m\u00e1s all\u00e1 de mis fuerzas continuar llevando esta carga\u201d, dijo Meir al dimitir de su cargo de primera ministra.<\/p>\n<\/figcaption><\/div>\n<\/div>\n<\/figure>\n<\/div>\n<p><h2 id=\"M\u00e1s-all\u00e1-de-Israel\" tabindex=\"-1\" class=\"bbc-1f03ibc eglt09e0\">M\u00e1s all\u00e1 de Israel<\/h2>\n<\/p>\n<div dir=\"ltr\" class=\"bbc-19j92fr ebmt73l0\" readability=\"7\">\n<p dir=\"ltr\" class=\"bbc-hhl7in e17g058b0\">La guerra no es la \u00fanica raz\u00f3n por la que la figura de Golda Meir es controversial. <\/p>\n<\/div>\n<div dir=\"ltr\" class=\"bbc-19j92fr ebmt73l0\" readability=\"10\">\n<p dir=\"ltr\" class=\"bbc-hhl7in e17g058b0\">Una frase suya en una entrevista de 1969 qued\u00f3 grabada en la historia como muestra de su abierta incapacidad de contemplar el otro lado de la creaci\u00f3n del Estado de Israel, el de los palestinos que tuvieron que huir<b>. <\/b><\/p>\n<\/div>\n<div dir=\"ltr\" class=\"bbc-19j92fr ebmt73l0\" readability=\"10\">\n<p dir=\"ltr\" class=\"bbc-hhl7in e17g058b0\">\u201c\u00bfCu\u00e1ndo hubo un pueblo palestino independiente con un Estado palestino? No era como si hubiera un pueblo palestino en Palestina que se considerara a s\u00ed mismo como un pueblo palestino y vini\u00e9ramos y los expuls\u00e1ramos y les quit\u00e1ramos su pa\u00eds. No exist\u00edan\u201d, agreg\u00f3. <\/p>\n<\/div>\n<div dir=\"ltr\" class=\"bbc-19j92fr ebmt73l0\" readability=\"9\">\n<p dir=\"ltr\" class=\"bbc-hhl7in e17g058b0\">Para los cr\u00edticos de la creaci\u00f3n de Israel, esas declaraciones de Meir son apenas una muestra de que el sionismo <b>desconoci\u00f3 la identidad palestina y desposey\u00f3 a la poblaci\u00f3n local de su tierra.<\/b> <\/p>\n<\/div>\n<div dir=\"ltr\" class=\"bbc-19j92fr ebmt73l0\" readability=\"10\">\n<p dir=\"ltr\" class=\"bbc-hhl7in e17g058b0\">Su liderazgo tambi\u00e9n ha sido evaluado de forma cr\u00edtica desde otras perspectivas como la feminista, pese a que durante su vida Meir abri\u00f3 caminos y alcanz\u00f3 posiciones nunca antes ocupadas por mujeres.<\/p>\n<\/div>\n<div dir=\"ltr\" class=\"bbc-19j92fr ebmt73l0\" readability=\"14\">\n<p dir=\"ltr\" class=\"bbc-hhl7in e17g058b0\">Cuando fue ministra de Relaciones Exteriores, era la \u00fanica mujer en todo el mundo que ocupaba ese cargo. Y fue la tercera mujer en dirigir un pa\u00eds en todo el siglo XX, despu\u00e9s de Sirimavo Bandaranaike, en Sri Lanka, e Indira Gandhi, en India.<\/p>\n<\/div>\n<div dir=\"ltr\" class=\"bbc-19j92fr ebmt73l0\" readability=\"11\">\n<p dir=\"ltr\" class=\"bbc-hhl7in e17g058b0\">Sin embargo, algunas autoras como Letty Cottin han planteado que Meir \u201cno us\u00f3 las prerrogativas del poder para abordar las necesidades especiales de las mujeres, promover a otras mujeres o promover el estatus de las mujeres en la esfera p\u00fablica\u201d. <\/p>\n<\/div>\n<div dir=\"ltr\" class=\"bbc-19j92fr ebmt73l0\" readability=\"9\">\n<p dir=\"ltr\" class=\"bbc-hhl7in e17g058b0\">\u201cEl hecho es que al final de su mandato sus hermanas israel\u00edes no estaban en mejor situaci\u00f3n que antes de que ella asumiera el cargo\u201d, agrega Cottin. <\/p>\n<\/div>\n<div dir=\"ltr\" class=\"bbc-19j92fr ebmt73l0\" readability=\"12\">\n<p dir=\"ltr\" class=\"bbc-hhl7in e17g058b0\">\u201cA las feministas estadounidenses les encant\u00f3 adoptar a Golda, pero <b>ella no estaba interesada<\/b>\u201d, le dijo a Al Jazeera <b>Elinor Burkett<\/b>, autora de <i class=\"bbc-h1y5j7 eih42320\">Golda Meir: The Iron Lady of the Middle East <\/i>(Golda Meir: la dama de hierro de Medio Oriente). <\/p>\n<\/div>\n<div dir=\"ltr\" class=\"bbc-19j92fr ebmt73l0\" readability=\"9\">\n<p dir=\"ltr\" class=\"bbc-hhl7in e17g058b0\">Meir muri\u00f3 en 1978 con 80 a\u00f1os en Jerusal\u00e9n, pero su recuerdo y la fascinaci\u00f3n por el personaje pol\u00e9mico que fue <b>est\u00e1n m\u00e1s vivos que nunca.<\/b> <\/p>\n<\/div>\n<div dir=\"ltr\" class=\"bbc-1ka88fa ebmt73l0\">\n<figure class=\"bbc-1qdcvv9 e1aczekt0\">\n<div dir=\"ltr\" class=\"bbc-172p16q ebmt73l0\">\n<div dir=\"ltr\" class=\"bbc-189y18v ebmt73l0\" readability=\"6.5\">\n<div data-e2e=\"image-placeholder\" class=\"bbc-997y1y eihqrxw0\" readability=\"8\"><noscript><img loading=\"lazy\" sizes=\"(min-width: 1008px) 760px, 100vw\" srcset=\"http:\/\/nuevacordoba.net\/wp-content\/uploads\/2023\/09\/golda-meir-la-dama-de-hierro-de-medio-oriente-cuyo-legado-en-israel-quedo-arruinado-por-la-guerra-de-yom-kipur-50.jpg 240w, http:\/\/nuevacordoba.net\/wp-content\/uploads\/2023\/09\/golda-meir-la-dama-de-hierro-de-medio-oriente-cuyo-legado-en-israel-quedo-arruinado-por-la-guerra-de-yom-kipur-51.jpg 320w, http:\/\/nuevacordoba.net\/wp-content\/uploads\/2023\/09\/golda-meir-la-dama-de-hierro-de-medio-oriente-cuyo-legado-en-israel-quedo-arruinado-por-la-guerra-de-yom-kipur-52.jpg 480w, http:\/\/nuevacordoba.net\/wp-content\/uploads\/2023\/09\/golda-meir-la-dama-de-hierro-de-medio-oriente-cuyo-legado-en-israel-quedo-arruinado-por-la-guerra-de-yom-kipur-53.jpg 624w, http:\/\/nuevacordoba.net\/wp-content\/uploads\/2023\/09\/golda-meir-la-dama-de-hierro-de-medio-oriente-cuyo-legado-en-israel-quedo-arruinado-por-la-guerra-de-yom-kipur-54.jpg 800w\" src=\"http:\/\/nuevacordoba.net\/wp-content\/uploads\/2023\/09\/golda-meir-la-dama-de-hierro-de-medio-oriente-cuyo-legado-en-israel-quedo-arruinado-por-la-guerra-de-yom-kipur-8.jpg\" alt=\"Guy Nattiv y Helen Mirren\" width=\"1024\" height=\"576\" class=\"e3vrtyk0 bbc-rb7xa0 e1mo64ex0\"><\/noscript><\/p>\n<p role=\"text\" class=\"bbc-1s1cxbv ewbcsnk0\"><span class=\"bbc-m04vo2\">Fuente de la imagen, <\/span><span lang=\"en-GB\">Getty Images<\/span><\/p>\n<\/div>\n<\/div>\n<div dir=\"ltr\" class=\"bbc-3edg7g ebmt73l0\" readability=\"6.5\"><figcaption dir=\"ltr\" class=\"bbc-rhuvwm e6i104o0\" readability=\"3\"><span class=\"bbc-m04vo2\">Pie de foto, <\/span><\/p>\n<p>La pel\u00edcula de 2023 dirigida por Guy Nattiv y protagonizada por Helen Mirren (en la foto) es una de muchas que han explorado la vida y el legado de Meir.<\/p>\n<\/figcaption><\/div>\n<\/div>\n<\/figure>\n<\/div>\n<div dir=\"ltr\" class=\"bbc-1ka88fa ebmt73l0\">\n<figure class=\"bbc-1qdcvv9 e1aczekt0\">\n<div dir=\"ltr\" class=\"bbc-172p16q ebmt73l0\">\n<div dir=\"ltr\" class=\"bbc-189y18v ebmt73l0\">\n<div data-e2e=\"image-placeholder\" class=\"bbc-997y1y eihqrxw0\"><noscript><img loading=\"lazy\" sizes=\"(min-width: 1008px) 760px, 100vw\" srcset=\"http:\/\/nuevacordoba.net\/wp-content\/uploads\/2023\/09\/golda-meir-la-dama-de-hierro-de-medio-oriente-cuyo-legado-en-israel-quedo-arruinado-por-la-guerra-de-yom-kipur-55.jpg 240w, http:\/\/nuevacordoba.net\/wp-content\/uploads\/2023\/09\/golda-meir-la-dama-de-hierro-de-medio-oriente-cuyo-legado-en-israel-quedo-arruinado-por-la-guerra-de-yom-kipur-56.jpg 320w, http:\/\/nuevacordoba.net\/wp-content\/uploads\/2023\/09\/golda-meir-la-dama-de-hierro-de-medio-oriente-cuyo-legado-en-israel-quedo-arruinado-por-la-guerra-de-yom-kipur-57.jpg 464w\" src=\"http:\/\/nuevacordoba.net\/wp-content\/uploads\/2023\/09\/golda-meir-la-dama-de-hierro-de-medio-oriente-cuyo-legado-en-israel-quedo-arruinado-por-la-guerra-de-yom-kipur-9.jpg\" alt=\"L\u00ednea gris\" width=\"464\" height=\"2\" class=\"e3vrtyk0 bbc-rb7xa0 e1mo64ex0\"><\/noscript><\/div>\n<\/div>\n<\/div>\n<\/figure>\n<\/div>\n<div dir=\"ltr\" class=\"bbc-19j92fr ebmt73l0\" readability=\"8\">\n<p dir=\"ltr\" class=\"bbc-hhl7in e17g058b0\"><i class=\"bbc-h1y5j7 eih42320\">Recuerda que puedes recibir notificaciones de BBC News Mundo. Descarga la \u00faltima versi\u00f3n de nuestra app y act\u00edvalas para no perderte nuestro mejor contenido.<\/i><\/p>\n<\/div>\n","protected":false},"excerpt":{"rendered":"<p>Fuente de la imagen, Getty Pie de foto, Golda Meir fue una figura clave en la creaci\u00f3n y en la consolidaci\u00f3n del Estado de Israel. Article information Golda Meir vivi\u00f3 su vida siendo casi siempre la \u00fanica mujer en un cuarto lleno de hombres. Nacida en una familia jud\u00eda en el imperio ruso, fue una [&hellip;]<\/p>\n","protected":false},"author":1,"featured_media":36159,"comment_status":"closed","ping_status":"closed","sticky":false,"template":"","format":"standard","meta":[],"categories":[13],"tags":[],"_links":{"self":[{"href":"http:\/\/nuevacordoba.net\/index.php\/wp-json\/wp\/v2\/posts\/36158"}],"collection":[{"href":"http:\/\/nuevacordoba.net\/index.php\/wp-json\/wp\/v2\/posts"}],"about":[{"href":"http:\/\/nuevacordoba.net\/index.php\/wp-json\/wp\/v2\/types\/post"}],"author":[{"embeddable":true,"href":"http:\/\/nuevacordoba.net\/index.php\/wp-json\/wp\/v2\/users\/1"}],"replies":[{"embeddable":true,"href":"http:\/\/nuevacordoba.net\/index.php\/wp-json\/wp\/v2\/comments?post=36158"}],"version-history":[{"count":0,"href":"http:\/\/nuevacordoba.net\/index.php\/wp-json\/wp\/v2\/posts\/36158\/revisions"}],"wp:featuredmedia":[{"embeddable":true,"href":"http:\/\/nuevacordoba.net\/index.php\/wp-json\/wp\/v2\/media\/36159"}],"wp:attachment":[{"href":"http:\/\/nuevacordoba.net\/index.php\/wp-json\/wp\/v2\/media?parent=36158"}],"wp:term":[{"taxonomy":"category","embeddable":true,"href":"http:\/\/nuevacordoba.net\/index.php\/wp-json\/wp\/v2\/categories?post=36158"},{"taxonomy":"post_tag","embeddable":true,"href":"http:\/\/nuevacordoba.net\/index.php\/wp-json\/wp\/v2\/tags?post=36158"}],"curies":[{"name":"wp","href":"https:\/\/api.w.org\/{rel}","templated":true}]}}