{"id":36164,"date":"2023-09-03T21:36:15","date_gmt":"2023-09-03T21:36:15","guid":{"rendered":"https:\/\/prensa.cba.gov.ar\/?p=566354"},"modified":"2023-09-03T21:36:15","modified_gmt":"2023-09-03T21:36:15","slug":"nadadores-cordobeses-clasificados-a-los-juegos-parapanamericanos-y-paralimpicos","status":"publish","type":"post","link":"http:\/\/nuevacordoba.net\/index.php\/2023\/09\/03\/nadadores-cordobeses-clasificados-a-los-juegos-parapanamericanos-y-paralimpicos\/","title":{"rendered":"Nadadores cordobeses clasificados a los Juegos Parapanamericanos y Paral\u00edmpicos"},"content":{"rendered":"<ul>\n<li><strong>Representantes cordobeses lograron las marcas para estar en estas importantes competencias. <\/strong><\/li>\n<li><strong>Se trata de Germ\u00e1n Ar\u00e9valo, Elizabeth Noriega y Jazm\u00edn Arag\u00f3n, que llevar\u00e1n la bandera Argentina y de C\u00f3rdoba a las m\u00e1ximas citas deportivas de 2023 y 2024.<\/strong><\/li>\n<\/ul>\n<p>La nataci\u00f3n adaptada sigue brindando alegr\u00edas a C\u00f3rdoba. Los buenos resultados obtenidos marcan el crecimiento de la disciplina en nuestra provincia. Los deportistas vienen de competir en Fadec Paraswimming Open, desarrollados el pasado 24 y 25 de agosto. Su objetivo era conseguir marcas tanto para los Juegos Parapanamericanos de Santiago que se llevar\u00e1n a cabo de 17 al 26 de noviembre, como para los Paral\u00edmpicos en Par\u00eds 2024.<\/p>\n<figure class=\"wp-block-gallery has-nested-images columns-default is-cropped wp-block-gallery-1 is-layout-flex\">\n<figure class=\"wp-block-image size-large\"><a href=\"http:\/\/nuevacordoba.net\/wp-content\/uploads\/2023\/09\/nadadores-cordobeses-clasificados-a-los-juegos-parapanamericanos-y-paralimpicos.jpg\"><img decoding=\"async\" loading=\"lazy\" width=\"993\" height=\"660\" data-id=\"566358\" src=\"http:\/\/nuevacordoba.net\/wp-content\/uploads\/2023\/09\/nadadores-cordobeses-clasificados-a-los-juegos-parapanamericanos-y-paralimpicos.jpg\" alt class=\"wp-image-566358\"><\/a><\/figure>\n<figure class=\"wp-block-image size-large\"><a href=\"http:\/\/nuevacordoba.net\/wp-content\/uploads\/2023\/09\/nadadores-cordobeses-clasificados-a-los-juegos-parapanamericanos-y-paralimpicos-1.jpg\"><img decoding=\"async\" loading=\"lazy\" width=\"993\" height=\"660\" data-id=\"566356\" src=\"http:\/\/nuevacordoba.net\/wp-content\/uploads\/2023\/09\/nadadores-cordobeses-clasificados-a-los-juegos-parapanamericanos-y-paralimpicos-1.jpg\" alt class=\"wp-image-566356\"><\/a><\/figure>\n<figure class=\"wp-block-image size-large\"><a href=\"http:\/\/nuevacordoba.net\/wp-content\/uploads\/2023\/09\/nadadores-cordobeses-clasificados-a-los-juegos-parapanamericanos-y-paralimpicos-2.jpg\"><img decoding=\"async\" loading=\"lazy\" width=\"993\" height=\"660\" data-id=\"566355\" src=\"http:\/\/nuevacordoba.net\/wp-content\/uploads\/2023\/09\/nadadores-cordobeses-clasificados-a-los-juegos-parapanamericanos-y-paralimpicos-2.jpg\" alt class=\"wp-image-566355\"><\/a><\/figure>\n<\/figure>\n<h3 class=\"wp-block-heading\"><strong>Los resultados de los cordobeses<\/strong><\/h3>\n<p>Elizabeth Noriega obtuvo una medalla de oro en 50 metros espalda y tres preseas plateadas en 50, 100 y 200 metros libres. A su vez, logr\u00f3 la marca A para la pr\u00f3xima cita Ol\u00edmpica con un tiempo de 01.32:01 en los 100 libres.<\/p>\n<p>Por su parte, Germ\u00e1n Ar\u00e9valo consigui\u00f3 dos medallas doradas: 50 metros mariposa y 100 metros pecho. Adem\u00e1s, logr\u00f3 la marca A para Par\u00eds 2024 y baj\u00f3 sus marcas personales en 200 metros combinados y 100 metros libres.<\/p>\n<p>En esa misma l\u00ednea, Daiana Moura se qued\u00f3 con el tercer puesto en los 100 metros pecho y mejor\u00f3 su marca personal en 200 metros combinados.<\/p>\n<p>Jazm\u00edn Arag\u00f3n hizo lo propio en 200 metros combinados y 100 metros espalda. En ambas pruebas se qued\u00f3 con las preseas de plata.<\/p>\n<p>Adem\u00e1s, vale destacar que la joven ya hab\u00eda conseguido la marca A en un torneo que disput\u00f3 en Italia. Fue en 100 metros mariposa con un tiempo de 1.24:63.<\/p>\n<p>Tambi\u00e9n participaron Gerardo Enet, del club SPOT Swim &amp; Training y Ariel Gotero, Manuel Moreno, Franco Oviede y Juan Manuel Mart\u00edn, del Centro Integral de Desarrollo Humano.<\/p>\n<p>Germ\u00e1n Ar\u00e9valo, Elizabeth Noriega y Daiana Moura forman parte del equipo que realiza sus entrenamientos en el Polo Deportivo Kempes.&nbsp;<\/p>\n","protected":false},"excerpt":{"rendered":"<p>Representantes cordobeses lograron las marcas para estar en estas importantes competencias. Se trata de Germ\u00e1n Ar\u00e9valo, Elizabeth Noriega y Jazm\u00edn Arag\u00f3n, que llevar\u00e1n la bandera Argentina y de C\u00f3rdoba a las m\u00e1ximas citas deportivas de 2023 y 2024. La nataci\u00f3n adaptada sigue brindando alegr\u00edas a C\u00f3rdoba. Los buenos resultados obtenidos marcan el crecimiento de la [&hellip;]<\/p>\n","protected":false},"author":1,"featured_media":36165,"comment_status":"closed","ping_status":"closed","sticky":false,"template":"","format":"standard","meta":[],"categories":[14],"tags":[],"_links":{"self":[{"href":"http:\/\/nuevacordoba.net\/index.php\/wp-json\/wp\/v2\/posts\/36164"}],"collection":[{"href":"http:\/\/nuevacordoba.net\/index.php\/wp-json\/wp\/v2\/posts"}],"about":[{"href":"http:\/\/nuevacordoba.net\/index.php\/wp-json\/wp\/v2\/types\/post"}],"author":[{"embeddable":true,"href":"http:\/\/nuevacordoba.net\/index.php\/wp-json\/wp\/v2\/users\/1"}],"replies":[{"embeddable":true,"href":"http:\/\/nuevacordoba.net\/index.php\/wp-json\/wp\/v2\/comments?post=36164"}],"version-history":[{"count":0,"href":"http:\/\/nuevacordoba.net\/index.php\/wp-json\/wp\/v2\/posts\/36164\/revisions"}],"wp:featuredmedia":[{"embeddable":true,"href":"http:\/\/nuevacordoba.net\/index.php\/wp-json\/wp\/v2\/media\/36165"}],"wp:attachment":[{"href":"http:\/\/nuevacordoba.net\/index.php\/wp-json\/wp\/v2\/media?parent=36164"}],"wp:term":[{"taxonomy":"category","embeddable":true,"href":"http:\/\/nuevacordoba.net\/index.php\/wp-json\/wp\/v2\/categories?post=36164"},{"taxonomy":"post_tag","embeddable":true,"href":"http:\/\/nuevacordoba.net\/index.php\/wp-json\/wp\/v2\/tags?post=36164"}],"curies":[{"name":"wp","href":"https:\/\/api.w.org\/{rel}","templated":true}]}}