{"id":36174,"date":"2023-09-04T03:35:55","date_gmt":"2023-09-04T03:35:55","guid":{"rendered":"http:\/\/nuevacordoba.net\/index.php\/2023\/09\/04\/la-santa-rutina-de-las-canciones-de-camila-campodonico-llegan-a-villa-pueyrredon\/"},"modified":"2023-09-04T03:35:55","modified_gmt":"2023-09-04T03:35:55","slug":"la-santa-rutina-de-las-canciones-de-camila-campodonico-llegan-a-villa-pueyrredon","status":"publish","type":"post","link":"http:\/\/nuevacordoba.net\/index.php\/2023\/09\/04\/la-santa-rutina-de-las-canciones-de-camila-campodonico-llegan-a-villa-pueyrredon\/","title":{"rendered":"La \u00abSanta Rutina\u00bb de las canciones de Camila Campod\u00f3nico llegan a Villa Pueyrred\u00f3n"},"content":{"rendered":"<figure class=\"mb-3\"><img loading=\"lazy\" data-src=\"http:\/\/nuevacordoba.net\/wp-content\/uploads\/2023\/09\/la-santa-rutina-de-las-canciones-de-camila-campodonico-llegan-a-villa-pueyrredon.jpg\" src=\"https:\/\/www.telam.com.ar\/assets\/img\/not_image.png\" class=\" lazy \" width=\"100%\" height=\"100%\" alt=\"Cantante y actriz Campodnico saldr al ruedo El Alambique de Villa Pueyrredn Foto Nacho Snchez\"><figcaption> Cantante y actriz, Campod\u00f3nico saldr\u00e1 al ruedo El Alambique de Villa Pueyrred\u00f3n. \/ Foto: Nacho S\u00e1nchez <\/figcaption><\/figure>\n<p>La cantante y compositora <strong>Camila Campod\u00f3nico<\/strong> estrenar\u00e1 el jueves en la sala porte\u00f1a El Alambique las canciones propias reunidas en su EP debut <strong>\u201cSanta Rutina\u201d<\/strong> acompa\u00f1ada por <strong>V\u00edctor Carri\u00f3n<\/strong> en vientos,&nbsp;<strong>Juan Manuel Colombo<\/strong> en guitarra y cuatro, <strong>Mariano Ferreyra<\/strong> en bajo, <strong>Pedro Bragan <\/strong>en piano y acorde\u00f3n y <strong>Agust\u00edn Lumerman<\/strong> en percusi\u00f3n.<\/p>\n<p>La artista, fundadora del grupo humor\u00edstico-musical Ciertas Petunias e integrante del conjunto de m\u00fasica para las infancias Ligeros de Equipaje, resalta a T\u00e9lam que \u201ctransitar un trabajo de interpretaci\u00f3n de algo propio, sin par\u00e1metros ni versiones que buscar, me hizo crecer como int\u00e9rprete\u201d.<\/p>\n<div class=\"video_repositive\"> <a class=\"video_sticky\" href=\"javascript:void();\" onclick=\"removeStuckVideo(true);\"><i class=\"far fa-window-close\"><\/i><\/a> <\/p>\n<div id=\"QqM59hrHa9c\" class=\"video_telam\" readability=\"6\">\n<div class=\"feature_article_inner\" readability=\"32\">\n<p><h2 class=\"text-center\">Camila Campod\u00f3nico \u00abSanta Rutina\u00bb<\/h2>\n<\/p><\/div>\n<p>VER VIDEO <i class=\"fas fa-play\"><\/i><\/p>\n<\/p><\/div><\/div>\n<p>En \u201cSanta Rutina\u201d, \u00e1lbum producido por <strong>V\u00edctor Carri\u00f3n<\/strong> y publicado en 2021, Campod\u00f3nico se atrevi\u00f3 a plasmar temas de su autor\u00eda donde recoge su intensa actividad como vocalista y docente de m\u00fasica popular latinoamericana.<\/p>\n<p>La presentaci\u00f3n del disco tendr\u00e1 lugar el jueves 7 desde las 20.30 en la sala ubicada en Griveo 2350 y con entradas a la venta por Alternativa Teatral.<\/p>\n<p><strong>-\u00bfCu\u00e1nto sent\u00eds que crecieron las canciones de \u201cSanta Rutina\u201d desde la salida del \u00e1lbum hasta ahora?<\/strong><\/p>\n<p>-\u00a1Much\u00edsimo! En primer lugar porque para el ep s\u00f3lo pude grabar tres, pero en realidad exist\u00edan m\u00e1s canciones en el universo \u201cSanta Rutina\u201d. Todas crecieron con el trabajo de V\u00edctor Carri\u00f3n en arreglos y con la impronta personal de cada uno de los m\u00fasicos. Y tambi\u00e9n yo fui reencontr\u00e1ndome con mi manera de cantarlas, trabajando sobre eso con mi maestra de canto Nora Faiman.<\/p>\n<figure class=\"mb-3\"><img loading=\"lazy\" data-src=\"http:\/\/nuevacordoba.net\/wp-content\/uploads\/2023\/09\/la-santa-rutina-de-las-canciones-de-camila-campodonico-llegan-a-villa-pueyrredon-1.jpg\" src=\"https:\/\/www.telam.com.ar\/assets\/img\/not_image.png\" class=\" lazy \" width=\"100%\" height=\"100%\" alt=\"Campodnico rodeada por Carrin Bragn Ferreyra Colombo y Lumerman Foto Nacho Snchez\"><figcaption> Campod\u00f3nico rodeada por Carri\u00f3n, Brag\u00e1n, Ferreyra, Colombo y Lumerman. \/ Foto: Nacho S\u00e1nchez <\/figcaption><\/figure>\n<p><br open><strong>-\u00bfC\u00f3mo se conform\u00f3 el s\u00faper grupo que te acompa\u00f1ar\u00e1 el jueves en El Alambique y qu\u00e9 colores aportan a la obra original?<\/strong><\/p>\n<p>-Me gusta definirlo como mi \u201cdream team\u201d. Con V\u00edctor ya hab\u00edamos trabajado la producci\u00f3n y arreglos del disco, y sab\u00eda que cuando lo presentara en vivo quer\u00eda que \u00e9l estuviera haciendo el mismo trabajo con el resto de los temas. Cuando este a\u00f1o lo llam\u00e9 para armar el concierto en vivo, le dije qui\u00e9nes eran los m\u00fasicos ideales a mi criterio, las personas que imaginaba que combinaban perfectamente con mi idea est\u00e9tica. Creo que lo que cada uno aporta, m\u00e1s all\u00e1 de la destreza t\u00e9cnica, es una sensibilidad muy particular que viene de muchos a\u00f1os de tocar estos estilos del folclore latinoamericano. Tambi\u00e9n vamos a estar haciendo versiones de canciones que siempre cant\u00e9, hay algo de m\u00fasica brasilera, zambas y chacareras. Para que este concierto suceda fue fundamental adem\u00e1s el trabajo de producci\u00f3n de Majo Colonna y la asistencia de Facundo La Fuente.<\/p>\n<figure class=\"mb-3\"><img loading=\"lazy\" data-src=\"http:\/\/nuevacordoba.net\/wp-content\/uploads\/2023\/09\/la-santa-rutina-de-las-canciones-de-camila-campodonico-llegan-a-villa-pueyrredon-2.jpg\" src=\"https:\/\/www.telam.com.ar\/assets\/img\/not_image.png\" class=\" lazy \" width=\"100%\" height=\"100%\" alt=\"Creo que cada uno aporta ms all de la destreza tcnica una sensibilidad muy particular asegura Campodnico Foto Nacho Snchez\"><figcaption> \u00abCreo que cada uno aporta, m\u00e1s all\u00e1 de la destreza t\u00e9cnica, una sensibilidad muy particular\u00bb, asegura Campod\u00f3nico. \/ Foto: Nacho S\u00e1nchez <\/figcaption><\/figure>\n<p><br open><strong>-La presentaci\u00f3n en vivo del ep lleg\u00f3 acompa\u00f1ada de lanzamientos de un par de videos \u00bfde qu\u00e9 manera se construy\u00f3 la est\u00e9tica de esos materiales? \u00bfHabr\u00e1 algo de esa atm\u00f3sfera en el concierto del jueves 7?<\/strong><\/p>\n<p>&#8211; Todos los videos fueron realizados por Pablo Fern\u00e1ndez Alberti, un amigo de hace muchos a\u00f1os, a quien en principio convoqu\u00e9 para que hagamos la filmaci\u00f3n en vivo del concierto. Cuando nos reunimos todo empez\u00f3 a crecer, me propuso hacer visuales para proyectar en vivo a modo de escenograf\u00eda y en los rodajes de ese material hicimos tambi\u00e9n tomas espec\u00edficas para poder armar videoclips de algunas canciones.<\/p>\n<p><strong>-\u00bfEs compatible este tr\u00e1nsito solista con tu rol como fundadora e integrante de Ciertas Petunias y tu presencia en Ligeros de Equipaje?<\/strong><\/p>\n<p>-Si, totalmente. Ciertas Petunias es mi proyecto art\u00edstico hace 18 a\u00f1os, es mi parte m\u00e1s teatral y coral. Es un proyecto colectivo que tiene varios espect\u00e1culos con los que vamos recorriendo la escena, a veces con ciclos, a veces funciones sueltas. Ligeros de Equipaje me da la oportunidad de trabajar para infancias, algo que no hab\u00eda hecho antes y es muy m\u00e1gico. Es un p\u00fablico de lo m\u00e1s sincero y entusiasta. <\/p>\n","protected":false},"excerpt":{"rendered":"<p>Cantante y actriz, Campod\u00f3nico saldr\u00e1 al ruedo El Alambique de Villa Pueyrred\u00f3n. \/ Foto: Nacho S\u00e1nchez La cantante y compositora Camila Campod\u00f3nico estrenar\u00e1 el jueves en la sala porte\u00f1a El Alambique las canciones propias reunidas en su EP debut \u201cSanta Rutina\u201d acompa\u00f1ada por V\u00edctor Carri\u00f3n en vientos,&nbsp;Juan Manuel Colombo en guitarra y cuatro, Mariano Ferreyra [&hellip;]<\/p>\n","protected":false},"author":1,"featured_media":36175,"comment_status":"closed","ping_status":"closed","sticky":false,"template":"","format":"standard","meta":[],"categories":[9],"tags":[],"_links":{"self":[{"href":"http:\/\/nuevacordoba.net\/index.php\/wp-json\/wp\/v2\/posts\/36174"}],"collection":[{"href":"http:\/\/nuevacordoba.net\/index.php\/wp-json\/wp\/v2\/posts"}],"about":[{"href":"http:\/\/nuevacordoba.net\/index.php\/wp-json\/wp\/v2\/types\/post"}],"author":[{"embeddable":true,"href":"http:\/\/nuevacordoba.net\/index.php\/wp-json\/wp\/v2\/users\/1"}],"replies":[{"embeddable":true,"href":"http:\/\/nuevacordoba.net\/index.php\/wp-json\/wp\/v2\/comments?post=36174"}],"version-history":[{"count":0,"href":"http:\/\/nuevacordoba.net\/index.php\/wp-json\/wp\/v2\/posts\/36174\/revisions"}],"wp:featuredmedia":[{"embeddable":true,"href":"http:\/\/nuevacordoba.net\/index.php\/wp-json\/wp\/v2\/media\/36175"}],"wp:attachment":[{"href":"http:\/\/nuevacordoba.net\/index.php\/wp-json\/wp\/v2\/media?parent=36174"}],"wp:term":[{"taxonomy":"category","embeddable":true,"href":"http:\/\/nuevacordoba.net\/index.php\/wp-json\/wp\/v2\/categories?post=36174"},{"taxonomy":"post_tag","embeddable":true,"href":"http:\/\/nuevacordoba.net\/index.php\/wp-json\/wp\/v2\/tags?post=36174"}],"curies":[{"name":"wp","href":"https:\/\/api.w.org\/{rel}","templated":true}]}}