{"id":36180,"date":"2023-09-04T03:04:49","date_gmt":"2023-09-04T03:04:49","guid":{"rendered":"https:\/\/puntoapunto.com.ar\/?p=350252"},"modified":"2023-09-04T03:04:49","modified_gmt":"2023-09-04T03:04:49","slug":"facturas-truchas-como-y-con-quien-operaba-la-asociacion-ilicita-que-movio-2200-millones","status":"publish","type":"post","link":"http:\/\/nuevacordoba.net\/index.php\/2023\/09\/04\/facturas-truchas-como-y-con-quien-operaba-la-asociacion-ilicita-que-movio-2200-millones\/","title":{"rendered":"Facturas truchas: c\u00f3mo (y con qui\u00e9n) operaba la asociaci\u00f3n il\u00edcita que movi\u00f3 $2200 millones"},"content":{"rendered":"<div class=\"g g-36\">\n<div class=\"g-dyn a-29 c-1\"><a class=\"gofollow\" data-track=\"MjksMzYsMSw2MA==\" href=\"https:\/\/www.harmoniechateau.com.ar\/\" target=\"_blank\" rel=\"noopener\"><img class=\"lazyload\" src=\"http:\/\/nuevacordoba.net\/wp-content\/uploads\/2023\/09\/facturas-truchas-como-y-con-quien-operaba-la-asociacion-ilicita-que-movio-2200-millones.jpg\"><\/a><\/div>\n<\/div>\n<p>&nbsp;\n<\/p>\n<p>(Por Mar\u00eda Ester Romero, especial para Perfil C\u00f3rdoba). La&nbsp;<strong>C\u00e1mara Federal de Apelaciones<\/strong>&nbsp;de C\u00f3rdoba emiti\u00f3 una resoluci\u00f3n con numerosas definiciones sobre una de las causas judiciales de mayor envergadura en materia penal econ\u00f3mica. Se trata de la investigaci\u00f3n por una&nbsp;<strong>usina de facturas truchas <\/strong>donde son investigadas m\u00e1s de&nbsp;<strong>50 personas<\/strong>, con diferentes roles en la organizaci\u00f3n o uso de sus servicios. El fallo fue emitido por la Sala B, integrada por los vocales Abel S\u00e1nchez Torres, Liliana Navarro y Juli\u00e1n Falcucci.\n<\/p>\n<p>El expediente est\u00e1 radicado en el Juzgado Federal 1 (JF1), subrogado por Alejandro S\u00e1nchez Freytes, con intervenci\u00f3n de la Fiscal\u00eda Federal 1, a cargo de Enrique Senestrari.\n<\/p>\n<p>Una de las decisiones centrales del tribunal de Alzada fue la&nbsp;<strong>confirmaci\u00f3n de la asociaci\u00f3n il\u00edcita creada&nbsp;<\/strong>para cometer&nbsp;<strong>delitos econ\u00f3mico-financieros<\/strong>. Entre los argumentos describi\u00f3 que \u201cla modalidad era la confecci\u00f3n de facturaci\u00f3n ap\u00f3crifa a partir de la obtenci\u00f3n de claves fiscales de contribuyentes\u201d. Luego, la alteraci\u00f3n dolosa de los registros fiscales. El fin era la venta de&nbsp;esos comprobantes truchos a usuarios o \u2018clientes\u2019 de la organizaci\u00f3n para evadir impuestos o generar gastos ficticios.\n<\/p>\n<p>\u201cDe la actividad se habr\u00eda derivado un&nbsp;<strong>doble perjuicio<\/strong>: por un lado, para el fisco como consecuencia de la evasi\u00f3n de impuestos presuntamente cometida por sus clientes, y por otro, para algunas v\u00edctimas de la organizaci\u00f3n que habr\u00edan perdido el control de sus claves fiscales\u201d ante la <a href=\"https:\/\/www.afip.gob.ar\/landing\/default.asp\">AFIP<\/a>.<\/p>\n<p>Es decir que en la&nbsp;<strong>estructura nodal&nbsp;<\/strong>se incluyen a dos partes de la actividad: a los que fabricaban las facturas y a los reclutadores. Estos \u00faltimos eran los que obten\u00edan las claves fiscales y vend\u00edan las facturas, es decir los intermediarios.\n<\/p>\n<p>En 2021, el Juzgado Federal hab\u00eda incluido en la presunta&nbsp;<strong>asociaci\u00f3n il\u00edcita<\/strong>&nbsp;a Diego Alberto Vieyra Ferreyra. Junto a \u00e9l, a Natalia Soledad Vieyra Ferreyra, Mar\u00eda Bel\u00e9n G\u00f3mez, Dami\u00e1n Olivieri Brizuela, Jorge Daniel Cuevas, Ruth Noem\u00ed D\u00edaz, Eduardo Enrique Mansilla, Mauricio Andr\u00e9s Pizzi, Pablo Dar\u00edo Barbieri, Rodolfo Luis Tapiero y Lucas Fernando Zopetto.\n<\/p>\n<p><strong>Diego Vieyra Ferreyra<\/strong>&nbsp;fue catalogado como el<strong>&nbsp;\u201corganizador\u201d&nbsp;<\/strong>a partir de sus conocimientos inform\u00e1ticos, contables y fiscales. Esa capacidad le permit\u00eda obtener por s\u00ed o por terceros el CUIT y la clave fiscal de las \u201cusinas\u201d y las \u201cusinas mixtas\u201d que emit\u00edan facturas electr\u00f3nicas ap\u00f3crifas.\n<\/p>\n<p><strong>Vieyra Ferreyra<\/strong>&nbsp;es quien acordaba, adem\u00e1s, las comisiones de los clientes de esos comprobantes y de los prestanombres \u2013si hab\u00edan consentido el uso de sus datos\u2013 para la conformaci\u00f3n de las usinas. Tambi\u00e9n fijaba los plazos de cobranzas, la reposici\u00f3n de los cheques recibidos y rechazados y las gestiones ante la Afip y DGI para demorar las fiscalizaciones y continuar con el uso de las generadoras de facturaci\u00f3n trucha.\n<\/p>\n<p>Entre enero del 2018 y abril del 2020 se detectaron&nbsp;<strong>80 usinas<\/strong>&nbsp;dentro de esta organizaci\u00f3n. De la otra parte del negocio se identificaron m\u00e1s de<strong>&nbsp;600 usuarios<\/strong>. En el expediente se focaliz\u00f3 la pesquisa sobre los 50 principales. El mayor usuario de las facturas que prove\u00eda Vieyra Ferreyra era la empresa Corphone SA, con 193 facturas por un total de $ 132 millones.\n<\/p>\n<div>\n<figure class=\"image\"><img decoding=\"async\" alt=\"Cristian Debarre\" class=\"lazyload\" src=\"http:\/\/nuevacordoba.net\/wp-content\/uploads\/2023\/09\/facturas-truchas-como-y-con-quien-operaba-la-asociacion-ilicita-que-movio-2200-millones-1.jpg\"><figcaption>CRISTIAN DEBARRE. En marzo fue detenido, pero al poco tiempo recuper\u00f3 la libertad. La C\u00e1mara lo proces\u00f3 como part\u00edcipe de la asociaci\u00f3n il\u00edcita liderada por Vieyra Ferreyra.<\/figcaption><\/figure>\n<\/div>\n<p>La firma es propiedad de&nbsp;<strong>Cristian Debarre<\/strong>&nbsp;y&nbsp;<strong>Marcelo Gaido<\/strong>, el primero de los cuales hab\u00eda sido desvinculado de la asociaci\u00f3n il\u00edcita. Una de las decisiones de la C\u00e1mara fue ordenar su procesamiento analizando la prueba que muestra el v\u00ednculo estrecho con el armador de la banda.\n<\/p>\n<p>Debarre sol\u00eda tener una oficina en el edificio Vistalba, el mismo desde donde operaba&nbsp;<strong>Mart\u00edn Azar<\/strong>, otro empresario involucrado en delitos penales econ\u00f3micos en un expediente tramitado en la Justicia Federal.\n<\/p>\n<p>Pero, adem\u00e1s de empresas del sector privado, se detectaron tres organismos p\u00fablicos: los municipios de Sald\u00e1n y Mendiolaza y el Ente Intermunicipal de Sierras Chicas.\n<\/p>\n<p><strong>Lavado de activos<\/strong>. La C\u00e1mara Federal tambi\u00e9n analiz\u00f3 el posible movimiento de dinero por parte de personas sin capacidad econ\u00f3mica. En primera instancia, el Juzgado hab\u00eda dispuesto un \u00fanico procesamiento, a Vieyra Ferreyra, y en otros 13 se hab\u00eda declarado incompetente. Los camaristas revirtieron esa posici\u00f3n y confirmaron la competencia de la Justicia Federal para continuar la investigaci\u00f3n por lavado.\n<\/p>\n<p><strong>Defraudaci\u00f3n por administraci\u00f3n fraudulenta.<\/strong>&nbsp;En relaci\u00f3n a estas imputaciones, que involucran a los funcionarios de los entes p\u00fablicos mencionados, el tribunal opin\u00f3 lo contrario y declar\u00f3 la incompetencia. La fiscal\u00eda analiza ahora si recurrir\u00e1 a la C\u00e1mara Federal de Casaci\u00f3n Penal.\n<\/p>\n<p><strong>Evasi\u00f3n impositiva.<\/strong>&nbsp;Los jueces, adem\u00e1s, confirmaron el sobreseimiento por extinci\u00f3n de la acci\u00f3n penal por amnist\u00eda en relaci\u00f3n al delito de evasi\u00f3n de impuestos agravada por la utilizaci\u00f3n de facturas ap\u00f3crifas, para una serie de personas que estuvieron imputadas pero que se acogieron a planes de pago para regularizar su situaci\u00f3n ante Afip. Por el contrario, dispuso que se reanude la acci\u00f3n penal por evasi\u00f3n tributaria agravada contra Sergio Gabriel Sosa, Cristian Debarre y Mario Ernesto Casco.\n<\/p>\n<div class=\"g g-38\">\n<div class=\"g-dyn a-12 c-1\"><a class=\"gofollow\" data-track=\"MTIsMzgsMSw2MA==\" href=\"https:\/\/hospitalprivado.com.ar\/landing-trasplante.html\" target=\"_blank\" rel=\"noopener\"><img class=\"lazyload\" src=\"http:\/\/nuevacordoba.net\/wp-content\/uploads\/2023\/09\/facturas-truchas-como-y-con-quien-operaba-la-asociacion-ilicita-que-movio-2200-millones.gif\"><\/a><\/div>\n<\/div>\n","protected":false},"excerpt":{"rendered":"<p>&nbsp; (Por Mar\u00eda Ester Romero, especial para Perfil C\u00f3rdoba). La&nbsp;C\u00e1mara Federal de Apelaciones&nbsp;de C\u00f3rdoba emiti\u00f3 una resoluci\u00f3n con numerosas definiciones sobre una de las causas judiciales de mayor envergadura en materia penal econ\u00f3mica. Se trata de la investigaci\u00f3n por una&nbsp;usina de facturas truchas donde son investigadas m\u00e1s de&nbsp;50 personas, con diferentes roles en la organizaci\u00f3n [&hellip;]<\/p>\n","protected":false},"author":1,"featured_media":36181,"comment_status":"open","ping_status":"closed","sticky":false,"template":"","format":"standard","meta":[],"categories":[14],"tags":[],"_links":{"self":[{"href":"http:\/\/nuevacordoba.net\/index.php\/wp-json\/wp\/v2\/posts\/36180"}],"collection":[{"href":"http:\/\/nuevacordoba.net\/index.php\/wp-json\/wp\/v2\/posts"}],"about":[{"href":"http:\/\/nuevacordoba.net\/index.php\/wp-json\/wp\/v2\/types\/post"}],"author":[{"embeddable":true,"href":"http:\/\/nuevacordoba.net\/index.php\/wp-json\/wp\/v2\/users\/1"}],"replies":[{"embeddable":true,"href":"http:\/\/nuevacordoba.net\/index.php\/wp-json\/wp\/v2\/comments?post=36180"}],"version-history":[{"count":0,"href":"http:\/\/nuevacordoba.net\/index.php\/wp-json\/wp\/v2\/posts\/36180\/revisions"}],"wp:featuredmedia":[{"embeddable":true,"href":"http:\/\/nuevacordoba.net\/index.php\/wp-json\/wp\/v2\/media\/36181"}],"wp:attachment":[{"href":"http:\/\/nuevacordoba.net\/index.php\/wp-json\/wp\/v2\/media?parent=36180"}],"wp:term":[{"taxonomy":"category","embeddable":true,"href":"http:\/\/nuevacordoba.net\/index.php\/wp-json\/wp\/v2\/categories?post=36180"},{"taxonomy":"post_tag","embeddable":true,"href":"http:\/\/nuevacordoba.net\/index.php\/wp-json\/wp\/v2\/tags?post=36180"}],"curies":[{"name":"wp","href":"https:\/\/api.w.org\/{rel}","templated":true}]}}