{"id":36202,"date":"2023-09-04T23:15:39","date_gmt":"2023-09-04T23:15:39","guid":{"rendered":"https:\/\/prensa.cba.gov.ar\/?p=566581"},"modified":"2023-09-04T23:15:39","modified_gmt":"2023-09-04T23:15:39","slug":"unquillo-barbas-participo-de-la-reunion-de-la-red-de-infectologia","status":"publish","type":"post","link":"http:\/\/nuevacordoba.net\/index.php\/2023\/09\/04\/unquillo-barbas-participo-de-la-reunion-de-la-red-de-infectologia\/","title":{"rendered":"Unquillo: Barb\u00e1s particip\u00f3 de la reuni\u00f3n de la Red de Infectolog\u00eda"},"content":{"rendered":"<ul>\n<li><strong>Los referentes se reunieron en el Hospital de esa localidad, y abordaron la articulaci\u00f3n entre los subsectores privado y p\u00fablico municipal.<\/strong><\/li>\n<li><strong>La ministra tambi\u00e9n recorri\u00f3 el hospital y supervis\u00f3 las distintas obras de mejoras.<\/strong><\/li>\n<li><strong>Se hicieron adecuaciones en el sector de salud mental, y est\u00e1n casi terminadas las obras en las \u00e1reas de esterilizaci\u00f3n y de im\u00e1genes.<\/strong><\/li>\n<\/ul>\n<p>Este lunes, la ministra de Salud Gabriela Barb\u00e1s <strong>particip\u00f3 de la reuni\u00f3n de la Red de Infectolog\u00eda del Hospital Jos\u00e9 Urrutia de Unquillo<\/strong>. Adem\u00e1s, supervis\u00f3 las obras de mejora realizadas en el sector de salud mental y los avances en la central de esterilizaci\u00f3n y el servicio de im\u00e1genes del centro de salud.<\/p>\n<p>Vale se\u00f1alar que esta red, conformada por Resoluci\u00f3n Ministerial, involucra al sistema p\u00fablico y privado de atenci\u00f3n, con el objetivo de unificar criterios diagn\u00f3sticos y de tratamiento, y fomentar que todos los efectores y la poblaci\u00f3n tenga las mismas posibilidades de acceso a estos.<\/p>\n<p>Durante la reuni\u00f3n se repasaron las tareas de los distintos programas provinciales, y se inst\u00f3 a continuar reforzando la articulaci\u00f3n entre el subsector privado y el subsector p\u00fablico municipal, tanto en lo que hace a la pr\u00e1ctica infectol\u00f3gica ambulatoria como a las personas internadas.<\/p>\n<figure class=\"wp-block-gallery has-nested-images columns-default is-cropped wp-block-gallery-1 is-layout-flex\">\n<figure class=\"wp-block-image size-large\"><a href=\"http:\/\/nuevacordoba.net\/wp-content\/uploads\/2023\/09\/unquillo-barbas-participo-de-la-reunion-de-la-red-de-infectologia.jpg\"><img decoding=\"async\" loading=\"lazy\" width=\"993\" height=\"662\" data-id=\"566585\" src=\"http:\/\/nuevacordoba.net\/wp-content\/uploads\/2023\/09\/unquillo-barbas-participo-de-la-reunion-de-la-red-de-infectologia.jpg\" alt class=\"wp-image-566585\"><\/a><\/figure>\n<figure class=\"wp-block-image size-large\"><a href=\"http:\/\/nuevacordoba.net\/wp-content\/uploads\/2023\/09\/unquillo-barbas-participo-de-la-reunion-de-la-red-de-infectologia-1.jpg\"><img decoding=\"async\" loading=\"lazy\" width=\"993\" height=\"662\" data-id=\"566583\" src=\"http:\/\/nuevacordoba.net\/wp-content\/uploads\/2023\/09\/unquillo-barbas-participo-de-la-reunion-de-la-red-de-infectologia-1.jpg\" alt class=\"wp-image-566583\"><\/a><\/figure>\n<figure class=\"wp-block-image size-large\"><a href=\"http:\/\/nuevacordoba.net\/wp-content\/uploads\/2023\/09\/unquillo-barbas-participo-de-la-reunion-de-la-red-de-infectologia-2.jpg\"><img decoding=\"async\" loading=\"lazy\" width=\"993\" height=\"662\" data-id=\"566584\" src=\"http:\/\/nuevacordoba.net\/wp-content\/uploads\/2023\/09\/unquillo-barbas-participo-de-la-reunion-de-la-red-de-infectologia-2.jpg\" alt class=\"wp-image-566584\"><\/a><\/figure>\n<\/figure>\n<p>Adem\u00e1s, se abord\u00f3 el uso adecuado de antibi\u00f3ticos, control y prevenci\u00f3n de la Infecciones Asociadas a Cuidados de la Salud -IACS-, promoci\u00f3n y prevenci\u00f3n en torno a las enfermedades infecciosas y la implementaci\u00f3n de los test r\u00e1pidos para ITS.<\/p>\n<p>De la reuni\u00f3n, participaron Miguel D\u00edaz, director del Hospital Rawson y actual coordinar de la Red; integrantes de esta; referentes del Laboratorio Central y miembros del equipo de salud de la instituci\u00f3n.<\/p>\n<p><strong>Avance de obras en el Hospital<\/strong><\/p>\n<p>En esta oportunidad, la ministra recorri\u00f3 y supervis\u00f3 las obras de mejora que se vienen realizando en ese centro de salud.<\/p>\n<p>En lo que respecta&nbsp;al sector de <strong>salud mental<\/strong>, se adecu\u00f3 la <strong>sala de primer contacto<\/strong> en la planta baja del edificio, con la colocaci\u00f3n de policarbonatos transparentes y mejoras en los ingresos a la sala y los ba\u00f1os.<\/p>\n<p>Adem\u00e1s, <strong>se reacondicion\u00f3 el sector de habitaciones<\/strong>, donde se cambi\u00f3 el panel de gases por <strong>bocas de ox\u00edgeno individuales<\/strong>, y se renov\u00f3 la iluminaci\u00f3n, la pintura total y los ba\u00f1os. La inversi\u00f3n total en estas mejoras fue de m\u00e1s de&nbsp;<strong>2 millones de pesos<\/strong>.<\/p>\n<figure class=\"wp-block-gallery has-nested-images columns-default is-cropped wp-block-gallery-3 is-layout-flex\">\n<figure class=\"wp-block-image size-large\"><a href=\"http:\/\/nuevacordoba.net\/wp-content\/uploads\/2023\/09\/unquillo-barbas-participo-de-la-reunion-de-la-red-de-infectologia-3.jpg\"><img decoding=\"async\" loading=\"lazy\" width=\"993\" height=\"662\" data-id=\"566589\" src=\"http:\/\/nuevacordoba.net\/wp-content\/uploads\/2023\/09\/unquillo-barbas-participo-de-la-reunion-de-la-red-de-infectologia-3.jpg\" alt class=\"wp-image-566589\"><\/a><\/figure>\n<figure class=\"wp-block-image size-full\"><a href=\"http:\/\/nuevacordoba.net\/wp-content\/uploads\/2023\/09\/unquillo-barbas-participo-de-la-reunion-de-la-red-de-infectologia-4.jpg\"><img decoding=\"async\" loading=\"lazy\" width=\"993\" height=\"662\" data-id=\"566586\" src=\"http:\/\/nuevacordoba.net\/wp-content\/uploads\/2023\/09\/unquillo-barbas-participo-de-la-reunion-de-la-red-de-infectologia-4.jpg\" alt class=\"wp-image-566586\"><\/a><\/figure>\n<figure class=\"wp-block-image size-large\"><a href=\"http:\/\/nuevacordoba.net\/wp-content\/uploads\/2023\/09\/unquillo-barbas-participo-de-la-reunion-de-la-red-de-infectologia-5.jpg\"><img decoding=\"async\" loading=\"lazy\" width=\"993\" height=\"662\" data-id=\"566587\" src=\"http:\/\/nuevacordoba.net\/wp-content\/uploads\/2023\/09\/unquillo-barbas-participo-de-la-reunion-de-la-red-de-infectologia-5.jpg\" alt class=\"wp-image-566587\"><\/a><\/figure>\n<\/figure>\n<p>Tambi\u00e9n se avanz\u00f3 en la <strong>central de esterilizaci\u00f3n<\/strong>, con un progreso del 95 por ciento en las obras necesarias para la instalaci\u00f3n de una <strong>nueva lavadora y esterilizadora<\/strong>, ya adquiridas. Esta aparatolog\u00eda tuvo una inversi\u00f3n de 37.617.500 millones de pesos.<\/p>\n<figure class=\"wp-block-gallery has-nested-images columns-default is-cropped wp-block-gallery-5 is-layout-flex\">\n<figure class=\"wp-block-image size-large\"><img decoding=\"async\" loading=\"lazy\" width=\"1280\" height=\"853\" data-id=\"566627\" src=\"http:\/\/nuevacordoba.net\/wp-content\/uploads\/2023\/09\/unquillo-barbas-participo-de-la-reunion-de-la-red-de-infectologia-6.jpg\" alt class=\"wp-image-566627\"><\/figure>\n<figure class=\"wp-block-image size-large\"><img decoding=\"async\" loading=\"lazy\" width=\"1280\" height=\"853\" data-id=\"566628\" src=\"http:\/\/nuevacordoba.net\/wp-content\/uploads\/2023\/09\/unquillo-barbas-participo-de-la-reunion-de-la-red-de-infectologia-7.jpg\" alt class=\"wp-image-566628\"><\/figure>\n<figure class=\"wp-block-image size-full\"><img decoding=\"async\" loading=\"lazy\" width=\"993\" height=\"662\" data-id=\"566592\" src=\"http:\/\/nuevacordoba.net\/wp-content\/uploads\/2023\/09\/unquillo-barbas-participo-de-la-reunion-de-la-red-de-infectologia-8.jpg\" alt class=\"wp-image-566592\"><\/figure>\n<\/figure>\n<p>Asimismo, la ministra supervis\u00f3 la <strong>digitalizaci\u00f3n del servicio de im\u00e1genes<\/strong> y las obras en la sala que alojar\u00e1 el <strong>nuevo tom\u00f3grafo<\/strong> del hospital, que presentan un avance tambi\u00e9n del 95 por ciento. Vale mencionar que, en este caso, el equipamiento se encuentra en proceso de licitaci\u00f3n.<\/p>\n<p>Adem\u00e1s de estas obras, Barb\u00e1s recorri\u00f3 distintos sectores del Hospital, incluyendo las \u00e1reas de farmacia, laboratorio, internado, la terapia, los quir\u00f3fanos y vacunatorio.<\/p>\n<p>En este marco, Barb\u00e1s destac\u00f3: <em>\u201cEs un hospital ordenado, con una muy buena gesti\u00f3n de sus directivos y un equipo de salud comprometido que da respuesta a la alta demanda de la regi\u00f3n\u201d.<\/em><\/p>\n<p>Cabe destacar que este centro, durante el mes de agosto, alcanz\u00f3 las 8.975 atenciones, entre prestaciones de diferentes especialidades y estudios; y en lo que va del a\u00f1o, <strong>lleva realizadas 653 cirug\u00edas programadas<\/strong>.<\/p>\n<p>De la recorrida participaron el director de Hospitales del interior, Pablo Amodei; el subdirector de la instituci\u00f3n, Juan Carlos \u00c1valos; e integrantes del equipo de salud.<\/p>\n","protected":false},"excerpt":{"rendered":"<p>Los referentes se reunieron en el Hospital de esa localidad, y abordaron la articulaci\u00f3n entre los subsectores privado y p\u00fablico municipal. La ministra tambi\u00e9n recorri\u00f3 el hospital y supervis\u00f3 las distintas obras de mejoras. Se hicieron adecuaciones en el sector de salud mental, y est\u00e1n casi terminadas las obras en las \u00e1reas de esterilizaci\u00f3n y [&hellip;]<\/p>\n","protected":false},"author":1,"featured_media":36203,"comment_status":"closed","ping_status":"closed","sticky":false,"template":"","format":"standard","meta":[],"categories":[14],"tags":[],"_links":{"self":[{"href":"http:\/\/nuevacordoba.net\/index.php\/wp-json\/wp\/v2\/posts\/36202"}],"collection":[{"href":"http:\/\/nuevacordoba.net\/index.php\/wp-json\/wp\/v2\/posts"}],"about":[{"href":"http:\/\/nuevacordoba.net\/index.php\/wp-json\/wp\/v2\/types\/post"}],"author":[{"embeddable":true,"href":"http:\/\/nuevacordoba.net\/index.php\/wp-json\/wp\/v2\/users\/1"}],"replies":[{"embeddable":true,"href":"http:\/\/nuevacordoba.net\/index.php\/wp-json\/wp\/v2\/comments?post=36202"}],"version-history":[{"count":0,"href":"http:\/\/nuevacordoba.net\/index.php\/wp-json\/wp\/v2\/posts\/36202\/revisions"}],"wp:featuredmedia":[{"embeddable":true,"href":"http:\/\/nuevacordoba.net\/index.php\/wp-json\/wp\/v2\/media\/36203"}],"wp:attachment":[{"href":"http:\/\/nuevacordoba.net\/index.php\/wp-json\/wp\/v2\/media?parent=36202"}],"wp:term":[{"taxonomy":"category","embeddable":true,"href":"http:\/\/nuevacordoba.net\/index.php\/wp-json\/wp\/v2\/categories?post=36202"},{"taxonomy":"post_tag","embeddable":true,"href":"http:\/\/nuevacordoba.net\/index.php\/wp-json\/wp\/v2\/tags?post=36202"}],"curies":[{"name":"wp","href":"https:\/\/api.w.org\/{rel}","templated":true}]}}