{"id":3628,"date":"2021-04-24T04:46:07","date_gmt":"2021-04-24T04:46:07","guid":{"rendered":"http:\/\/nuevacordoba.net\/index.php\/2021\/04\/24\/fallecio-por-coronavirus-el-productor-teatral-daniel-comba\/"},"modified":"2021-04-24T04:46:07","modified_gmt":"2021-04-24T04:46:07","slug":"fallecio-por-coronavirus-el-productor-teatral-daniel-comba","status":"publish","type":"post","link":"http:\/\/nuevacordoba.net\/index.php\/2021\/04\/24\/fallecio-por-coronavirus-el-productor-teatral-daniel-comba\/","title":{"rendered":"Falleci\u00f3 por coronavirus el productor teatral Daniel Comba"},"content":{"rendered":"<div class=\"image\" id=\"image\"> <img src=\"http:\/\/nuevacordoba.net\/wp-content\/uploads\/2021\/04\/fallecio-por-coronavirus-el-productor-teatral-daniel-comba.jpg\" alt=\"Captura de TV.\" title=\"Captura de TV.\"><\/p>\n<p>Captura de TV.<\/p>\n<\/div>\n<p>El productor teatral Daniel Comba, quien estaba a cargo del porte\u00f1o teatro Astros en el \u00faltimo tiempo, falleci\u00f3 a los 65 a\u00f1os luego de estar internado un mes en el sanatorio Mater Dei por complicaciones derivadas del coronavirus.<\/p>\n<p>\u00abUn hombre sano, que se cuidaba mucho, que no ten\u00eda enfermedades preexistentes como para pensar en esto. Despu\u00e9s de una comida que tuvo con un amigo, los dos dieron positivo, y luego \u00e9l se intern\u00f3 solo el s\u00e1bado 20 de marzo en el Mater Dei y hoy termina con este desenlace\u00bb, lament\u00f3 su par, el empresario teatral Carlos Rottemberg, en charla con T\u00e9lam.<\/p>\n<p>\u00abEn la profesi\u00f3n lo conocimos en sus primeras producciones con Jorge Guinzburg, con quien comenz\u00f3 su carrera, despu\u00e9s se hizo cargo del teatro Astros en esta \u00faltima etapa. Compartimos todo el proceso de la muerte de Emilio Disi. Era un tipo querido por la gente con la que ha trabajado, de bajo perfil; tengo tanto compartido que no s\u00e9 qu\u00e9 decir\u00bb, agreg\u00f3 muy conmovido el productor.<\/p>\n<p>\u00abBrujas\u00bb, \u00abPanam y circo\u00bb, \u00abLa Noche de las Pistolas Fr\u00edas\u00bb, \u00abEl Astros est\u00e1 de fiesta\u00bb, \u00abExcitante\u00bb, \u00abCarnaval de estrellas\u00bb y \u00abPlaneta Show\u00bb, son algunos de los t\u00edtulos que produjo Comba a lo largo de su trayectoria.<\/p>\n<p>Figuras del medio lo recordaron en sus redes sociales, como es el caso de Malena Guinzburg, comediante e hija del recordado Jorge, que public\u00f3: \u00abVirus de mierda. Muri\u00f3 Daniel Comba. Amigo (hermano) de mi viejo. Un gran tipo. No puedo m\u00e1s de la tristeza\u00bb.<\/p>\n<div class=\"js-code\" readability=\"5.9347826086957\">\n<blockquote class=\"twitter-tweet\" readability=\"5.4782608695652\">\n<p lang=\"es\" dir=\"ltr\">Virus de mierda . Muri\u00f3 Daniel Comba. Amigo ( hermano) de mi viejo. Un gran tipo. No puedo m\u00e1s de la tristeza.<\/p>\n<p>\u2014 Malena Guinzburg (@mguinzburg) <a href=\"https:\/\/twitter.com\/mguinzburg\/status\/1385646358959464452?ref_src=twsrc%5Etfw\">April 23, 2021<\/a><\/p><\/blockquote><\/div>\n<p>La capoc\u00f3mica Carmen Barbieri, quien tambi\u00e9n atraves\u00f3 con grandes complicaciones la Covid-19, escribi\u00f3 por su parte el sint\u00e9tico pero sentido \u00ablamento tanto tu partida querido Daniel Comba\u00bb.<\/p>\n<div class=\"js-code\" readability=\"5.1683168316832\">\n<blockquote class=\"twitter-tweet\" readability=\"4.3069306930693\">\n<p lang=\"es\" dir=\"ltr\">Lamento tanto tu PARTIDA QUERIDO DANIEL COMBA<\/p>\n<p>\u2014 Carmen Luz Barbieri (@Carmen_LaLeona) <a href=\"https:\/\/twitter.com\/Carmen_LaLeona\/status\/1385642302593449986?ref_src=twsrc%5Etfw\">April 23, 2021<\/a><\/p><\/blockquote><\/div>\n<p>En tanto, Luciana Salazar escribi\u00f3 a trav\u00e9s de su cuenta de Twitter: \u00abNo lo puedo creer se muri\u00f3 Daniel Comba, no salgo de mi asombro y tristeza. QEPD querido Dani te recordar\u00e9 siempre\u00bb.<\/p>\n<div class=\"js-code\" readability=\"6.4096385542169\">\n<blockquote class=\"twitter-tweet\" readability=\"6.4096385542169\">\n<p lang=\"es\" dir=\"ltr\">No lo puedo creer se murio Daniel Comba, no salgo de mi asombro y tristeza. QEPD querido Dani te recordare siempre \ud83d\udc94<\/p>\n<p>\u2014 luciana salazar (@lulipop07) <a href=\"https:\/\/twitter.com\/lulipop07\/status\/1385640480726212617?ref_src=twsrc%5Etfw\">April 23, 2021<\/a><\/p><\/blockquote><\/div>\n<p>\u00abEstoy muy triste por el fallecimiento de Dani Comba, mi primer productor teatral, quien siempre confi\u00f3 en mi art\u00edsticamente y me incentiv\u00f3 a crecer, mi amigo, un tipazo a quien voy a extra\u00f1ar mucho. QEPD siempre en mi coraz\u00f3n Dani\u00bb, expres\u00f3 tambi\u00e9n Florencia Tesouro en su red social.<\/p>\n<p>Tambi\u00e9n se despidi\u00f3 de \u00e9l la actriz Miriam Lanzoni, quien poste\u00f3 una foto en la que se los ve juntos y el texto: \u00abAs\u00ed te quiero recordar querido amigo. Negro hermoso. Tengo mucha bronca porque los hombres como vos hac\u00edan la diferencia en este plano. La Puta madre que lo pari\u00f3. Si es un plan de Dios, que vos tanto cre\u00edas, chifl\u00e1, te lo ruego Dani. Para siempre en mi coraz\u00f3n. Gracias x tu amistad\u00bb.<\/p>\n<p>Tambi\u00e9n lo despidi\u00f3 la cuenta institucional de V\u00e9lez Sarsfield, club del que era hincha, que tambi\u00e9n rememor\u00f3 otra faceta p\u00fablica relevante de Comba como representante de jugadores de f\u00fatbol: \u00abLamentamos comunicar que en el d\u00eda de hoy, falleci\u00f3 Daniel Comba, fan\u00e1tico hincha de V\u00e9lez. Su padre fue portero en el vestuario en la d\u00e9cada del 60-70. Representante, productor art\u00edstico y una vida ligada al club\u00bb.<\/p>\n<div class=\"js-code\" readability=\"7.2972972972973\">\n<blockquote class=\"twitter-tweet\" readability=\"8.9189189189189\">\n<p lang=\"es\" dir=\"ltr\">\u26ab <a href=\"https:\/\/twitter.com\/hashtag\/V%C3%A9lez?src=hash&amp;ref_src=twsrc%5Etfw\">#V\u00e9lez<\/a> env\u00eda el m\u00e1s sentido p\u00e9same a la familia y amigos de Daniel Comba, reconocido productor teatral, hincha y socio vitalicio fortinero. Una p\u00e9rdida irreparable de una persona muy querida en el mundo del espect\u00e1culo y en toda nuestra Instituci\u00f3n.<\/p>\n<p>\ud83d\udc68\ud83c\udffb\u200d\ud83d\udcbb <a href=\"https:\/\/t.co\/GocbZqV6QY\">https:\/\/t.co\/GocbZqV6QY<\/a> <a href=\"https:\/\/t.co\/5xKwo2f9jO\">pic.twitter.com\/5xKwo2f9jO<\/a><\/p>\n<p>\u2014 V\u00e9lez Sarsfield (@Velez) <a href=\"https:\/\/twitter.com\/Velez\/status\/1385661058518556686?ref_src=twsrc%5Etfw\">April 23, 2021<\/a><\/p><\/blockquote><\/div>\n<p>Comba fue representante de Fabi\u00e1n Vargas, futbolista colombiano que jug\u00f3 en Boca Juniors en \u00e9pocas de Carlos Bianchi como DT. <\/p>\n","protected":false},"excerpt":{"rendered":"<p>Captura de TV. El productor teatral Daniel Comba, quien estaba a cargo del porte\u00f1o teatro Astros en el \u00faltimo tiempo, falleci\u00f3 a los 65 a\u00f1os luego de estar internado un mes en el sanatorio Mater Dei por complicaciones derivadas del coronavirus. \u00abUn hombre sano, que se cuidaba mucho, que no ten\u00eda enfermedades preexistentes como para [&hellip;]<\/p>\n","protected":false},"author":1,"featured_media":3629,"comment_status":"closed","ping_status":"closed","sticky":false,"template":"","format":"standard","meta":[],"categories":[9],"tags":[],"_links":{"self":[{"href":"http:\/\/nuevacordoba.net\/index.php\/wp-json\/wp\/v2\/posts\/3628"}],"collection":[{"href":"http:\/\/nuevacordoba.net\/index.php\/wp-json\/wp\/v2\/posts"}],"about":[{"href":"http:\/\/nuevacordoba.net\/index.php\/wp-json\/wp\/v2\/types\/post"}],"author":[{"embeddable":true,"href":"http:\/\/nuevacordoba.net\/index.php\/wp-json\/wp\/v2\/users\/1"}],"replies":[{"embeddable":true,"href":"http:\/\/nuevacordoba.net\/index.php\/wp-json\/wp\/v2\/comments?post=3628"}],"version-history":[{"count":0,"href":"http:\/\/nuevacordoba.net\/index.php\/wp-json\/wp\/v2\/posts\/3628\/revisions"}],"wp:featuredmedia":[{"embeddable":true,"href":"http:\/\/nuevacordoba.net\/index.php\/wp-json\/wp\/v2\/media\/3629"}],"wp:attachment":[{"href":"http:\/\/nuevacordoba.net\/index.php\/wp-json\/wp\/v2\/media?parent=3628"}],"wp:term":[{"taxonomy":"category","embeddable":true,"href":"http:\/\/nuevacordoba.net\/index.php\/wp-json\/wp\/v2\/categories?post=3628"},{"taxonomy":"post_tag","embeddable":true,"href":"http:\/\/nuevacordoba.net\/index.php\/wp-json\/wp\/v2\/tags?post=3628"}],"curies":[{"name":"wp","href":"https:\/\/api.w.org\/{rel}","templated":true}]}}