{"id":3634,"date":"2021-04-24T08:14:56","date_gmt":"2021-04-24T08:14:56","guid":{"rendered":"http:\/\/www.bbc.com\/mundo\/noticias-internacional-55918785"},"modified":"2021-04-24T08:14:56","modified_gmt":"2021-04-24T08:14:56","slug":"medio-oriente-como-francia-y-reino-unido-se-repartieron-la-region-hace-un-siglo","status":"publish","type":"post","link":"http:\/\/nuevacordoba.net\/index.php\/2021\/04\/24\/medio-oriente-como-francia-y-reino-unido-se-repartieron-la-region-hace-un-siglo\/","title":{"rendered":"Medio Oriente: c\u00f3mo Francia y Reino Unido se repartieron la regi\u00f3n hace un siglo"},"content":{"rendered":"<div dir=\"ltr\" class=\"e1j2237y6 bbc-q4ibpr e57qer20\">\n<div class=\"bbc-1atl7vu e1c9i7u14\">\n<ul role=\"list\" class=\"bbc-cdrraw e1c9i7u12\">\n<li role=\"listitem\" class=\"bbc-1a3w4ok e1c9i7u11\">Norberto Paredes @norbertparedes<\/li>\n<li role=\"listitem\" class=\"bbc-1p92jtu e1c9i7u10\">BBC News Mundo<\/li>\n<\/ul>\n<\/div>\n<\/div>\n<p><time datetime=\"2021-04-24\" class=\"bbc-14xtggo e4zesg50\">3 horas<\/time><\/p>\n<div dir=\"ltr\" class=\"bbc-1ka88fa e57qer20\">\n<figure class=\"bbc-1qdcvv9 e6bmn90\">\n<div dir=\"ltr\" class=\"bbc-172p16q e57qer20\">\n<div dir=\"ltr\" class=\"bbc-189y18v e57qer20\" readability=\"6.5\">\n<div data-e2e=\"image-placeholder\" class=\"bbc-1k5hvrj e1whu0\" readability=\"8\"><img srcset=\"http:\/\/nuevacordoba.net\/wp-content\/uploads\/2021\/04\/medio-oriente-como-francia-y-reino-unido-se-repartieron-la-region-hace-un-siglo-11.jpg 240w, http:\/\/nuevacordoba.net\/wp-content\/uploads\/2021\/04\/medio-oriente-como-francia-y-reino-unido-se-repartieron-la-region-hace-un-siglo-12.jpg 320w, http:\/\/nuevacordoba.net\/wp-content\/uploads\/2021\/04\/medio-oriente-como-francia-y-reino-unido-se-repartieron-la-region-hace-un-siglo-13.jpg 480w, http:\/\/nuevacordoba.net\/wp-content\/uploads\/2021\/04\/medio-oriente-como-francia-y-reino-unido-se-repartieron-la-region-hace-un-siglo-14.jpg 624w, http:\/\/nuevacordoba.net\/wp-content\/uploads\/2021\/04\/medio-oriente-como-francia-y-reino-unido-se-repartieron-la-region-hace-un-siglo-15.jpg 800w\" alt=\"El entonces ministro brit\u00e1nico David Lloyd George, el exjefe de gobierno de Francia Alexandre Millerand y el exmandatario italiano Francesco Nitti en la Conferencia de San Remo. (5\/13\/1920)\" src=\"http:\/\/nuevacordoba.net\/wp-content\/uploads\/2021\/04\/medio-oriente-como-francia-y-reino-unido-se-repartieron-la-region-hace-un-siglo.jpg\" width=\"976\" class=\"bbc-fat2bc e1enwo3v0\"><\/p>\n<p role=\"text\" class=\"bbc-1s1cxbv etq3yw90\"><span class=\"bbc-1gnhmg2 e1yt7oin0\">Fuente de la imagen, <\/span><span lang=\"en-GB\">Getty Images<\/span><\/p>\n<\/div>\n<\/div>\n<div dir=\"ltr\" class=\"bbc-3edg7g e57qer20\" readability=\"7.5\"><figcaption dir=\"ltr\" class=\"bbc-1t9zlwf eede9f50\" readability=\"5\"><span class=\"bbc-1gnhmg2 e1yt7oin0\">Pie de foto, <\/span><\/p>\n<p>El brit\u00e1nico David Lloyd George, el franc\u00e9s Alexandre Millerand y el italiano Francesco Nitti lideraron la Conferencia de San Remo, en la que se oficializ\u00f3 el reparto de Medio Oriente.<\/p>\n<\/figcaption><\/div>\n<\/div>\n<\/figure>\n<\/div>\n<div dir=\"ltr\" class=\"bbc-19j92fr e57qer20\" readability=\"8\">\n<p dir=\"ltr\" class=\"bbc-bm53ic e1cc2ql70\"><b>Una ma\u00f1ana de abril de 1920 Francia y Reino Unido arrancaron una conferencia en una peque\u00f1a poblaci\u00f3n de la Riviera italiana y cuyo objetivo era oficializar el reparto del Medio Oriente otomano. <\/b><\/p>\n<\/div>\n<div dir=\"ltr\" class=\"bbc-19j92fr e57qer20\" readability=\"13\">\n<p dir=\"ltr\" class=\"bbc-bm53ic e1cc2ql70\">Par\u00eds se quedar\u00eda con L\u00edbano y Siria, mientras que Londres tomar\u00eda el control de Irak y Palestina, seg\u00fan lo acordado en la conferencia de San Remo, celebrada del 19 al 26 de abril de 1920, hace exactamente 101 a\u00f1os. <\/p>\n<\/div>\n<div dir=\"ltr\" class=\"bbc-19j92fr e57qer20\" readability=\"12\">\n<p dir=\"ltr\" class=\"bbc-bm53ic e1cc2ql70\">Esta repartici\u00f3n entre las dos grandes potencias coloniales de la \u00e9poca se hab\u00eda pactado cuatro a\u00f1os antes, en<b> una reuni\u00f3n<\/b><b> secreta <\/b>en la que, con el consentimiento de Rusia, el franc\u00e9s Fran\u00e7ois Georges-Picot y el brit\u00e1nico Sir Mark Sykes negociaron el ahora famoso Acuerdo Sykes-Picot. <\/p>\n<\/div>\n<div dir=\"ltr\" class=\"bbc-19j92fr e57qer20\" readability=\"9\">\n<p dir=\"ltr\" class=\"bbc-bm53ic e1cc2ql70\">Aquella semana primaveral no solo se sentaron las bases de las actuales fronteras de Medio Oriente, sino tambi\u00e9n de muchos problemas que contin\u00faan en la actualidad.<\/p>\n<\/div>\n<div dir=\"ltr\" class=\"bbc-19j92fr e57qer20\" readability=\"13\">\n<p dir=\"ltr\" class=\"bbc-bm53ic e1cc2ql70\">\u00abLas consecuencias de lo ocurrido en San Remo son dram\u00e1ticas y no solo lo que pas\u00f3 en esa conferencia. Durante muchos a\u00f1os Francia y Gran Breta\u00f1a tomaron decisiones que acabaron creando <b>Estados sin naciones<\/b>, porque las naciones no tuvieron el derecho a expresarse\u00bb, le dice a BBC Mundo Jean-Paul Chagnollaud, profesor de ciencias pol\u00edticas en la Universidad de Cergy-Pontoise y especialista en Medio Oriente. <\/p>\n<\/div>\n<div dir=\"ltr\" class=\"bbc-19j92fr e57qer20\" readability=\"13\">\n<p dir=\"ltr\" class=\"bbc-bm53ic e1cc2ql70\">\u00abMuchos de los problemas que hoy vemos en Palestina, en L\u00edbano, en Irak o en Siria est\u00e1n vinculados evidentemente con lo que sucedi\u00f3 en 1920 y luego en 1921, 1922 y 1923\u00bb, prosigue el tambi\u00e9n director del Instituto de Investigaci\u00f3n y Estudios del Mediterr\u00e1neo y Medio Oriente (iReMMO).<\/p>\n<\/div>\n<div dir=\"ltr\" class=\"bbc-1ka88fa e57qer20\">\n<figure class=\"bbc-1qdcvv9 e6bmn90\">\n<div dir=\"ltr\" class=\"bbc-172p16q e57qer20\">\n<div dir=\"ltr\" class=\"bbc-189y18v e57qer20\">\n<div data-e2e=\"image-placeholder\" class=\"bbc-1so9l0h e1whu0\"><noscript><img srcset=\"http:\/\/nuevacordoba.net\/wp-content\/uploads\/2021\/04\/medio-oriente-como-francia-y-reino-unido-se-repartieron-la-region-hace-un-siglo-16.jpg 240w, http:\/\/nuevacordoba.net\/wp-content\/uploads\/2021\/04\/medio-oriente-como-francia-y-reino-unido-se-repartieron-la-region-hace-un-siglo-17.jpg 320w, http:\/\/nuevacordoba.net\/wp-content\/uploads\/2021\/04\/medio-oriente-como-francia-y-reino-unido-se-repartieron-la-region-hace-un-siglo-18.jpg 480w, http:\/\/nuevacordoba.net\/wp-content\/uploads\/2021\/04\/medio-oriente-como-francia-y-reino-unido-se-repartieron-la-region-hace-un-siglo-19.jpg 624w, http:\/\/nuevacordoba.net\/wp-content\/uploads\/2021\/04\/medio-oriente-como-francia-y-reino-unido-se-repartieron-la-region-hace-un-siglo-1.jpg 640w\" alt=\"Medio Oriente en 1920.\" src=\"http:\/\/nuevacordoba.net\/wp-content\/uploads\/2021\/04\/medio-oriente-como-francia-y-reino-unido-se-repartieron-la-region-hace-un-siglo-1.jpg\" width=\"640\" class=\"bbc-fat2bc e1enwo3v0\"><\/noscript><\/div>\n<\/div>\n<\/div>\n<\/figure>\n<\/div>\n<div dir=\"ltr\" class=\"bbc-19j92fr e57qer20\" readability=\"11\">\n<p dir=\"ltr\" class=\"bbc-bm53ic e1cc2ql70\">El centenario de la firma del tratado de Sykes-Picot en 2016 gener\u00f3 un gran inter\u00e9s medi\u00e1tico. Sin embargo los cien a\u00f1os de la Conferencia de San Remo pasaron, por la mayor parte, sin pena ni gloria. <\/p>\n<\/div>\n<div dir=\"ltr\" class=\"bbc-19j92fr e57qer20\" readability=\"12\">\n<p dir=\"ltr\" class=\"bbc-bm53ic e1cc2ql70\">Esto se debe quiz\u00e1 a lo trascendental que se volvi\u00f3 el primer acuerdo cuando se hizo p\u00fablico, por el secretismo de las negociaciones entre Fran\u00e7ois Georges-Picot y Sir Mark Sykes, dos arist\u00f3cratas que cre\u00edan en la noci\u00f3n de que la gente en <b>Oriente Medio estar\u00eda mejor bajo el dominio europeo<\/b>. <\/p>\n<\/div>\n<p><h2 id=\"Las-promesas-brit\u00e1nicas\" tabindex=\"-1\" class=\"bbc-l3e97o e14hemmw0\">Las promesas brit\u00e1nicas<\/h2>\n<\/p>\n<div dir=\"ltr\" class=\"bbc-19j92fr e57qer20\" readability=\"10\">\n<p dir=\"ltr\" class=\"bbc-bm53ic e1cc2ql70\">Los \u00e1rabes ignoraron por muchos a\u00f1os que Par\u00eds y Londres estaban maquinando un tratado que enterraba la promesa que los brit\u00e1nicos les hab\u00edan hecho de que si se rebelaban contra los otomanos, la ca\u00edda de ese imperio los volver\u00eda libres e independientes. <\/p>\n<\/div>\n<div dir=\"ltr\" class=\"bbc-19j92fr e57qer20\" readability=\"8\">\n<p dir=\"ltr\" class=\"bbc-bm53ic e1cc2ql70\">La victoria de los aliados en Medio Oriente durante la Primera Guerra Mundial fue uno de los detonantes de <b>la desintegraci\u00f3n del Imperio otomano<\/b>. <\/p>\n<\/div>\n<div dir=\"ltr\" class=\"bbc-19j92fr e57qer20\" readability=\"12\">\n<p dir=\"ltr\" class=\"bbc-bm53ic e1cc2ql70\">Tras este evento se cre\u00f3, como se hab\u00eda previsto, el mandato franc\u00e9s de Siria y mandatos brit\u00e1nicos en Irak y Palestina, todos bajo supervisi\u00f3n de la Liga de Naciones (organismo que antecedi\u00f3 a la ONU).<\/p>\n<\/div>\n<div dir=\"ltr\" class=\"bbc-19j92fr e57qer20\" readability=\"12\">\n<p dir=\"ltr\" class=\"bbc-bm53ic e1cc2ql70\">\u00abLos brit\u00e1nicos ayudaron a los \u00e1rabes en la regi\u00f3n a rebelarse en contra del dominio Otomano, pero durante la guerra hicieron promesas a diferentes grupos\u00bb, le cuenta a BBC Mundo Priya Satia, historiadora experta en el Imperio Brit\u00e1nico y profesora de la Universidad de Stanford. <\/p>\n<\/div>\n<div dir=\"ltr\" class=\"ek1plzs1 bbc-9m7iam e57qer20\">\n<figure class=\"bbc-1qdcvv9 e6bmn90\">\n<div dir=\"ltr\" class=\"bbc-vx18wi e57qer20\">\n<div dir=\"ltr\" class=\"bbc-rprdln e57qer20\">\n<div data-e2e=\"image-placeholder\" class=\"bbc-1acbaas e1whu0\"><noscript><img srcset=\"http:\/\/nuevacordoba.net\/wp-content\/uploads\/2021\/04\/medio-oriente-como-francia-y-reino-unido-se-repartieron-la-region-hace-un-siglo-20.jpg 240w, http:\/\/nuevacordoba.net\/wp-content\/uploads\/2021\/04\/medio-oriente-como-francia-y-reino-unido-se-repartieron-la-region-hace-un-siglo-21.jpg 320w, http:\/\/nuevacordoba.net\/wp-content\/uploads\/2021\/04\/medio-oriente-como-francia-y-reino-unido-se-repartieron-la-region-hace-un-siglo-22.jpg 480w, http:\/\/nuevacordoba.net\/wp-content\/uploads\/2021\/04\/medio-oriente-como-francia-y-reino-unido-se-repartieron-la-region-hace-un-siglo-23.jpg 624w, http:\/\/nuevacordoba.net\/wp-content\/uploads\/2021\/04\/medio-oriente-como-francia-y-reino-unido-se-repartieron-la-region-hace-un-siglo-24.jpg 800w\" alt=\"Mapa\" src=\"http:\/\/nuevacordoba.net\/wp-content\/uploads\/2021\/04\/medio-oriente-como-francia-y-reino-unido-se-repartieron-la-region-hace-un-siglo-2.jpg\" width=\"900\" class=\"bbc-fat2bc e1enwo3v0\"><\/noscript><\/div>\n<\/div>\n<\/div>\n<\/figure>\n<\/div>\n<div dir=\"ltr\" class=\"bbc-19j92fr e57qer20\" readability=\"11\">\n<p dir=\"ltr\" class=\"bbc-bm53ic e1cc2ql70\">\u00abLes prometieron a los \u00e1rabes que podr\u00edan <b>gobernar de manera independiente<\/b> en Palestina, les prometieron a los franceses que iban a dividir algunos de los territorios con ellos y luego est\u00e1 la promesa que hicieron con la Declaraci\u00f3n Balfour\u00bb, apunta. <\/p>\n<\/div>\n<p><h2 id=\"No-estaban-listos-para-la-independencia\" tabindex=\"-1\" class=\"bbc-l3e97o e14hemmw0\">\u00abNo estaban listos para la independencia\u00bb<\/h2>\n<\/p>\n<div dir=\"ltr\" class=\"bbc-19j92fr e57qer20\" readability=\"14\">\n<p dir=\"ltr\" class=\"bbc-bm53ic e1cc2ql70\">Pero en la Conferencia de San Remo, el entonces primer ministro brit\u00e1nico, David Lloyd George, el exjefe de gobierno de Francia Alexandre Millerand, el <i class=\"bbc-h1y5j7 ewc4zcb0\">premier<\/i> italiano Francesco Nitti y el embajador japon\u00e9s Keishir\u014d Matsui coincidieron en que no toda la regi\u00f3n estaba preparada para la independencia total.<\/p>\n<\/div>\n<div dir=\"ltr\" class=\"bbc-19j92fr e57qer20\" readability=\"11\">\n<p dir=\"ltr\" class=\"bbc-bm53ic e1cc2ql70\">\u00abEn San Remo los conversaciones se centraron especialmente en los mandatos de los territorios que ya se hab\u00edan repartido Francia y Reino Unido. En particular, hubo <b>un debate muy largo<\/b> que dur\u00f3 varias horas sobre el tema de Palestina y la Declaraci\u00f3n Balfour\u00bb, se\u00f1ala Jean-Paul Chagnollaud. <\/p>\n<\/div>\n<div dir=\"ltr\" class=\"bbc-19j92fr e57qer20\" readability=\"11\">\n<p dir=\"ltr\" class=\"bbc-bm53ic e1cc2ql70\">Firmada el 2 de noviembre de 1917, en plena guerra mundial, la Declaraci\u00f3n Balfour fue un documento en el que el gobierno brit\u00e1nico le prometi\u00f3 al pueblo jud\u00edo un \u00abhogar\u00bb en la regi\u00f3n de Palestina. <\/p>\n<\/div>\n<div dir=\"ltr\" class=\"bbc-19j92fr e57qer20\" readability=\"10\">\n<p dir=\"ltr\" class=\"bbc-bm53ic e1cc2ql70\">Los brit\u00e1nicos y los franceses ten\u00edan previsto dividir la regi\u00f3n del Levante, tambi\u00e9n conocida como Levante mediterr\u00e1neo, <b>de manera sectaria<\/b>. <\/p>\n<\/div>\n<div dir=\"ltr\" class=\"bbc-19j92fr e57qer20\" readability=\"8\">\n<p dir=\"ltr\" class=\"bbc-bm53ic e1cc2ql70\">L\u00edbano fue concebido como un refugio para los cristianos (especialmente los maronitas) y los drusos.<\/p>\n<\/div>\n<div dir=\"ltr\" class=\"ek1plzs1 bbc-9m7iam e57qer20\">\n<figure class=\"bbc-1qdcvv9 e6bmn90\">\n<div dir=\"ltr\" class=\"bbc-vx18wi e57qer20\">\n<div dir=\"ltr\" class=\"bbc-rprdln e57qer20\" readability=\"6.5\">\n<div data-e2e=\"image-placeholder\" class=\"bbc-1ve91qc e1whu0\" readability=\"8\"><noscript><img srcset=\"http:\/\/nuevacordoba.net\/wp-content\/uploads\/2021\/04\/medio-oriente-como-francia-y-reino-unido-se-repartieron-la-region-hace-un-siglo-25.jpg 240w, http:\/\/nuevacordoba.net\/wp-content\/uploads\/2021\/04\/medio-oriente-como-francia-y-reino-unido-se-repartieron-la-region-hace-un-siglo-26.jpg 320w, http:\/\/nuevacordoba.net\/wp-content\/uploads\/2021\/04\/medio-oriente-como-francia-y-reino-unido-se-repartieron-la-region-hace-un-siglo-27.jpg 412w\" alt=\"Portada de Le Petit Journal.\" src=\"http:\/\/nuevacordoba.net\/wp-content\/uploads\/2021\/04\/medio-oriente-como-francia-y-reino-unido-se-repartieron-la-region-hace-un-siglo-3.jpg\" width=\"412\" class=\"bbc-fat2bc e1enwo3v0\"><\/noscript><\/p>\n<p role=\"text\" class=\"bbc-1s1cxbv etq3yw90\"><span class=\"bbc-1gnhmg2 e1yt7oin0\">Fuente de la imagen, <\/span><span lang=\"en-GB\">Getty Images<\/span><\/p>\n<\/div>\n<\/div>\n<div dir=\"ltr\" class=\"bbc-3edg7g e57qer20\" readability=\"7\"><figcaption dir=\"ltr\" class=\"bbc-1t9zlwf eede9f50\" readability=\"4\"><span class=\"bbc-1gnhmg2 e1yt7oin0\">Pie de foto, <\/span><\/p>\n<p>La conferencia de San Remo tuvo mucha resonancia en su \u00e9poca, pero hoy ha sido eclipsada por el Acuerdo Sykes-Picot.<\/p>\n<\/figcaption><\/div>\n<\/div>\n<\/figure>\n<\/div>\n<div dir=\"ltr\" class=\"bbc-19j92fr e57qer20\" readability=\"11\">\n<p dir=\"ltr\" class=\"bbc-bm53ic e1cc2ql70\">Palestina albergar\u00eda una comunidad jud\u00eda considerable, mientras que el valle de la Bec\u00e1, cerca de la frontera entre L\u00edbano y Siria, ser\u00eda para los musulmanes chiitas.<\/p>\n<\/div>\n<div dir=\"ltr\" class=\"bbc-19j92fr e57qer20\" readability=\"9\">\n<p dir=\"ltr\" class=\"bbc-bm53ic e1cc2ql70\">Siria, por su parte, ser\u00eda para los musulmanes sunitas.<\/p>\n<\/div>\n<p><h2 id=\"Fronteras-hechas-con-un-l\u00e1piz-y-una-regla\" tabindex=\"-1\" class=\"bbc-l3e97o e14hemmw0\">Fronteras hechas \u00abcon un l\u00e1piz y una regla\u00bb<\/h2>\n<\/p>\n<div dir=\"ltr\" class=\"bbc-19j92fr e57qer20\" readability=\"14\">\n<p dir=\"ltr\" class=\"bbc-bm53ic e1cc2ql70\">Si bien la geograf\u00eda ayudaba a justificar en parte estas l\u00edneas, la mayor\u00eda de los expertos coinciden en que las fronteras se hicieron b\u00e1sicamente \u00abcon un l\u00e1piz y una regla\u00bb, sin un mayor conocimiento de la regi\u00f3n, y en que los trazados ideados por los franceses y los brit\u00e1nicos no respond\u00edan a las distinciones sectarias, tribales o \u00e9tnicas sobre el terreno.<\/p>\n<\/div>\n<div dir=\"ltr\" class=\"bbc-19j92fr e57qer20\" readability=\"8\">\n<p dir=\"ltr\" class=\"bbc-bm53ic e1cc2ql70\">En la Conferencia de San Remo tambi\u00e9n hubo discrepancias. El franc\u00e9s Alexandre Millerand y el brit\u00e1nico David Lloyd George <b>no estaban totalmente de acuerdo<\/b> sobre algunos puntos. <\/p>\n<\/div>\n<div dir=\"ltr\" class=\"bbc-19j92fr e57qer20\" readability=\"11\">\n<p dir=\"ltr\" class=\"bbc-bm53ic e1cc2ql70\">\u00abLos franceses apoyaban la inclusi\u00f3n de la Declaraci\u00f3n Balfour en el mandato, pero tambi\u00e9n quer\u00edan que se les garantizaran los derechos pol\u00edticos de los habitantes de Palestina. Toda esa cuesti\u00f3n gener\u00f3 mucho debate\u00bb, explica Chagnollaud. <\/p>\n<\/div>\n<div dir=\"ltr\" class=\"bbc-1ka88fa e57qer20\">\n<figure class=\"bbc-1qdcvv9 e6bmn90\">\n<div dir=\"ltr\" class=\"bbc-172p16q e57qer20\">\n<div dir=\"ltr\" class=\"bbc-189y18v e57qer20\" readability=\"6.5\">\n<div data-e2e=\"image-placeholder\" class=\"bbc-1k5hvrj e1whu0\" readability=\"8\"><noscript><img srcset=\"http:\/\/nuevacordoba.net\/wp-content\/uploads\/2021\/04\/medio-oriente-como-francia-y-reino-unido-se-repartieron-la-region-hace-un-siglo-28.jpg 240w, http:\/\/nuevacordoba.net\/wp-content\/uploads\/2021\/04\/medio-oriente-como-francia-y-reino-unido-se-repartieron-la-region-hace-un-siglo-29.jpg 320w, http:\/\/nuevacordoba.net\/wp-content\/uploads\/2021\/04\/medio-oriente-como-francia-y-reino-unido-se-repartieron-la-region-hace-un-siglo-30.jpg 480w, http:\/\/nuevacordoba.net\/wp-content\/uploads\/2021\/04\/medio-oriente-como-francia-y-reino-unido-se-repartieron-la-region-hace-un-siglo-31.jpg 624w, http:\/\/nuevacordoba.net\/wp-content\/uploads\/2021\/04\/medio-oriente-como-francia-y-reino-unido-se-repartieron-la-region-hace-un-siglo-32.jpg 800w\" alt=\"Leo Amery en 1940.\" src=\"http:\/\/nuevacordoba.net\/wp-content\/uploads\/2021\/04\/medio-oriente-como-francia-y-reino-unido-se-repartieron-la-region-hace-un-siglo-4.jpg\" width=\"976\" class=\"bbc-fat2bc e1enwo3v0\"><\/noscript><\/p>\n<p role=\"text\" class=\"bbc-1s1cxbv etq3yw90\"><span class=\"bbc-1gnhmg2 e1yt7oin0\">Fuente de la imagen, <\/span><span lang=\"en-GB\">Getty Images<\/span><\/p>\n<\/div>\n<\/div>\n<div dir=\"ltr\" class=\"bbc-3edg7g e57qer20\" readability=\"6.5\"><figcaption dir=\"ltr\" class=\"bbc-1t9zlwf eede9f50\" readability=\"3\"><span class=\"bbc-1gnhmg2 e1yt7oin0\">Pie de foto, <\/span><\/p>\n<p>El pol\u00edtico y periodista brit\u00e1nico Leo Amery fue uno de los responsables de la redacci\u00f3n de la Declaraci\u00f3n Balfour.<\/p>\n<\/figcaption><\/div>\n<\/div>\n<\/figure>\n<\/div>\n<div dir=\"ltr\" class=\"bbc-19j92fr e57qer20\" readability=\"11\">\n<p dir=\"ltr\" class=\"bbc-bm53ic e1cc2ql70\">Previamente hubo dudas sobre si habr\u00eda un mandato \u00fanico brit\u00e1nico o una zona controlada por los estadounidenses, pero luego de meses de discusiones diplom\u00e1ticas, los brit\u00e1nicos aceptaron incluir a los franceses en la reorganizaci\u00f3n del territorio.<\/p>\n<\/div>\n<p><h2 id=\"El-papel-de-Estados-Unidos\" tabindex=\"-1\" class=\"bbc-l3e97o e14hemmw0\">El papel de Estados Unidos<\/h2>\n<\/p>\n<div dir=\"ltr\" class=\"bbc-19j92fr e57qer20\" readability=\"12\">\n<p dir=\"ltr\" class=\"bbc-bm53ic e1cc2ql70\">\u00abLos brit\u00e1nicos aceptaron un mandato franc\u00e9s porque simplemente se dieron cuenta de que<b> no ten\u00edan los medios econ\u00f3micos para controlar todo Oriente Medio<\/b>\u00ab, detalla Henry Laurens, profesor de Historia del Mundo \u00c1rabe Contempor\u00e1neo en el Coll\u00e8ge de France y autor de un gran n\u00famero de obras sobre la historia europea y otomana en los siglos XIX y XX. <\/p>\n<\/div>\n<div dir=\"ltr\" class=\"bbc-19j92fr e57qer20\" readability=\"11\">\n<p dir=\"ltr\" class=\"bbc-bm53ic e1cc2ql70\">Los estadounidenses, por su parte, se retiraron de las negociaciones luego de que su Senado rechazara el Tratado de Versalles, que marc\u00f3 el fin de la Primera Guerra Mundial. <\/p>\n<\/div>\n<div dir=\"ltr\" class=\"bbc-19j92fr e57qer20\" readability=\"10\">\n<p dir=\"ltr\" class=\"bbc-bm53ic e1cc2ql70\">En la conferencia tambi\u00e9n se habl\u00f3 de <b>Armenia y de c\u00f3mo podr\u00edan ser sus fronteras<\/b> (EE.UU. hab\u00eda rechazado la creaci\u00f3n de un mandato para Armenia), as\u00ed como de la posibilidad de un Estado kurdo y de manera general del destino y el traspaso de ciertos territorios por parte del Imperio otomano.<\/p>\n<\/div>\n<div dir=\"ltr\" class=\"ek1plzs1 bbc-9m7iam e57qer20\">\n<figure class=\"bbc-1qdcvv9 e6bmn90\">\n<div dir=\"ltr\" class=\"bbc-vx18wi e57qer20\">\n<div dir=\"ltr\" class=\"bbc-rprdln e57qer20\">\n<div data-e2e=\"image-placeholder\" class=\"bbc-1oh8qos e1whu0\"><noscript><img srcset=\"http:\/\/nuevacordoba.net\/wp-content\/uploads\/2021\/04\/medio-oriente-como-francia-y-reino-unido-se-repartieron-la-region-hace-un-siglo-33.jpg 240w, http:\/\/nuevacordoba.net\/wp-content\/uploads\/2021\/04\/medio-oriente-como-francia-y-reino-unido-se-repartieron-la-region-hace-un-siglo-34.jpg 320w, http:\/\/nuevacordoba.net\/wp-content\/uploads\/2021\/04\/medio-oriente-como-francia-y-reino-unido-se-repartieron-la-region-hace-un-siglo-35.jpg 480w, http:\/\/nuevacordoba.net\/wp-content\/uploads\/2021\/04\/medio-oriente-como-francia-y-reino-unido-se-repartieron-la-region-hace-un-siglo-36.jpg 624w, http:\/\/nuevacordoba.net\/wp-content\/uploads\/2021\/04\/medio-oriente-como-francia-y-reino-unido-se-repartieron-la-region-hace-un-siglo-5.jpg 640w\" alt=\"Mapa\" src=\"http:\/\/nuevacordoba.net\/wp-content\/uploads\/2021\/04\/medio-oriente-como-francia-y-reino-unido-se-repartieron-la-region-hace-un-siglo-5.jpg\" width=\"640\" class=\"bbc-fat2bc e1enwo3v0\"><\/noscript><\/div>\n<\/div>\n<\/div>\n<\/figure>\n<\/div>\n<div dir=\"ltr\" class=\"bbc-19j92fr e57qer20\" readability=\"13\">\n<p dir=\"ltr\" class=\"bbc-bm53ic e1cc2ql70\">Con el<b> Tratado de S\u00e8vres<\/b>, firmado cuatro meses m\u00e1s tarde, en agosto de 1920, los otomanos cedieron oficialmente las zonas acordadas, aceptando de jure la creaci\u00f3n de los mandatos brit\u00e1nicos y franceses. <\/p>\n<\/div>\n<div dir=\"ltr\" class=\"bbc-19j92fr e57qer20\" readability=\"9\">\n<p dir=\"ltr\" class=\"bbc-bm53ic e1cc2ql70\">Ese fue un paso m\u00e1s hacia la ca\u00eda del Imperio otomano y la creaci\u00f3n de Turqu\u00eda, que se concretar\u00eda 3 a\u00f1os despu\u00e9s.<\/p>\n<\/div>\n<div dir=\"ltr\" class=\"bbc-19j92fr e57qer20\" readability=\"7\">\n<p dir=\"ltr\" class=\"bbc-bm53ic e1cc2ql70\">Fue en San Remo que se redactaron las cl\u00e1usulas de ese tratado. <\/p>\n<\/div>\n<p><h2 id=\"Tres-principios-de-la-repartici\u00f3n\" tabindex=\"-1\" class=\"bbc-l3e97o e14hemmw0\">Tres principios de la repartici\u00f3n<\/h2>\n<\/p>\n<div dir=\"ltr\" class=\"bbc-19j92fr e57qer20\" readability=\"11\">\n<p dir=\"ltr\" class=\"bbc-bm53ic e1cc2ql70\">Inicialmente, el Acuerdo Sykes-Picot planeaba dividir Medio Oriente en Estados independientes, sujetos a los consejos de Londres y Par\u00eds, y establecer \u00e1reas de control en Irak. <\/p>\n<\/div>\n<div dir=\"ltr\" class=\"bbc-1ka88fa e57qer20\">\n<figure class=\"bbc-1qdcvv9 e6bmn90\">\n<div dir=\"ltr\" class=\"bbc-172p16q e57qer20\">\n<div dir=\"ltr\" class=\"bbc-189y18v e57qer20\" readability=\"6.5\">\n<div data-e2e=\"image-placeholder\" class=\"bbc-1k5hvrj e1whu0\" readability=\"8\"><noscript><img srcset=\"http:\/\/nuevacordoba.net\/wp-content\/uploads\/2021\/04\/medio-oriente-como-francia-y-reino-unido-se-repartieron-la-region-hace-un-siglo-37.jpg 240w, http:\/\/nuevacordoba.net\/wp-content\/uploads\/2021\/04\/medio-oriente-como-francia-y-reino-unido-se-repartieron-la-region-hace-un-siglo-38.jpg 320w, http:\/\/nuevacordoba.net\/wp-content\/uploads\/2021\/04\/medio-oriente-como-francia-y-reino-unido-se-repartieron-la-region-hace-un-siglo-39.jpg 480w, http:\/\/nuevacordoba.net\/wp-content\/uploads\/2021\/04\/medio-oriente-como-francia-y-reino-unido-se-repartieron-la-region-hace-un-siglo-40.jpg 624w, http:\/\/nuevacordoba.net\/wp-content\/uploads\/2021\/04\/medio-oriente-como-francia-y-reino-unido-se-repartieron-la-region-hace-un-siglo-41.jpg 800w\" alt=\"Sykes y Picot no consideraron diferencias \u00e9tnicas, religiosas, ling\u00fc\u00edsticas o culturales, sentando as\u00ed las bases para los actuales conflictos internos.\" src=\"http:\/\/nuevacordoba.net\/wp-content\/uploads\/2021\/04\/medio-oriente-como-francia-y-reino-unido-se-repartieron-la-region-hace-un-siglo-6.jpg\" width=\"976\" class=\"bbc-fat2bc e1enwo3v0\"><\/noscript><\/p>\n<p role=\"text\" class=\"bbc-1s1cxbv etq3yw90\"><span class=\"bbc-1gnhmg2 e1yt7oin0\">Fuente de la imagen, <\/span><span lang=\"en-GB\">Getty<\/span><\/p>\n<\/div>\n<\/div>\n<div dir=\"ltr\" class=\"bbc-3edg7g e57qer20\" readability=\"8\"><figcaption dir=\"ltr\" class=\"bbc-1t9zlwf eede9f50\" readability=\"6\"><span class=\"bbc-1gnhmg2 e1yt7oin0\">Pie de foto, <\/span><\/p>\n<p>Sykes y Picot no consideraron diferencias \u00e9tnicas, religiosas, ling\u00fc\u00edsticas o culturales, sentando as\u00ed las bases para los actuales conflictos internos.<\/p>\n<\/figcaption><\/div>\n<\/div>\n<\/figure>\n<\/div>\n<div dir=\"ltr\" class=\"bbc-19j92fr e57qer20\" readability=\"7\">\n<p dir=\"ltr\" class=\"bbc-bm53ic e1cc2ql70\">Pero este plan fue abandonado con el surgimiento en 1919 de <b>la idea de crear mandatos<\/b>. <\/p>\n<\/div>\n<div dir=\"ltr\" class=\"bbc-19j92fr e57qer20\" readability=\"10\">\n<p dir=\"ltr\" class=\"bbc-bm53ic e1cc2ql70\">Una vez decidido esto, solamente quedaba fijar las fronteras de dichos mandatos, fundamentalmente para saber d\u00f3nde acababa Palestina y d\u00f3nde comenzaba Siria. <\/p>\n<\/div>\n<div dir=\"ltr\" class=\"bbc-19j92fr e57qer20\" readability=\"9\">\n<p dir=\"ltr\" class=\"bbc-bm53ic e1cc2ql70\">En San Remo, las potencias coloniales se basaron en tres principios para definir las l\u00edneas fronterizas. <\/p>\n<\/div>\n<div dir=\"ltr\" class=\"bbc-19j92fr e57qer20\" readability=\"12\">\n<p dir=\"ltr\" class=\"bbc-bm53ic e1cc2ql70\">El primero defend\u00eda un <b>v\u00ednculo entre Palestina y la Biblia<\/b>, por eso Lloyd George utiliz\u00f3 el <i class=\"bbc-h1y5j7 ewc4zcb0\">Atlas de la geograf\u00eda hist\u00f3rica de Tierra Santa<\/i>, publicado en 1915 por el reverendo escoc\u00e9s George Adam Smith, para definir las fronteras de la regi\u00f3n. <\/p>\n<\/div>\n<div dir=\"ltr\" class=\"bbc-19j92fr e57qer20\" readability=\"10\">\n<p dir=\"ltr\" class=\"bbc-bm53ic e1cc2ql70\">\u00abUn segundo principio era que los franceses no quer\u00edan que su mandato tuviera colonias jud\u00edas\u00bb, explica Henry Laurens, del Coll\u00e8ge de France. <\/p>\n<\/div>\n<div dir=\"ltr\" class=\"bbc-19j92fr e57qer20\" readability=\"13\">\n<p dir=\"ltr\" class=\"bbc-bm53ic e1cc2ql70\">\u00abAs\u00ed fue como el peque\u00f1o territorio entre Siria y el L\u00edbano, llamado Galilea, termin\u00f3 siendo incluido en el mandato brit\u00e1nico de Palestina y no en el franc\u00e9s de Siria, porque <b>hab\u00eda asentamientos jud\u00edos <\/b>all\u00ed\u00bb, prosigue el especialista del mundo \u00e1rabe. <\/p>\n<\/div>\n<div dir=\"ltr\" class=\"bbc-19j92fr e57qer20\" readability=\"9\">\n<p dir=\"ltr\" class=\"bbc-bm53ic e1cc2ql70\">Y por \u00faltimo, Reino Unido quer\u00eda que existiera una continuidad territorial entre sus mandatos de Palestina e Irak. <\/p>\n<\/div>\n<div dir=\"ltr\" class=\"bbc-1ka88fa e57qer20\">\n<figure class=\"bbc-1qdcvv9 e6bmn90\">\n<div dir=\"ltr\" class=\"bbc-172p16q e57qer20\">\n<div dir=\"ltr\" class=\"bbc-189y18v e57qer20\">\n<div data-e2e=\"image-placeholder\" class=\"bbc-1aq0y10 e1whu0\"><noscript><img srcset=\"http:\/\/nuevacordoba.net\/wp-content\/uploads\/2021\/04\/medio-oriente-como-francia-y-reino-unido-se-repartieron-la-region-hace-un-siglo-42.jpg 240w, http:\/\/nuevacordoba.net\/wp-content\/uploads\/2021\/04\/medio-oriente-como-francia-y-reino-unido-se-repartieron-la-region-hace-un-siglo-43.jpg 320w, http:\/\/nuevacordoba.net\/wp-content\/uploads\/2021\/04\/medio-oriente-como-francia-y-reino-unido-se-repartieron-la-region-hace-un-siglo-44.jpg 480w, http:\/\/nuevacordoba.net\/wp-content\/uploads\/2021\/04\/medio-oriente-como-francia-y-reino-unido-se-repartieron-la-region-hace-un-siglo-45.jpg 624w, http:\/\/nuevacordoba.net\/wp-content\/uploads\/2021\/04\/medio-oriente-como-francia-y-reino-unido-se-repartieron-la-region-hace-un-siglo-7.jpg 640w\" alt=\"Imperio brit\u00e1nico en 1921.\" src=\"http:\/\/nuevacordoba.net\/wp-content\/uploads\/2021\/04\/medio-oriente-como-francia-y-reino-unido-se-repartieron-la-region-hace-un-siglo-7.jpg\" width=\"640\" class=\"bbc-fat2bc e1enwo3v0\"><\/noscript><\/div>\n<\/div>\n<\/div>\n<\/figure>\n<\/div>\n<div dir=\"ltr\" class=\"bbc-19j92fr e57qer20\" readability=\"12\">\n<p dir=\"ltr\" class=\"bbc-bm53ic e1cc2ql70\">\u00abDe esa manera se explica la especie de corredor que vemos hoy que va desde <b>Jordania hasta Irak<\/b>, si vemos en un mapa, lo que hace que Siria no tenga una frontera com\u00fan con Arabia Saudita\u00bb, detalla Laurens. <\/p>\n<\/div>\n<p><h2 id=\"Par\u00eds-y-Londres-trazaron-el-mapa-y-los-\u00e1rabes-lo-colorearon\" tabindex=\"-1\" class=\"bbc-l3e97o e14hemmw0\">\u00abPar\u00eds y Londres trazaron el mapa y los \u00e1rabes lo colorearon\u00bb<\/h2>\n<\/p>\n<div dir=\"ltr\" class=\"bbc-19j92fr e57qer20\" readability=\"10\">\n<p dir=\"ltr\" class=\"bbc-bm53ic e1cc2ql70\">Para Henry Laurens, los franceses y los brit\u00e1nicos definieron las fronteras, pero luego las \u00e9lites locales se encargaron de apoderarse del \u00abdirectorio y del poder\u00bb.<\/p>\n<\/div>\n<div dir=\"ltr\" class=\"bbc-19j92fr e57qer20\" readability=\"9\">\n<p dir=\"ltr\" class=\"bbc-bm53ic e1cc2ql70\">\u00abLa imagen que yo utilizo habitualmente es que <b>los franceses y los ingleses trazaron el mapa<\/b> y los \u00e1rabes lo colorearon\u00bb, insiste. <\/p>\n<\/div>\n<div dir=\"ltr\" class=\"bbc-19j92fr e57qer20\" readability=\"12\">\n<p dir=\"ltr\" class=\"bbc-bm53ic e1cc2ql70\">\u00abPor eso es que las fronteras que se establecieron en los a\u00f1os 20 del siglo pasado perduran hasta hoy: las \u00e9lites pol\u00edticas de Jerusal\u00e9n tomaron el control de Palestina, las \u00e9lites pol\u00edticas de Beirut tomaron el control de L\u00edbano, las de Damasco tomaron el control de Siria y las de Bagdad tomaron el control de Irak\u00bb. <\/p>\n<\/div>\n<div dir=\"ltr\" class=\"bbc-19j92fr e57qer20\" readability=\"10\">\n<p dir=\"ltr\" class=\"bbc-bm53ic e1cc2ql70\">Pero eso, seg\u00fan el historiador, no se hizo en un d\u00eda, sino en <b>varias d\u00e9cadas<\/b>. <\/p>\n<\/div>\n<div dir=\"ltr\" class=\"bbc-19j92fr e57qer20\" readability=\"10\">\n<p dir=\"ltr\" class=\"bbc-bm53ic e1cc2ql70\">Hoy estas fronteras se utilizan frecuentemente como un ejemplo de \u00ablas grandes maldades de Occidente\u00bb en la regi\u00f3n, pero Laurens indica que en realidad nadie las ha cuestionado realmente y \u00ablos locales las adoptaron bastante r\u00e1pido\u00bb.<\/p>\n<\/div>\n<div dir=\"ltr\" class=\"bbc-1ka88fa e57qer20\">\n<figure class=\"bbc-1qdcvv9 e6bmn90\">\n<div dir=\"ltr\" class=\"bbc-172p16q e57qer20\">\n<div dir=\"ltr\" class=\"bbc-189y18v e57qer20\" readability=\"6.5\">\n<div data-e2e=\"image-placeholder\" class=\"bbc-1k5hvrj e1whu0\" readability=\"8\"><noscript><img srcset=\"http:\/\/nuevacordoba.net\/wp-content\/uploads\/2021\/04\/medio-oriente-como-francia-y-reino-unido-se-repartieron-la-region-hace-un-siglo-46.jpg 240w, http:\/\/nuevacordoba.net\/wp-content\/uploads\/2021\/04\/medio-oriente-como-francia-y-reino-unido-se-repartieron-la-region-hace-un-siglo-47.jpg 320w, http:\/\/nuevacordoba.net\/wp-content\/uploads\/2021\/04\/medio-oriente-como-francia-y-reino-unido-se-repartieron-la-region-hace-un-siglo-48.jpg 480w, http:\/\/nuevacordoba.net\/wp-content\/uploads\/2021\/04\/medio-oriente-como-francia-y-reino-unido-se-repartieron-la-region-hace-un-siglo-49.jpg 624w, http:\/\/nuevacordoba.net\/wp-content\/uploads\/2021\/04\/medio-oriente-como-francia-y-reino-unido-se-repartieron-la-region-hace-un-siglo-50.jpg 800w\" alt=\"L\u00edderes europeos y de la Liga de Naciones reunidos en San Remo, el 17 de abril de 1920.\" src=\"http:\/\/nuevacordoba.net\/wp-content\/uploads\/2021\/04\/medio-oriente-como-francia-y-reino-unido-se-repartieron-la-region-hace-un-siglo-8.jpg\" width=\"976\" class=\"bbc-fat2bc e1enwo3v0\"><\/noscript><\/p>\n<p role=\"text\" class=\"bbc-1s1cxbv etq3yw90\"><span class=\"bbc-1gnhmg2 e1yt7oin0\">Fuente de la imagen, <\/span><span lang=\"en-GB\">Getty Images<\/span><\/p>\n<\/div>\n<\/div>\n<div dir=\"ltr\" class=\"bbc-3edg7g e57qer20\" readability=\"6\"><figcaption dir=\"ltr\" class=\"bbc-1t9zlwf eede9f50\" readability=\"2\"><span class=\"bbc-1gnhmg2 e1yt7oin0\">Pie de foto, <\/span><\/p>\n<p>Representantes europeos y de la Liga de Naciones reunidos en San Remo en abril de 1920.<\/p>\n<\/figcaption><\/div>\n<\/div>\n<\/figure>\n<\/div>\n<div dir=\"ltr\" class=\"bbc-19j92fr e57qer20\" readability=\"14\">\n<p dir=\"ltr\" class=\"bbc-bm53ic e1cc2ql70\">\u00abDesde muy temprano, las personas que emigraban de otras regiones eran consideradas extranjeras. Ya en la d\u00e9cada de 1930, un sirio nacido en Irak era tratado como un extranjero. Y cuando los refugiados palestinos llegaron a Siria, L\u00edbano o Jordania en 1948, tambi\u00e9n se les tomaba como extranjeros\u00bb. <\/p>\n<\/div>\n<div dir=\"ltr\" class=\"bbc-19j92fr e57qer20\" readability=\"9\">\n<p dir=\"ltr\" class=\"bbc-bm53ic e1cc2ql70\">\u00abEsto muestra que <b>apenas un cuarto de siglo despu\u00e9s<\/b> de la definici\u00f3n de fronteras, estas existen y se interiorizaron\u00bb.<\/p>\n<\/div>\n<p><h2 id=\"La-otra-conferencia-de-San-Remo\" tabindex=\"-1\" class=\"bbc-l3e97o e14hemmw0\">La otra conferencia de San Remo<\/h2>\n<\/p>\n<div dir=\"ltr\" class=\"bbc-19j92fr e57qer20\" readability=\"9\">\n<p dir=\"ltr\" class=\"bbc-bm53ic e1cc2ql70\">Paralelamente, esa semana se celebr\u00f3 en San Remo una segunda conferencia referente al reparto de recursos petroleros. <\/p>\n<\/div>\n<div dir=\"ltr\" class=\"bbc-19j92fr e57qer20\" readability=\"8\">\n<p dir=\"ltr\" class=\"bbc-bm53ic e1cc2ql70\">La gran demanda energ\u00e9tica que hubo durante la guerra hab\u00eda demostrado a las grandes potencias que era importante que contaran con sus propias fuentes de petr\u00f3leo. <\/p>\n<\/div>\n<div dir=\"ltr\" class=\"bbc-19j92fr e57qer20\" readability=\"11\">\n<p dir=\"ltr\" class=\"bbc-bm53ic e1cc2ql70\">Laurens se\u00f1ala que al oficializar los mandatos, los franceses y los brit\u00e1nicos tambi\u00e9n culminaron sus charlas sobre <b>el destino del oro negro <\/b>de la regi\u00f3n, que hab\u00edan comenzado a negociar a principios de 1919.<\/p>\n<\/div>\n<div dir=\"ltr\" class=\"bbc-1ka88fa e57qer20\">\n<figure class=\"bbc-1qdcvv9 e6bmn90\">\n<div dir=\"ltr\" class=\"bbc-172p16q e57qer20\">\n<div dir=\"ltr\" class=\"bbc-189y18v e57qer20\" readability=\"6.5\">\n<div data-e2e=\"image-placeholder\" class=\"bbc-1k5hvrj e1whu0\" readability=\"8\"><noscript><img srcset=\"http:\/\/nuevacordoba.net\/wp-content\/uploads\/2021\/04\/medio-oriente-como-francia-y-reino-unido-se-repartieron-la-region-hace-un-siglo-51.jpg 240w, http:\/\/nuevacordoba.net\/wp-content\/uploads\/2021\/04\/medio-oriente-como-francia-y-reino-unido-se-repartieron-la-region-hace-un-siglo-52.jpg 320w, http:\/\/nuevacordoba.net\/wp-content\/uploads\/2021\/04\/medio-oriente-como-francia-y-reino-unido-se-repartieron-la-region-hace-un-siglo-53.jpg 480w, http:\/\/nuevacordoba.net\/wp-content\/uploads\/2021\/04\/medio-oriente-como-francia-y-reino-unido-se-repartieron-la-region-hace-un-siglo-54.jpg 624w, http:\/\/nuevacordoba.net\/wp-content\/uploads\/2021\/04\/medio-oriente-como-francia-y-reino-unido-se-repartieron-la-region-hace-un-siglo-55.jpg 800w\" alt=\"Sede de Total en La D\u00e9fense.\" src=\"http:\/\/nuevacordoba.net\/wp-content\/uploads\/2021\/04\/medio-oriente-como-francia-y-reino-unido-se-repartieron-la-region-hace-un-siglo-9.jpg\" width=\"976\" class=\"bbc-fat2bc e1enwo3v0\"><\/noscript><\/p>\n<p role=\"text\" class=\"bbc-1s1cxbv etq3yw90\"><span class=\"bbc-1gnhmg2 e1yt7oin0\">Fuente de la imagen, <\/span><span lang=\"en-GB\">Getty Images<\/span><\/p>\n<\/div>\n<\/div>\n<div dir=\"ltr\" class=\"bbc-3edg7g e57qer20\" readability=\"7\"><figcaption dir=\"ltr\" class=\"bbc-1t9zlwf eede9f50\" readability=\"4\"><span class=\"bbc-1gnhmg2 e1yt7oin0\">Pie de foto, <\/span><\/p>\n<p>Total es hoy una de las empresas petroleras m\u00e1s grandes del mundo, pero pocos saben que su nacimiento fue impulsado gracias a las decisiones que se tomaron en la Conferencia de San Remo.<\/p>\n<\/figcaption><\/div>\n<\/div>\n<\/figure>\n<\/div>\n<div dir=\"ltr\" class=\"bbc-19j92fr e57qer20\" readability=\"10\">\n<p dir=\"ltr\" class=\"bbc-bm53ic e1cc2ql70\">Seg\u00fan lo acordado, Francia recibir\u00eda una cuarta parte del capital de la Turkish Petroleum Company, que m\u00e1s tarde se convertir\u00eda en la Iraq Petroleum Company. <\/p>\n<\/div>\n<div dir=\"ltr\" class=\"bbc-19j92fr e57qer20\" readability=\"10\">\n<p dir=\"ltr\" class=\"bbc-bm53ic e1cc2ql70\">\u00abLuego el porcentaje fue reducido por razones t\u00e9cnicas, pero lo cierto es que esta repartici\u00f3n de petr\u00f3leo tuvo consecuencias tremendas. Una de ellas es que impuls\u00f3 el nacimiento de la<b> Compagnie fran\u00e7aise des p\u00e9troles <\/b>(CFP) que hoy en d\u00eda se llama Total\u00bb. <\/p>\n<\/div>\n<p><h2 id=\"Algunos-ganaron-la-mayor\u00eda-perdi\u00f3\" tabindex=\"-1\" class=\"bbc-l3e97o e14hemmw0\">Algunos ganaron, la mayor\u00eda perdi\u00f3<\/h2>\n<\/p>\n<div dir=\"ltr\" class=\"bbc-19j92fr e57qer20\" readability=\"10\">\n<p dir=\"ltr\" class=\"bbc-bm53ic e1cc2ql70\">Jean-Paul Chagnollaud, de la Universidad de Cergy-Pontoise, asegura que algunos en la regi\u00f3n salieron <b>satisfechos con la divisi\u00f3n<\/b>. <\/p>\n<\/div>\n<div dir=\"ltr\" class=\"bbc-19j92fr e57qer20\" readability=\"11\">\n<p dir=\"ltr\" class=\"bbc-bm53ic e1cc2ql70\">\u00abLos libaneses quedaron, en su mayor\u00eda, contentos con su mandato, aunque les haya producido mucho dolor y sufrimiento\u00bb.<\/p>\n<\/div>\n<div dir=\"ltr\" class=\"bbc-19j92fr e57qer20\" readability=\"10\">\n<p dir=\"ltr\" class=\"bbc-bm53ic e1cc2ql70\">\u00ab<b>Los israel\u00edes tambi\u00e9n quedaron muy contentos<\/b> con la Declaraci\u00f3n Balfour y el establecimiento de un &#8216;hogar nacional&#8217; en Palestina. Creo que, de hecho, fueron los grandes ganadores\u00bb.<\/p>\n<\/div>\n<div dir=\"ltr\" class=\"bbc-19j92fr e57qer20\">\n<figure class=\"bbc-1qdcvv9 e6bmn90\">\n<div dir=\"ltr\" class=\"bbc-37mmq3 e57qer20\">\n<div dir=\"ltr\" class=\"bbc-189y18v e57qer20\">\n<div data-e2e=\"image-placeholder\" class=\"bbc-zt0c33 e1whu0\"><noscript><img srcset=\"http:\/\/nuevacordoba.net\/wp-content\/uploads\/2021\/04\/medio-oriente-como-francia-y-reino-unido-se-repartieron-la-region-hace-un-siglo.png 240w, http:\/\/nuevacordoba.net\/wp-content\/uploads\/2021\/04\/medio-oriente-como-francia-y-reino-unido-se-repartieron-la-region-hace-un-siglo.png 320w, http:\/\/nuevacordoba.net\/wp-content\/uploads\/2021\/04\/medio-oriente-como-francia-y-reino-unido-se-repartieron-la-region-hace-un-siglo.png 480w, http:\/\/nuevacordoba.net\/wp-content\/uploads\/2021\/04\/medio-oriente-como-francia-y-reino-unido-se-repartieron-la-region-hace-un-siglo.png 624w, http:\/\/nuevacordoba.net\/wp-content\/uploads\/2021\/04\/medio-oriente-como-francia-y-reino-unido-se-repartieron-la-region-hace-un-siglo.png 800w\" alt=\"Mapa 6: fronteras actuales de Israel\" src=\"http:\/\/nuevacordoba.net\/wp-content\/uploads\/2021\/04\/medio-oriente-como-francia-y-reino-unido-se-repartieron-la-region-hace-un-siglo.png\" width=\"1920\" class=\"bbc-fat2bc e1enwo3v0\"><\/noscript><\/div>\n<\/div>\n<\/div>\n<\/figure>\n<\/div>\n<div dir=\"ltr\" class=\"bbc-19j92fr e57qer20\" readability=\"9\">\n<p dir=\"ltr\" class=\"bbc-bm53ic e1cc2ql70\">Sin embargo, el especialista se\u00f1ala que en otros lugares las divisiones arbitrarias ocasionaron \u00abmuchos problemas\u00bb.<\/p>\n<\/div>\n<div dir=\"ltr\" class=\"bbc-19j92fr e57qer20\" readability=\"16\">\n<p dir=\"ltr\" class=\"bbc-bm53ic e1cc2ql70\">Tras la fundaci\u00f3n de Israel, el 14 de mayo de 1948, la tensi\u00f3n pas\u00f3 de ser un tema local a un asunto regional. Para los palestinos, comenz\u00f3 la <b>Nakba<\/b>, la llamada \u00abdestrucci\u00f3n\u00bb o \u00abcat\u00e1strofe\u00bb. Y la violencia entre palestinos, que siguen reclamando su Estado, e israel\u00edes contin\u00faa hasta nuestros d\u00edas.<\/p>\n<\/div>\n<div dir=\"ltr\" class=\"bbc-19j92fr e57qer20\" readability=\"13\">\n<p dir=\"ltr\" class=\"bbc-bm53ic e1cc2ql70\">Mientras tanto, en Irak persiste una lucha entre los chiitas, que son mayor\u00eda, los sunitas -a los que pertenec\u00eda el exmandatario Sadam Hussein- y <b>los kurdos<\/b>, quienes reclaman una naci\u00f3n independiente. <\/p>\n<\/div>\n<div dir=\"ltr\" class=\"bbc-19j92fr e57qer20\" readability=\"14\">\n<p dir=\"ltr\" class=\"bbc-bm53ic e1cc2ql70\">La Siria actual, legada por el mandato franc\u00e9s, est\u00e1 constituida por una mayor\u00eda sunita, seguida por minor\u00edas alauitas -a la que pertenece la familia gobernante al Asad-, pero tambi\u00e9n est\u00e1 habitada por comunidades cristianas, drusas y jud\u00edas. <\/p>\n<\/div>\n<div dir=\"ltr\" class=\"bbc-19j92fr e57qer20\" readability=\"9\">\n<p dir=\"ltr\" class=\"bbc-bm53ic e1cc2ql70\">En 2011 los sirios comenzaron -inspirados por la Primavera \u00c1rabe- un levantamiento pac\u00edfico contra el presidente <b>Bashar al Asad<\/b> que r\u00e1pidamente tom\u00f3 un giro violento y acab\u00f3 convirti\u00e9ndose en una brutal y sangrienta guerra civil que ha arrastrado a potencias regionales e internacionales.<\/p>\n<\/div>\n<div dir=\"ltr\" class=\"bbc-19j92fr e57qer20\" readability=\"10\">\n<p dir=\"ltr\" class=\"bbc-bm53ic e1cc2ql70\">101 a\u00f1os despu\u00e9s, las consecuencias de la Conferencia de San Remo (y el subsiguiente reparto de Medio Oriente) se dejan ver a lo largo y ancho de lo que se ha convertido en una de las regiones m\u00e1s convulsas del mundo. <\/p>\n<\/div>\n<div dir=\"ltr\" class=\"bbc-1ka88fa e57qer20\">\n<figure class=\"bbc-1qdcvv9 e6bmn90\">\n<div dir=\"ltr\" class=\"bbc-172p16q e57qer20\">\n<div dir=\"ltr\" class=\"bbc-189y18v e57qer20\">\n<div data-e2e=\"image-placeholder\" class=\"bbc-367mqz e1whu0\"><noscript><img srcset=\"http:\/\/nuevacordoba.net\/wp-content\/uploads\/2021\/04\/medio-oriente-como-francia-y-reino-unido-se-repartieron-la-region-hace-un-siglo-56.jpg 240w, http:\/\/nuevacordoba.net\/wp-content\/uploads\/2021\/04\/medio-oriente-como-francia-y-reino-unido-se-repartieron-la-region-hace-un-siglo-57.jpg 320w, http:\/\/nuevacordoba.net\/wp-content\/uploads\/2021\/04\/medio-oriente-como-francia-y-reino-unido-se-repartieron-la-region-hace-un-siglo-58.jpg 464w\" alt=\"L\u00ednea\" src=\"http:\/\/nuevacordoba.net\/wp-content\/uploads\/2021\/04\/medio-oriente-como-francia-y-reino-unido-se-repartieron-la-region-hace-un-siglo-10.jpg\" width=\"464\" class=\"bbc-fat2bc e1enwo3v0\"><\/noscript><\/div>\n<\/div>\n<\/div>\n<\/figure>\n<\/div>\n<div dir=\"ltr\" class=\"bbc-19j92fr e57qer20\" readability=\"8\">\n<p dir=\"ltr\" class=\"bbc-bm53ic e1cc2ql70\"><i class=\"bbc-h1y5j7 ewc4zcb0\">Ahora puedes recibir notificaciones de BBC Mundo. Descarga la nueva versi\u00f3n de nuestra app y act\u00edvalas para no perderte nuestro mejor contenido.<\/i><\/p>\n<\/div>\n","protected":false},"excerpt":{"rendered":"<p>Norberto Paredes @norbertparedes BBC News Mundo 3 horas Fuente de la imagen, Getty Images Pie de foto, El brit\u00e1nico David Lloyd George, el franc\u00e9s Alexandre Millerand y el italiano Francesco Nitti lideraron la Conferencia de San Remo, en la que se oficializ\u00f3 el reparto de Medio Oriente. Una ma\u00f1ana de abril de 1920 Francia y [&hellip;]<\/p>\n","protected":false},"author":1,"featured_media":3635,"comment_status":"closed","ping_status":"closed","sticky":false,"template":"","format":"standard","meta":[],"categories":[13],"tags":[],"_links":{"self":[{"href":"http:\/\/nuevacordoba.net\/index.php\/wp-json\/wp\/v2\/posts\/3634"}],"collection":[{"href":"http:\/\/nuevacordoba.net\/index.php\/wp-json\/wp\/v2\/posts"}],"about":[{"href":"http:\/\/nuevacordoba.net\/index.php\/wp-json\/wp\/v2\/types\/post"}],"author":[{"embeddable":true,"href":"http:\/\/nuevacordoba.net\/index.php\/wp-json\/wp\/v2\/users\/1"}],"replies":[{"embeddable":true,"href":"http:\/\/nuevacordoba.net\/index.php\/wp-json\/wp\/v2\/comments?post=3634"}],"version-history":[{"count":0,"href":"http:\/\/nuevacordoba.net\/index.php\/wp-json\/wp\/v2\/posts\/3634\/revisions"}],"wp:featuredmedia":[{"embeddable":true,"href":"http:\/\/nuevacordoba.net\/index.php\/wp-json\/wp\/v2\/media\/3635"}],"wp:attachment":[{"href":"http:\/\/nuevacordoba.net\/index.php\/wp-json\/wp\/v2\/media?parent=3634"}],"wp:term":[{"taxonomy":"category","embeddable":true,"href":"http:\/\/nuevacordoba.net\/index.php\/wp-json\/wp\/v2\/categories?post=3634"},{"taxonomy":"post_tag","embeddable":true,"href":"http:\/\/nuevacordoba.net\/index.php\/wp-json\/wp\/v2\/tags?post=3634"}],"curies":[{"name":"wp","href":"https:\/\/api.w.org\/{rel}","templated":true}]}}