{"id":3636,"date":"2021-04-24T08:15:08","date_gmt":"2021-04-24T08:15:08","guid":{"rendered":"http:\/\/nuevacordoba.net\/index.php\/2021\/04\/24\/madrid-levantara-el-9-de-mayo-el-toque-de-queda-y-las-medidas-en-domicilios-y-bares\/"},"modified":"2021-04-24T08:15:08","modified_gmt":"2021-04-24T08:15:08","slug":"madrid-levantara-el-9-de-mayo-el-toque-de-queda-y-las-medidas-en-domicilios-y-bares","status":"publish","type":"post","link":"http:\/\/nuevacordoba.net\/index.php\/2021\/04\/24\/madrid-levantara-el-9-de-mayo-el-toque-de-queda-y-las-medidas-en-domicilios-y-bares\/","title":{"rendered":"Madrid levantar\u00e1 el 9 de mayo el toque de queda y las medidas en domicilios y bares"},"content":{"rendered":"<div class=\"image\" id=\"image\"> <img src=\"http:\/\/nuevacordoba.net\/wp-content\/uploads\/2021\/04\/madrid-levantara-el-9-de-mayo-el-toque-de-queda-y-las-medidas-en-domicilios-y-bares.jpg\" alt title><\/div>\n<p>La comunidad de Madrid anunci\u00f3 que mantendr\u00e1 las actuales restricciones generales contra el coronavirus hasta el 8 de mayo inclusive, que implican un toque de queda, la prohibici\u00f3n de reuniones en casas particulares por parte de no convivientes, las limitaciones en mesas de bares y restaurantes y la obligaci\u00f3n de llevar tapabocas en lugares p\u00fablicos.<\/p>\n<p>La medida, primero anunciada por la presidenta de la Comunidad de Madrid y candidata a la reelecci\u00f3n, Isabel D\u00edaz Ayuso, fue confirmada por el viceconsejero de Salud P\u00fablica y Plan Covid -19, Antonio Zapatero, inform\u00f3 la agencia Europa Press.<\/p>\n<p>Madrid terminar\u00e1 abril con 16 zonas y 3 municipios con cierre perimetral<\/p>\n<p>As\u00ed, hasta las 24 del 8 de mayo se mantendr\u00e1 el actual toque de queda entre las 23 y las 6.<\/p>\n<p>Tambi\u00e9n sigue prohibida la reuni\u00f3n en domicilios entre no convivientes salvo casos especiales, como el cuidado de dependientes.<\/p>\n<p>En la hoteler\u00eda existe la obligatoriedad de ventilar establecimientos y tener separadas las mesas, que pueden estar ocupadas con un m\u00e1ximo de seis personas en las terrazas y de cuatro en interiores. Los comensales deben tener puesta constantemente el tapabocas cuando no coman o beban.<\/p>\n<p>El Gobierno manifest\u00f3 su intenci\u00f3n de no prorrogar el estado de alarma. Tanto el Ejecutivo central como las Comunidades aut\u00f3nomas tienen que decidir en las pr\u00f3ximas semanas c\u00f3mo se podr\u00edan prorrogar las restricciones contra el coronavirus teniendo siempre el respaldo judicial si no hay estado de alarma.<\/p>\n<p>La comunidad de Madrid fue una de las m\u00e1s castigadas por la pandemia en Espa\u00f1a, donde los casos superan los 3,4 millones y los decesos son m\u00e1s de 77.000. <\/p>\n","protected":false},"excerpt":{"rendered":"<p>La comunidad de Madrid anunci\u00f3 que mantendr\u00e1 las actuales restricciones generales contra el coronavirus hasta el 8 de mayo inclusive, que implican un toque de queda, la prohibici\u00f3n de reuniones en casas particulares por parte de no convivientes, las limitaciones en mesas de bares y restaurantes y la obligaci\u00f3n de llevar tapabocas en lugares p\u00fablicos. [&hellip;]<\/p>\n","protected":false},"author":1,"featured_media":3637,"comment_status":"closed","ping_status":"closed","sticky":false,"template":"","format":"standard","meta":[],"categories":[13],"tags":[],"_links":{"self":[{"href":"http:\/\/nuevacordoba.net\/index.php\/wp-json\/wp\/v2\/posts\/3636"}],"collection":[{"href":"http:\/\/nuevacordoba.net\/index.php\/wp-json\/wp\/v2\/posts"}],"about":[{"href":"http:\/\/nuevacordoba.net\/index.php\/wp-json\/wp\/v2\/types\/post"}],"author":[{"embeddable":true,"href":"http:\/\/nuevacordoba.net\/index.php\/wp-json\/wp\/v2\/users\/1"}],"replies":[{"embeddable":true,"href":"http:\/\/nuevacordoba.net\/index.php\/wp-json\/wp\/v2\/comments?post=3636"}],"version-history":[{"count":0,"href":"http:\/\/nuevacordoba.net\/index.php\/wp-json\/wp\/v2\/posts\/3636\/revisions"}],"wp:featuredmedia":[{"embeddable":true,"href":"http:\/\/nuevacordoba.net\/index.php\/wp-json\/wp\/v2\/media\/3637"}],"wp:attachment":[{"href":"http:\/\/nuevacordoba.net\/index.php\/wp-json\/wp\/v2\/media?parent=3636"}],"wp:term":[{"taxonomy":"category","embeddable":true,"href":"http:\/\/nuevacordoba.net\/index.php\/wp-json\/wp\/v2\/categories?post=3636"},{"taxonomy":"post_tag","embeddable":true,"href":"http:\/\/nuevacordoba.net\/index.php\/wp-json\/wp\/v2\/tags?post=3636"}],"curies":[{"name":"wp","href":"https:\/\/api.w.org\/{rel}","templated":true}]}}