{"id":3666,"date":"2021-04-24T10:08:56","date_gmt":"2021-04-24T10:08:56","guid":{"rendered":"http:\/\/nuevacordoba.net\/index.php\/2021\/04\/24\/el-juez-confirmo-que-ferrer-ira-al-comite-nacional-y-de-loredo-sera-secretario\/"},"modified":"2021-04-24T10:08:56","modified_gmt":"2021-04-24T10:08:56","slug":"el-juez-confirmo-que-ferrer-ira-al-comite-nacional-y-de-loredo-sera-secretario","status":"publish","type":"post","link":"http:\/\/nuevacordoba.net\/index.php\/2021\/04\/24\/el-juez-confirmo-que-ferrer-ira-al-comite-nacional-y-de-loredo-sera-secretario\/","title":{"rendered":"El juez confirm\u00f3 que Ferrer ir\u00e1 al Comit\u00e9 Nacional y De Loredo ser\u00e1 secretario"},"content":{"rendered":"<div><img src=\"http:\/\/nuevacordoba.net\/wp-content\/uploads\/2021\/04\/el-juez-confirmo-que-ferrer-ira-al-comite-nacional-y-de-loredo-sera-secretario.jpg\" class=\"ff-og-image-inserted\"><\/div>\n<p>El juez federal con competencia electoral, Ricardo Bustos Fierro, modific\u00f3 el criterio aplicado por la Junta Electoral partidaria y redistribuy\u00f3 las cuatro sillas que el radicalismo de C\u00f3rdoba tiene en el Comit\u00e9 Nacional. Esto permitir\u00e1 que Marcos Ferrer, el intendente de R\u00edo Tercero, se siente en el cen\u00e1culo nacional como representante de Sumar. Fue desplazado hasta la primera suplencia Luis Caroni, dirigente del espacio de Mario Negri. As\u00ed, los delegados nacionales ser\u00e1 Ram\u00f3n Mestre, Ferrer, Soledad Carrizo y Sof\u00eda Aguad (Sumar).<\/p>\n<p>Al mismo tiempo, Bustos Fierro convalid\u00f3 el criterio de distribuci\u00f3n de cargos en el Comit\u00e9 Provincia a trav\u00e9s del sistema D\u2019Hondt, lo que confirm\u00f3 a Rodrigo de Loredo como primer secretario del partido. El juez rechaz\u00f3 la pretensi\u00f3n del candidato a presidir el radicalismo por Sumar, quien buscaba sentarse en el triunvirato conductor. De esta manera, Marcos Carasso fue confirmado presidente del radicalismo, secundado por Liliana Ruetch y Roberto Lucas, los tres de Convergencia.<\/p>\n<p>Este criterio se replic\u00f3 en los cargos del Comit\u00e9 Capital, que ser\u00e1 presidido por Diego Mestre, quien estar\u00e1 secundado por H\u00e9ctor Carranza y Guadalupe Mias; mientras que Javier Bee Sellares, el candidato de Sumar, fue proclamado primer secretario.<\/p>\n<h4 class>Reto<\/h4>\n<p>Bustos Fierro dedic\u00f3 serios cuestionamientos al proceso interno, al que defini\u00f3 como \u201csinuoso y plagado de acusaciones cruzadas\u201d, con \u201cextensas presentaciones\u201d y planteos \u201cabstractos\u201d en los que sobresalieron las imprecisiones y el \u201ccorte-pegue\u201d; al punto que, remarc\u00f3 el magistrado, la judicializaci\u00f3n de los comicios puso en jaque el funcionamiento de la Secretar\u00eda Electoral.<\/p>\n<p>Al momento de destacar la \u201csorpresa\u201d por \u201cel tenor de las presentaciones y apelaciones\u201d, Bustos Fierro se\u00f1al\u00f3 que \u201ctodo el camino transitado desde el llamado a elecciones fue sinuoso, plagado de acusaciones cruzadas que traspasaba con creces la pretensi\u00f3n o el intento de defender aquellos derechos que se consideraban conculcados, puesto que en cada presentaci\u00f3n no s\u00f3lo se solicitaba una revisi\u00f3n de las decisiones tomadas por la Junta Electoral Partidaria, sino que adem\u00e1s se pretend\u00eda \u2018demostrar\u2019 que el candidato de la otra lista interna utilizaba t\u00e1cticas o pr\u00e1cticas espurias para conseguir su objetivo\u201d.<\/p>\n<p>\u201cA tal punto lleg\u00f3 esa inquina, que incluso ambas alianzas pusieron en duda la imparcialidad del tribunal\u201d, dijo Bustos Fierro. \u201cEl tiempo material con que se contaba para resolver todas las extensas presentaciones realizadas implicaba un trabajo intelectual de importancia, que incluso necesit\u00f3 de una audiencia que permitiese comprender el modo en que se estaba desarrollando el proceso electoral\u201d, record\u00f3.<\/p>\n<p>Sin medias tintas, Bustos Fierro reproch\u00f3 a los apoderados de las listas, que llegaron a \u201cexpresar sin eufemismos que las decisiones eran tomadas por una Junta electoral \u2018mayoritaria\u2019, como si existiese otra\u2019 junta electoral \u2018minoritaria\u2019, argumento que s\u00f3lo agrega un tinte de agresividad innecesaria y est\u00e9ril, creando en el juzgador un estado intelectual de estupor y particular inquietud\u201d.<\/p>\n<p>Para destacar la desubicaci\u00f3n de los radicales, Bustos Fierro se\u00f1al\u00f3 que \u201cla Secretar\u00eda Electoral se encuentra trabajando con personal reducido por la pandemia, y encontr\u00e1ndonos a escasos meses de las elecciones Paso, implic\u00f3 poner a disposici\u00f3n de la UCR casi la totalidad de los recursos, raz\u00f3n por la cual, si este tipo de procesos se replicase, ser\u00eda casi imposible que la Secretar\u00eda Electoral realice su trabajo\u201d.<\/p>\n<p><strong>Escrutinio.<\/strong> Marcos Carasso cosech\u00f3 18.117 votos contra los 17.061 de Rodrigo de Loredo. En el tramo nacional, Mestre tuvo 18.399 votos, mientras Marcos Ferrer logr\u00f3 16.755. En Capital, Diego Mestre sac\u00f3 6.032 votos y Javier Bee Sellares, 5.593.<\/p>\n","protected":false},"excerpt":{"rendered":"<p>El juez federal con competencia electoral, Ricardo Bustos Fierro, modific\u00f3 el criterio aplicado por la Junta Electoral partidaria y redistribuy\u00f3 las cuatro sillas que el radicalismo de C\u00f3rdoba tiene en el Comit\u00e9 Nacional. Esto permitir\u00e1 que Marcos Ferrer, el intendente de R\u00edo Tercero, se siente en el cen\u00e1culo nacional como representante de Sumar. Fue desplazado [&hellip;]<\/p>\n","protected":false},"author":1,"featured_media":3667,"comment_status":"closed","ping_status":"closed","sticky":false,"template":"","format":"standard","meta":[],"categories":[12],"tags":[],"_links":{"self":[{"href":"http:\/\/nuevacordoba.net\/index.php\/wp-json\/wp\/v2\/posts\/3666"}],"collection":[{"href":"http:\/\/nuevacordoba.net\/index.php\/wp-json\/wp\/v2\/posts"}],"about":[{"href":"http:\/\/nuevacordoba.net\/index.php\/wp-json\/wp\/v2\/types\/post"}],"author":[{"embeddable":true,"href":"http:\/\/nuevacordoba.net\/index.php\/wp-json\/wp\/v2\/users\/1"}],"replies":[{"embeddable":true,"href":"http:\/\/nuevacordoba.net\/index.php\/wp-json\/wp\/v2\/comments?post=3666"}],"version-history":[{"count":0,"href":"http:\/\/nuevacordoba.net\/index.php\/wp-json\/wp\/v2\/posts\/3666\/revisions"}],"wp:featuredmedia":[{"embeddable":true,"href":"http:\/\/nuevacordoba.net\/index.php\/wp-json\/wp\/v2\/media\/3667"}],"wp:attachment":[{"href":"http:\/\/nuevacordoba.net\/index.php\/wp-json\/wp\/v2\/media?parent=3666"}],"wp:term":[{"taxonomy":"category","embeddable":true,"href":"http:\/\/nuevacordoba.net\/index.php\/wp-json\/wp\/v2\/categories?post=3666"},{"taxonomy":"post_tag","embeddable":true,"href":"http:\/\/nuevacordoba.net\/index.php\/wp-json\/wp\/v2\/tags?post=3666"}],"curies":[{"name":"wp","href":"https:\/\/api.w.org\/{rel}","templated":true}]}}