{"id":36666,"date":"2023-09-17T19:56:00","date_gmt":"2023-09-17T19:56:00","guid":{"rendered":"https:\/\/prensa.cba.gov.ar\/?p=568348"},"modified":"2023-09-17T19:56:00","modified_gmt":"2023-09-17T19:56:00","slug":"la-senaf-se-prepara-para-celebrar-la-llegada-de-la-primavera","status":"publish","type":"post","link":"http:\/\/nuevacordoba.net\/index.php\/2023\/09\/17\/la-senaf-se-prepara-para-celebrar-la-llegada-de-la-primavera\/","title":{"rendered":"La SeNAF se prepara para celebrar la llegada de la Primavera"},"content":{"rendered":"<ul>\n<li><strong>La semana pr\u00f3xima se desarrollar\u00e1n actividades recreativas organizadas por la Secretar\u00eda de Ni\u00f1ez, Adolescencia y Familia.<\/strong><\/li>\n<li><strong>El mi\u00e9rcoles 20, chicas y chicos de las residencias, de las Ogas, y de los programas Casas Abiertas y Familias para Familias compartir\u00e1n una funci\u00f3n en el Teatro Real.<\/strong><\/li>\n<li><strong>El viernes 22, en tanto, se realizar\u00e1 una Kerm\u00e9s en el Espacio Joven a partir de las 18.<\/strong><\/li>\n<\/ul>\n<p>La Secretar\u00eda de Ni\u00f1ez, Adolescencia y Familia (SeNAF) se prepara para celebrar junto a los ni\u00f1os, ni\u00f1as y adolescentes la llegada de la Primavera y el D\u00eda del Estudiante. Para eso se han organizado una serie de actividades que se desarrollar\u00e1n la semana pr\u00f3xima.<\/p>\n<h3 class=\"wp-block-heading\"><strong>Salida al teatro<\/strong><\/h3>\n<p>Cerca de 400 chicos y chicas de las residencias, las Ogas y de los programas Casas Abiertas y Familias para Familias que funcionan bajo la \u00f3rbita de la SeNAF compartir\u00e1n el pr\u00f3ximo mi\u00e9rcoles 20 una funci\u00f3n exclusiva en el Teatro Real.<\/p>\n<p>La sala estar\u00e1 habilitada s\u00f3lo para NNyA de estos espacios, quienes disfrutar\u00e1n de la obra \u201cCircoman\u00eda, el ca\u00f3tico encanto de un circo sin magia\u201d.<\/p>\n<p>A trav\u00e9s del humor, la puesta narra la historia de un grupo de artistas, m\u00fasicos, cantantes, un sindicato de payasos y un mago al que no le salen los trucos y que luchan por mantener viva la esencia del circo. Participan de este espect\u00e1culo la Comedia Infanto Juvenil, la Orquesta Sinf\u00f3nica de C\u00f3rdoba y el Coro del Seminario de Canto, bajo la direcci\u00f3n general de Mart\u00edn Gaet\u00e1n, la direcci\u00f3n musical de Andr\u00e9s Acosta y la direcci\u00f3n art\u00edstica del Coro de Mat\u00edas Saccone.&nbsp;<\/p>\n<figure class=\"wp-block-gallery has-nested-images columns-default is-cropped wp-block-gallery-1 is-layout-flex\">\n<figure class=\"wp-block-image size-large\"><a href=\"http:\/\/nuevacordoba.net\/wp-content\/uploads\/2023\/09\/la-senaf-se-prepara-para-celebrar-la-llegada-de-la-primavera.jpg\"><img decoding=\"async\" loading=\"lazy\" width=\"990\" height=\"660\" data-id=\"568352\" src=\"http:\/\/nuevacordoba.net\/wp-content\/uploads\/2023\/09\/la-senaf-se-prepara-para-celebrar-la-llegada-de-la-primavera.jpg\" alt class=\"wp-image-568352\"><\/a><\/figure>\n<figure class=\"wp-block-image size-large\"><a href=\"http:\/\/nuevacordoba.net\/wp-content\/uploads\/2023\/09\/la-senaf-se-prepara-para-celebrar-la-llegada-de-la-primavera-1.jpg\"><img decoding=\"async\" loading=\"lazy\" width=\"990\" height=\"660\" data-id=\"568353\" src=\"http:\/\/nuevacordoba.net\/wp-content\/uploads\/2023\/09\/la-senaf-se-prepara-para-celebrar-la-llegada-de-la-primavera-1.jpg\" alt class=\"wp-image-568353\"><\/a><\/figure>\n<\/figure>\n<p><strong>Kerm\u00e9s Joven<\/strong><\/p>\n<p>Por otra parte, los adolescentes y j\u00f3venes podr\u00e1n celebrar la llegada de la nueva estaci\u00f3n y el D\u00eda del Estudiante con una gran kerm\u00e9s que tendr\u00e1 lugar el viernes 22 de septiembre, de 18 a 22, en las instalaciones del Espacio Joven de la SeNAF, ubicado en Bv. Illia 238.<\/p>\n<p>Habr\u00e1 m\u00fasica, baile, juegos, un espacio de arte cooperativo, proyecci\u00f3n de cortos de cine, torneos de ping pong, metegol y ajedrez, y un bingo musical, entre muchas otras propuestas.<\/p>\n<p>Adem\u00e1s se realizar\u00e1 un concurso de talento al que los participantes podr\u00e1n apuntarse con coreograf\u00edas, canciones o alg\u00fan show especial.<\/p>\n<p>Se contar\u00e1 con una feria de platos y diferentes espacios habilitados para compartir y disfrutar. Quienes est\u00e9n interesados en asistir deber\u00e1n inscribirse al 351 4021384.<\/p>\n<figure class=\"wp-block-gallery has-nested-images columns-default is-cropped wp-block-gallery-3 is-layout-flex\">\n<figure class=\"wp-block-image size-large\"><a href=\"http:\/\/nuevacordoba.net\/wp-content\/uploads\/2023\/09\/la-senaf-se-prepara-para-celebrar-la-llegada-de-la-primavera-2.jpg\"><img decoding=\"async\" loading=\"lazy\" width=\"990\" height=\"660\" data-id=\"568355\" src=\"http:\/\/nuevacordoba.net\/wp-content\/uploads\/2023\/09\/la-senaf-se-prepara-para-celebrar-la-llegada-de-la-primavera-2.jpg\" alt class=\"wp-image-568355\"><\/a><\/figure>\n<figure class=\"wp-block-image size-large\"><a href=\"http:\/\/nuevacordoba.net\/wp-content\/uploads\/2023\/09\/la-senaf-se-prepara-para-celebrar-la-llegada-de-la-primavera-3.jpg\"><img decoding=\"async\" loading=\"lazy\" width=\"990\" height=\"660\" data-id=\"568356\" src=\"http:\/\/nuevacordoba.net\/wp-content\/uploads\/2023\/09\/la-senaf-se-prepara-para-celebrar-la-llegada-de-la-primavera-3.jpg\" alt class=\"wp-image-568356\"><\/a><\/figure>\n<\/figure>\n","protected":false},"excerpt":{"rendered":"<p>La semana pr\u00f3xima se desarrollar\u00e1n actividades recreativas organizadas por la Secretar\u00eda de Ni\u00f1ez, Adolescencia y Familia. El mi\u00e9rcoles 20, chicas y chicos de las residencias, de las Ogas, y de los programas Casas Abiertas y Familias para Familias compartir\u00e1n una funci\u00f3n en el Teatro Real. El viernes 22, en tanto, se realizar\u00e1 una Kerm\u00e9s en [&hellip;]<\/p>\n","protected":false},"author":1,"featured_media":36667,"comment_status":"closed","ping_status":"closed","sticky":false,"template":"","format":"standard","meta":[],"categories":[14],"tags":[],"_links":{"self":[{"href":"http:\/\/nuevacordoba.net\/index.php\/wp-json\/wp\/v2\/posts\/36666"}],"collection":[{"href":"http:\/\/nuevacordoba.net\/index.php\/wp-json\/wp\/v2\/posts"}],"about":[{"href":"http:\/\/nuevacordoba.net\/index.php\/wp-json\/wp\/v2\/types\/post"}],"author":[{"embeddable":true,"href":"http:\/\/nuevacordoba.net\/index.php\/wp-json\/wp\/v2\/users\/1"}],"replies":[{"embeddable":true,"href":"http:\/\/nuevacordoba.net\/index.php\/wp-json\/wp\/v2\/comments?post=36666"}],"version-history":[{"count":0,"href":"http:\/\/nuevacordoba.net\/index.php\/wp-json\/wp\/v2\/posts\/36666\/revisions"}],"wp:featuredmedia":[{"embeddable":true,"href":"http:\/\/nuevacordoba.net\/index.php\/wp-json\/wp\/v2\/media\/36667"}],"wp:attachment":[{"href":"http:\/\/nuevacordoba.net\/index.php\/wp-json\/wp\/v2\/media?parent=36666"}],"wp:term":[{"taxonomy":"category","embeddable":true,"href":"http:\/\/nuevacordoba.net\/index.php\/wp-json\/wp\/v2\/categories?post=36666"},{"taxonomy":"post_tag","embeddable":true,"href":"http:\/\/nuevacordoba.net\/index.php\/wp-json\/wp\/v2\/tags?post=36666"}],"curies":[{"name":"wp","href":"https:\/\/api.w.org\/{rel}","templated":true}]}}