{"id":3704,"date":"2021-04-23T14:26:47","date_gmt":"2021-04-23T14:26:47","guid":{"rendered":"https:\/\/puntoapunto.com.ar\/?p=276556"},"modified":"2021-04-23T14:26:47","modified_gmt":"2021-04-23T14:26:47","slug":"la-actividad-economica-bajo-26-durante-febrero-y-24-en-el-primer-bimestre-del-ano","status":"publish","type":"post","link":"http:\/\/nuevacordoba.net\/index.php\/2021\/04\/23\/la-actividad-economica-bajo-26-durante-febrero-y-24-en-el-primer-bimestre-del-ano\/","title":{"rendered":"La actividad econ\u00f3mica baj\u00f3 2,6% durante febrero y 2,4% en el primer bimestre del a\u00f1o"},"content":{"rendered":"<p><!-- image --><\/p>\n<div class=\"td-post-featured-image\"><a href=\"http:\/\/nuevacordoba.net\/wp-content\/uploads\/2021\/04\/la-actividad-economica-bajo-26-durante-febrero-y-24-en-el-primer-bimestre-del-ano.jpg\" data-caption><img loading=\"lazy\" width=\"611\" height=\"308\" class=\"entry-thumb td-modal-image\" src=\"http:\/\/nuevacordoba.net\/wp-content\/uploads\/2021\/04\/la-actividad-economica-bajo-26-durante-febrero-y-24-en-el-primer-bimestre-del-ano.jpg\" srcset=\"http:\/\/nuevacordoba.net\/wp-content\/uploads\/2021\/04\/la-actividad-economica-bajo-26-durante-febrero-y-24-en-el-primer-bimestre-del-ano.jpg 611w, http:\/\/nuevacordoba.net\/wp-content\/uploads\/2021\/04\/la-actividad-economica-bajo-26-durante-febrero-y-24-en-el-primer-bimestre-del-ano-1.jpg 300w\" sizes=\"(max-width: 611px) 100vw, 611px\" alt title=\"ventas minoristas\"><\/a><\/div>\n<p> <!-- content --><\/p>\n<div class=\"td-a-rec td-a-rec-id-content_top tdi_66_073 td_block_template_10\">\n<div class=\"g g-34\">\n<div class=\"g-single a-299\"><a class=\"gofollow\" data-track=\"Mjk5LDM0LDEsNjA=\" href=\"http:\/\/www.grupocanter.com.ar\/landing\/blanqueo\/pap\/?utm_source=Punto%20a%20Punto&amp;utm_medium=Banners&amp;utm_campaign=Blanqueo&amp;utm_term=950x187\"><img src=\"http:\/\/nuevacordoba.net\/wp-content\/uploads\/2021\/04\/la-actividad-economica-bajo-26-durante-febrero-y-24-en-el-primer-bimestre-del-ano.gif\"><\/a><\/div>\n<\/div>\n<\/div>\n<p>De <a href=\"https:\/\/puntoapunto.com.ar\/tag\/acuerdo\/\" class=\"st_tag internal_tag\" rel=\"tag\" title=\"Posts tagged with Acuerdo\">acuerdo<\/a> con estimaciones de INDEC, la actividad econ\u00f3mica baj\u00f3 en febrero 2,6% en relaci\u00f3n a igual mes del a\u00f1o pasado y 1% en comparaci\u00f3n a enero.<\/p>\n<p>De esta manera, el <a href=\"https:\/\/www.indec.gob.ar\/uploads\/informesdeprensa\/emae_04_215053D29E10.pdf\">Estimador Mensual de Actividad Econ\u00f3mica<\/a> (EMAE) se retrajo 2,4% en el primer bimestre del a\u00f1o, inform\u00f3 el organismo. Adem\u00e1s, la baja del 1% mensual en la serie sin estacionalidad result\u00f3 la primera desde mayo de 2020.<\/p>\n<p><strong>Los sectores que crecieron<\/strong><\/p>\n<p>Por sector de actividad, en febrero crecieron de forma interanual seis sectores, entre los cuales lider\u00f3 el crecimiento la Construcci\u00f3n con una suba de 11,7% interanual, seguido del 3,5% en Intermediaci\u00f3n Financiera, 3,4% en Comercio, y 1,6% en Industria.<\/p>\n<p>Este \u00faltimo present\u00f3 un menor crecimiento debido a varias paradas de planta programadas en el mes.<\/p>\n<p>Tambi\u00e9n creci\u00f3 el sector Agropecuario, con el 0,7% interanual; y <a href=\"https:\/\/puntoapunto.com.ar\/tag\/actividades\/\" class=\"st_tag internal_tag\" rel=\"tag\" title=\"Posts tagged with actividades\">Actividades<\/a> Inmobiliarias, empresariales y de alquiler 1 % interanual, con el segundo incremento tras once meses en baja.<\/p>\n<h5 class=\"auth\"><strong>Los sectores con retracciones<\/strong><\/h5>\n<p>Como en meses anteriores, las mayores retracciones se dieron en Hoteles y Restaurantes, con el 38,2% interanual, y \u201cOtras actividades de servicios\u201d 17,7%, ambas actividades afectadas por la pandemia.<\/p>\n<p>Otros rubros que bajaron fueron Minas y canteras con el 9,8% interanual; Electricidad, Gas y Agua, 8,7%; Administraci\u00f3n P\u00fablica, 5,4%; Ense\u00f1anza 3,3; y Salud 0,7%.<\/p>\n<p>No tags for this post. <!-- A generated by theme --> <!-- end A --> <\/p>\n","protected":false},"excerpt":{"rendered":"<p>De acuerdo con estimaciones de INDEC, la actividad econ\u00f3mica baj\u00f3 en febrero 2,6% en relaci\u00f3n a igual mes del a\u00f1o pasado y 1% en comparaci\u00f3n a enero. De esta manera, el Estimador Mensual de Actividad Econ\u00f3mica (EMAE) se retrajo 2,4% en el primer bimestre del a\u00f1o, inform\u00f3 el organismo. Adem\u00e1s, la baja del 1% mensual [&hellip;]<\/p>\n","protected":false},"author":1,"featured_media":3705,"comment_status":"open","ping_status":"closed","sticky":false,"template":"","format":"standard","meta":[],"categories":[14],"tags":[],"_links":{"self":[{"href":"http:\/\/nuevacordoba.net\/index.php\/wp-json\/wp\/v2\/posts\/3704"}],"collection":[{"href":"http:\/\/nuevacordoba.net\/index.php\/wp-json\/wp\/v2\/posts"}],"about":[{"href":"http:\/\/nuevacordoba.net\/index.php\/wp-json\/wp\/v2\/types\/post"}],"author":[{"embeddable":true,"href":"http:\/\/nuevacordoba.net\/index.php\/wp-json\/wp\/v2\/users\/1"}],"replies":[{"embeddable":true,"href":"http:\/\/nuevacordoba.net\/index.php\/wp-json\/wp\/v2\/comments?post=3704"}],"version-history":[{"count":0,"href":"http:\/\/nuevacordoba.net\/index.php\/wp-json\/wp\/v2\/posts\/3704\/revisions"}],"wp:featuredmedia":[{"embeddable":true,"href":"http:\/\/nuevacordoba.net\/index.php\/wp-json\/wp\/v2\/media\/3705"}],"wp:attachment":[{"href":"http:\/\/nuevacordoba.net\/index.php\/wp-json\/wp\/v2\/media?parent=3704"}],"wp:term":[{"taxonomy":"category","embeddable":true,"href":"http:\/\/nuevacordoba.net\/index.php\/wp-json\/wp\/v2\/categories?post=3704"},{"taxonomy":"post_tag","embeddable":true,"href":"http:\/\/nuevacordoba.net\/index.php\/wp-json\/wp\/v2\/tags?post=3704"}],"curies":[{"name":"wp","href":"https:\/\/api.w.org\/{rel}","templated":true}]}}